{"id":56110,"date":"2016-10-19T09:58:53","date_gmt":"2016-10-19T12:58:53","guid":{"rendered":"http:\/\/www.hoymercedes.com.ar\/principal\/?p=56110"},"modified":"2016-10-19T09:58:53","modified_gmt":"2016-10-19T12:58:53","slug":"las-internas-celebraron-el-dia-de-la-madre","status":"publish","type":"post","link":"https:\/\/www.hoymercedes.com.ar\/principal\/2016\/10\/19\/las-internas-celebraron-el-dia-de-la-madre\/","title":{"rendered":"Las internas celebraron el D\u00eda de la Madre"},"content":{"rendered":"<p>En el Anexo femenino de la Unidad Penitenciaria N\u00ba 5, donde se encuentran alojadas las mujeres privadas de la libertad, muchas de ellas madres, se les organiz\u00f3 una serie de actividades para que puedan tener un d\u00eda distinto y m\u00e1s ameno, ya que las fechas como estas, suelen ser momentos muy tristes y agobiantes para ellas.<\/p>\n<p>Con importantes tortas, decoradas para la ocasi\u00f3n, m\u00fasica en vivo, con la visita del cantante mercedino Lucas Maidana, el baile a cargo de Carolina Galeano, que\u00a0acompa\u00f1\u00f3 y particip\u00f3 junto \u00a0a Maidana de la celebraci\u00f3n.\u00a0Por \u00faltimo las internas participaron, de manera muy activa, de las canciones de karaoke.<\/p>\n<p>&nbsp;<\/p>\n<p>Fuente: Prensa Unidad 5<\/p>\n","protected":false},"excerpt":{"rendered":"<p>En el Anexo femenino de la Unidad Penitenciaria N\u00ba 5, donde se encuentran alojadas las mujeres privadas de la libertad, &#8230; <a title=\"Las internas celebraron el D\u00eda de la Madre\" class=\"read-more\" href=\"https:\/\/www.hoymercedes.com.ar\/principal\/2016\/10\/19\/las-internas-celebraron-el-dia-de-la-madre\/\" aria-label=\"Leer m\u00e1s sobre Las internas celebraron el D\u00eda de la Madre\">Leer m\u00e1s<\/a><\/p>\n","protected":false},"author":1,"featured_media":56111,"comment_status":"open","ping_status":"open","sticky":false,"template":"","format":"standard","meta":{"_monsterinsights_skip_tracking":false,"_monsterinsights_sitenote_active":false,"_monsterinsights_sitenote_note":"","_monsterinsights_sitenote_category":0,"jetpack_post_was_ever_published":false,"_jetpack_newsletter_access":"","_jetpack_dont_email_post_to_subs":false,"_jetpack_newsletter_tier_id":0,"_jetpack_memberships_contains_paywalled_content":false,"_jetpack_memberships_contains_paid_content":false,"footnotes":"","jetpack_publicize_message":"","jetpack_publicize_feature_enabled":true,"jetpack_social_post_already_shared":true,"jetpack_social_options":{"image_generator_settings":{"template":"highway","default_image_id":0,"font":"","enabled":false},"version":2},"_wpas_customize_per_network":false},"categories":[5485],"tags":[10122,113],"class_list":["post-56110","post","type-post","status-publish","format-standard","has-post-thumbnail","hentry","category-comunidad","tag-dia-de-la-madre","tag-unidad-5","generate-columns","tablet-grid-50","mobile-grid-100","grid-parent","grid-50"],"jetpack_publicize_connections":[],"jetpack_featured_media_url":"https:\/\/www.hoymercedes.com.ar\/principal\/wp-content\/uploads\/2016\/10\/19-carcel-madre.jpg","wps_subtitle":"En la Unidad N\u00aa 5","jetpack_sharing_enabled":true,"_links":{"self":[{"href":"https:\/\/www.hoymercedes.com.ar\/principal\/wp-json\/wp\/v2\/posts\/56110","targetHints":{"allow":["GET"]}}],"collection":[{"href":"https:\/\/www.hoymercedes.com.ar\/principal\/wp-json\/wp\/v2\/posts"}],"about":[{"href":"https:\/\/www.hoymercedes.com.ar\/principal\/wp-json\/wp\/v2\/types\/post"}],"author":[{"embeddable":true,"href":"https:\/\/www.hoymercedes.com.ar\/principal\/wp-json\/wp\/v2\/users\/1"}],"replies":[{"embeddable":true,"href":"https:\/\/www.hoymercedes.com.ar\/principal\/wp-json\/wp\/v2\/comments?post=56110"}],"version-history":[{"count":0,"href":"https:\/\/www.hoymercedes.com.ar\/principal\/wp-json\/wp\/v2\/posts\/56110\/revisions"}],"wp:featuredmedia":[{"embeddable":true,"href":"https:\/\/www.hoymercedes.com.ar\/principal\/wp-json\/wp\/v2\/media\/56111"}],"wp:attachment":[{"href":"https:\/\/www.hoymercedes.com.ar\/principal\/wp-json\/wp\/v2\/media?parent=56110"}],"wp:term":[{"taxonomy":"category","embeddable":true,"href":"https:\/\/www.hoymercedes.com.ar\/principal\/wp-json\/wp\/v2\/categories?post=56110"},{"taxonomy":"post_tag","embeddable":true,"href":"https:\/\/www.hoymercedes.com.ar\/principal\/wp-json\/wp\/v2\/tags?post=56110"}],"curies":[{"name":"wp","href":"https:\/\/api.w.org\/{rel}","templated":true}]}}