{"id":56119,"date":"2016-10-20T09:22:03","date_gmt":"2016-10-20T12:22:03","guid":{"rendered":"http:\/\/www.hoymercedes.com.ar\/principal\/?p=56119"},"modified":"2016-10-20T09:24:14","modified_gmt":"2016-10-20T12:24:14","slug":"inauguraron-peluqueria-en-el-anexo-femenino-de-la-carcel","status":"publish","type":"post","link":"https:\/\/www.hoymercedes.com.ar\/principal\/2016\/10\/20\/inauguraron-peluqueria-en-el-anexo-femenino-de-la-carcel\/","title":{"rendered":"Inauguraron peluquer\u00eda en el Anexo Femenino de la c\u00e1rcel"},"content":{"rendered":"<p>El pasado lunes, en el Anexo femenino, que tiene la Unidad 5 de Mercedes, para albergar a mujeres detenidas, se inaugur\u00f3 un sector destinado y ambientado para peluquer\u00eda.<\/p>\n<p>Con la presencia de el Juez de Ejecuci\u00f3n N\u00ba 2 departamental, Dr. Ricardo Oliveira Bucarini, el Director de la Unidad Adolfo Cersosimo, la Secretar\u00eda de la Defensor\u00eda Oficial , Dra.\u00a0Florencia Vani,\u00a0el Presidente de la ONG \u201cNosotros te acompa\u00f1amos\u201d Walter Flores, el Subdirector de Seguridad Ricardo M\u00e9ndez, la Jefa del Anexo Femenino Ver\u00f3nica\u00a0Vanin,\u00a0quienes fueron motores de este nuevo emprendimiento.<\/p>\n<p>A trav\u00e9s de donaciones realizadas por la cadena de perfumer\u00edas Las Margaritas, conseguida por la ONG , elementos acercados por los Jueces de Ejecuci\u00f3n locales, y espejos y dem\u00e1s materiales aportados por la Unidad Penitenciaria N\u00ba 5 , \u00a0el lugar es una verdadera peluquer\u00eda en la cual van a poder aprender el oficio y desarrollarlo las que ya lo saben.<\/p>\n<p><img loading=\"lazy\" decoding=\"async\" data-attachment-id=\"56140\" data-permalink=\"https:\/\/www.hoymercedes.com.ar\/principal\/2016\/10\/20\/inauguraron-peluqueria-en-el-anexo-femenino-de-la-carcel\/20-peluqueria-carcel\/#main\" data-orig-file=\"https:\/\/www.hoymercedes.com.ar\/principal\/wp-content\/uploads\/2016\/10\/20-peluquer\u00eda-carcel.jpg\" data-orig-size=\"630,354\" data-comments-opened=\"1\" data-image-meta=\"{&quot;aperture&quot;:&quot;0&quot;,&quot;credit&quot;:&quot;&quot;,&quot;camera&quot;:&quot;&quot;,&quot;caption&quot;:&quot;&quot;,&quot;created_timestamp&quot;:&quot;0&quot;,&quot;copyright&quot;:&quot;&quot;,&quot;focal_length&quot;:&quot;0&quot;,&quot;iso&quot;:&quot;0&quot;,&quot;shutter_speed&quot;:&quot;0&quot;,&quot;title&quot;:&quot;&quot;,&quot;orientation&quot;:&quot;0&quot;}\" data-image-title=\"20-peluqueria-carcel\" data-image-description=\"\" data-image-caption=\"\" data-large-file=\"https:\/\/www.hoymercedes.com.ar\/principal\/wp-content\/uploads\/2016\/10\/20-peluquer\u00eda-carcel.jpg\" class=\"aligncenter size-medium wp-image-56140\" src=\"https:\/\/www.hoymercedes.com.ar\/principal\/wp-content\/uploads\/2016\/10\/20-peluquer\u00eda-carcel-630x354.jpg\" alt=\"20-peluqueria-carcel\" width=\"630\" height=\"354\" srcset=\"https:\/\/www.hoymercedes.com.ar\/principal\/wp-content\/uploads\/2016\/10\/20-peluquer\u00eda-carcel.jpg 630w, https:\/\/www.hoymercedes.com.ar\/principal\/wp-content\/uploads\/2016\/10\/20-peluquer\u00eda-carcel-150x84.jpg 150w\" sizes=\"auto, (max-width: 630px) 100vw, 630px\" \/><\/p>\n<p>Por otra parte la capacitaci\u00f3n la est\u00e1 brindando de manera desinteresada la reconocida peluquera de nuestra ciudad Griselda Smith, que viene a ense\u00f1arles a las internas de las t\u00e9cnicas nuevas que se usan en los cabellos, y adem\u00e1s han participado de los cursos que se han dictado en diversos momentos en la Unidad.<\/p>\n<p>En el momento inaugural se realizaron los primeros cortes, que quedaron muy bien y recibieron los aplausos de los presentes, tambi\u00e9n se les hablo de la oportunidad laboral que da este oficio, como propuesta ha seguir cuando se encuentren en libertad y deban trabajar para lograr cambiar de vida.<\/p>\n<p>&nbsp;<\/p>\n<p>Fuente: Prensa Unidad 5<\/p>\n","protected":false},"excerpt":{"rendered":"<p>El pasado lunes, en el Anexo femenino, que tiene la Unidad 5 de Mercedes, para albergar a mujeres detenidas, se &#8230; <a title=\"Inauguraron peluquer\u00eda en el Anexo Femenino de la c\u00e1rcel\" class=\"read-more\" href=\"https:\/\/www.hoymercedes.com.ar\/principal\/2016\/10\/20\/inauguraron-peluqueria-en-el-anexo-femenino-de-la-carcel\/\" aria-label=\"Leer m\u00e1s sobre Inauguraron peluquer\u00eda en el Anexo Femenino de la c\u00e1rcel\">Leer m\u00e1s<\/a><\/p>\n","protected":false},"author":1,"featured_media":56140,"comment_status":"open","ping_status":"open","sticky":false,"template":"","format":"standard","meta":{"_monsterinsights_skip_tracking":false,"_monsterinsights_sitenote_active":false,"_monsterinsights_sitenote_note":"","_monsterinsights_sitenote_category":0,"jetpack_post_was_ever_published":false,"_jetpack_newsletter_access":"","_jetpack_dont_email_post_to_subs":false,"_jetpack_newsletter_tier_id":0,"_jetpack_memberships_contains_paywalled_content":false,"_jetpack_memberships_contains_paid_content":false,"footnotes":"","jetpack_publicize_message":"","jetpack_publicize_feature_enabled":true,"jetpack_social_post_already_shared":true,"jetpack_social_options":{"image_generator_settings":{"template":"highway","default_image_id":0,"font":"","enabled":false},"version":2},"_wpas_customize_per_network":false},"categories":[8],"tags":[10060,113],"class_list":["post-56119","post","type-post","status-publish","format-standard","has-post-thumbnail","hentry","category-sociedad","tag-peluqueria","tag-unidad-5","generate-columns","tablet-grid-50","mobile-grid-100","grid-parent","grid-50"],"jetpack_publicize_connections":[],"jetpack_featured_media_url":"https:\/\/www.hoymercedes.com.ar\/principal\/wp-content\/uploads\/2016\/10\/20-peluquer\u00eda-carcel.jpg","wps_subtitle":"Internas de la Unidad 5","jetpack_sharing_enabled":true,"_links":{"self":[{"href":"https:\/\/www.hoymercedes.com.ar\/principal\/wp-json\/wp\/v2\/posts\/56119","targetHints":{"allow":["GET"]}}],"collection":[{"href":"https:\/\/www.hoymercedes.com.ar\/principal\/wp-json\/wp\/v2\/posts"}],"about":[{"href":"https:\/\/www.hoymercedes.com.ar\/principal\/wp-json\/wp\/v2\/types\/post"}],"author":[{"embeddable":true,"href":"https:\/\/www.hoymercedes.com.ar\/principal\/wp-json\/wp\/v2\/users\/1"}],"replies":[{"embeddable":true,"href":"https:\/\/www.hoymercedes.com.ar\/principal\/wp-json\/wp\/v2\/comments?post=56119"}],"version-history":[{"count":0,"href":"https:\/\/www.hoymercedes.com.ar\/principal\/wp-json\/wp\/v2\/posts\/56119\/revisions"}],"wp:featuredmedia":[{"embeddable":true,"href":"https:\/\/www.hoymercedes.com.ar\/principal\/wp-json\/wp\/v2\/media\/56140"}],"wp:attachment":[{"href":"https:\/\/www.hoymercedes.com.ar\/principal\/wp-json\/wp\/v2\/media?parent=56119"}],"wp:term":[{"taxonomy":"category","embeddable":true,"href":"https:\/\/www.hoymercedes.com.ar\/principal\/wp-json\/wp\/v2\/categories?post=56119"},{"taxonomy":"post_tag","embeddable":true,"href":"https:\/\/www.hoymercedes.com.ar\/principal\/wp-json\/wp\/v2\/tags?post=56119"}],"curies":[{"name":"wp","href":"https:\/\/api.w.org\/{rel}","templated":true}]}}