{"id":56134,"date":"2016-10-19T22:56:10","date_gmt":"2016-10-20T01:56:10","guid":{"rendered":"http:\/\/www.hoymercedes.com.ar\/principal\/?p=56134"},"modified":"2016-10-20T00:22:42","modified_gmt":"2016-10-20T03:22:42","slug":"cambiemos-eleva-proyecto-para-eliminar-unica-unidad-fiscal-especializada-en-violencia-de-genero","status":"publish","type":"post","link":"https:\/\/www.hoymercedes.com.ar\/principal\/2016\/10\/19\/cambiemos-eleva-proyecto-para-eliminar-unica-unidad-fiscal-especializada-en-violencia-de-genero\/","title":{"rendered":"Cambiemos y el Frente Renovador aprobaron proyecto para eliminar Unidad Fiscal Especializada en Violencia de Genero"},"content":{"rendered":"<p>En el d\u00eda de la\u00a0 marcha \u201cNi Una Menos\u201d se conoci\u00f3 la noticia de que Cambiemos y el Frente Renovador avanzaron en el proyecto de desmantelamiento de la \u00fanica Unidad Fiscal Especializada en Violencia de Genero que existe en el pa\u00eds.<\/p>\n<p>Todo se enmarca en el proyecto de Ley Org\u00e1nica del Ministerio P\u00fablico Fiscal que obtuvo el pasado martes media sanci\u00f3n favorable en el Congreso de la Naci\u00f3n y elimina la UFEM; tal como se conoce, a la \u00fanica Unidad Fiscal Especializada de la Argentina.<\/p>\n<p>Su titular, Marcela Labozzetta, sostuvo que \u201ces una provocaci\u00f3n que se haya votado el dictamen a un d\u00eda del paro de mujeres, ni siquiera se tuvo la delicadeza de atender los reclamos de la sociedad durante la tercera protesta masiva por violencia de g\u00e9nero\u201d.<\/p>\n<p>E\u00f1 proyecto de Cambiemos borr\u00f3 la Unidad Fiscal Especializada en Violencia contra las Mujeres, que funciona desde hace m\u00e1s de un a\u00f1o en el \u00e1mbito del Ministerio P\u00fablico Fiscal (MPF)<\/p>\n<p>\u201cEl art\u00edculo 8 modifica el cap\u00edtulo que hab\u00eda creado las procuradur\u00edas especializadas y no menciona ninguna que tenga que ver con la investigaci\u00f3n de delitos de g\u00e9neros, no est\u00e1 contemplada en ning\u00fan lado\u201d sostuvo la funcionaria.<\/p>\n<p>La media sanci\u00f3n se logr\u00f3 con los votos de Cambiemos, partido de Mauricio Macri, y Frente Renovador, que lidera Sergio Massa.<\/p>\n<p>Una de las j\u00f3venes participantes en Mercedes, donde empez\u00f3 entre los presentes a conocerse la noticia, lament\u00f3 profundamente la noticia, dejando en claro que \u201ces un paso atr\u00e1s, mientras ac\u00e1 luchamos, desde el gobierno desfinancian un espacio fundamental dentro de la justicia\u201d.<\/p>\n<p>Se espera ver qu\u00e9 pasar\u00e1 en el Senado, pero, los analistas pol\u00edticos juzgan correr\u00e1 misma suerte.<\/p>\n<p>\u201cEsto tiene que ser una preocupaci\u00f3n de toda la ciudadan\u00eda, porque afecta al servicio de justicia, y no hay garant\u00eda de investigar delitos de criminialidad compleja y de corrupci\u00f3n funcional\u201d, advierte la fiscal, y concluy\u00f3: \u201cEs peligroso salir a legislar as\u00ed sobre las instituciones\u201d.<\/p>\n<p>&nbsp;<\/p>\n<p>Fuente: Tiempo Argentino<\/p>\n<p>&nbsp;<\/p>\n","protected":false},"excerpt":{"rendered":"<p>En el d\u00eda de la\u00a0 marcha \u201cNi Una Menos\u201d se conoci\u00f3 la noticia de que Cambiemos y el Frente Renovador &#8230; <a title=\"Cambiemos y el Frente Renovador aprobaron proyecto para eliminar Unidad Fiscal Especializada en Violencia de Genero\" class=\"read-more\" href=\"https:\/\/www.hoymercedes.com.ar\/principal\/2016\/10\/19\/cambiemos-eleva-proyecto-para-eliminar-unica-unidad-fiscal-especializada-en-violencia-de-genero\/\" aria-label=\"Leer m\u00e1s sobre Cambiemos y el Frente Renovador aprobaron proyecto para eliminar Unidad Fiscal Especializada en Violencia de Genero\">Leer m\u00e1s<\/a><\/p>\n","protected":false},"author":1,"featured_media":50868,"comment_status":"open","ping_status":"open","sticky":false,"template":"","format":"standard","meta":{"_monsterinsights_skip_tracking":false,"_monsterinsights_sitenote_active":false,"_monsterinsights_sitenote_note":"","_monsterinsights_sitenote_category":0,"jetpack_post_was_ever_published":false,"_jetpack_newsletter_access":"","_jetpack_dont_email_post_to_subs":false,"_jetpack_newsletter_tier_id":0,"_jetpack_memberships_contains_paywalled_content":false,"_jetpack_memberships_contains_paid_content":false,"footnotes":"","jetpack_publicize_message":"","jetpack_publicize_feature_enabled":true,"jetpack_social_post_already_shared":true,"jetpack_social_options":{"image_generator_settings":{"template":"highway","default_image_id":0,"font":"","enabled":false},"version":2},"_wpas_customize_per_network":false},"categories":[5210],"tags":[7364],"class_list":["post-56134","post","type-post","status-publish","format-standard","has-post-thumbnail","hentry","category-politica-nacional","tag-ni-una-menos","generate-columns","tablet-grid-50","mobile-grid-100","grid-parent","grid-50"],"jetpack_publicize_connections":[],"jetpack_featured_media_url":"https:\/\/www.hoymercedes.com.ar\/principal\/wp-content\/uploads\/2016\/06\/04-niunamenos-2.jpg","wps_subtitle":"Diputados Nacionales","jetpack_sharing_enabled":true,"_links":{"self":[{"href":"https:\/\/www.hoymercedes.com.ar\/principal\/wp-json\/wp\/v2\/posts\/56134","targetHints":{"allow":["GET"]}}],"collection":[{"href":"https:\/\/www.hoymercedes.com.ar\/principal\/wp-json\/wp\/v2\/posts"}],"about":[{"href":"https:\/\/www.hoymercedes.com.ar\/principal\/wp-json\/wp\/v2\/types\/post"}],"author":[{"embeddable":true,"href":"https:\/\/www.hoymercedes.com.ar\/principal\/wp-json\/wp\/v2\/users\/1"}],"replies":[{"embeddable":true,"href":"https:\/\/www.hoymercedes.com.ar\/principal\/wp-json\/wp\/v2\/comments?post=56134"}],"version-history":[{"count":0,"href":"https:\/\/www.hoymercedes.com.ar\/principal\/wp-json\/wp\/v2\/posts\/56134\/revisions"}],"wp:featuredmedia":[{"embeddable":true,"href":"https:\/\/www.hoymercedes.com.ar\/principal\/wp-json\/wp\/v2\/media\/50868"}],"wp:attachment":[{"href":"https:\/\/www.hoymercedes.com.ar\/principal\/wp-json\/wp\/v2\/media?parent=56134"}],"wp:term":[{"taxonomy":"category","embeddable":true,"href":"https:\/\/www.hoymercedes.com.ar\/principal\/wp-json\/wp\/v2\/categories?post=56134"},{"taxonomy":"post_tag","embeddable":true,"href":"https:\/\/www.hoymercedes.com.ar\/principal\/wp-json\/wp\/v2\/tags?post=56134"}],"curies":[{"name":"wp","href":"https:\/\/api.w.org\/{rel}","templated":true}]}}