{"id":56143,"date":"2016-10-20T11:11:48","date_gmt":"2016-10-20T14:11:48","guid":{"rendered":"http:\/\/www.hoymercedes.com.ar\/principal\/?p=56143"},"modified":"2016-10-20T14:25:34","modified_gmt":"2016-10-20T17:25:34","slug":"asaltaron-supermercado-chino-un-detenido","status":"publish","type":"post","link":"https:\/\/www.hoymercedes.com.ar\/principal\/2016\/10\/20\/asaltaron-supermercado-chino-un-detenido\/","title":{"rendered":"Asaltaron supermercado \u00abchino\u00bb: un detenido"},"content":{"rendered":"<p><img loading=\"lazy\" decoding=\"async\" data-attachment-id=\"56147\" data-permalink=\"https:\/\/www.hoymercedes.com.ar\/principal\/2016\/10\/20\/asaltaron-supermercado-chino-un-detenido\/superhm\/#main\" data-orig-file=\"https:\/\/www.hoymercedes.com.ar\/principal\/wp-content\/uploads\/2016\/10\/superHM.jpeg\" data-orig-size=\"600,360\" data-comments-opened=\"1\" data-image-meta=\"{&quot;aperture&quot;:&quot;0&quot;,&quot;credit&quot;:&quot;&quot;,&quot;camera&quot;:&quot;&quot;,&quot;caption&quot;:&quot;&quot;,&quot;created_timestamp&quot;:&quot;0&quot;,&quot;copyright&quot;:&quot;&quot;,&quot;focal_length&quot;:&quot;0&quot;,&quot;iso&quot;:&quot;0&quot;,&quot;shutter_speed&quot;:&quot;0&quot;,&quot;title&quot;:&quot;&quot;,&quot;orientation&quot;:&quot;1&quot;}\" data-image-title=\"superhm\" data-image-description=\"\" data-image-caption=\"\" data-large-file=\"https:\/\/www.hoymercedes.com.ar\/principal\/wp-content\/uploads\/2016\/10\/superHM.jpeg\" class=\"aligncenter size-full wp-image-56147\" src=\"https:\/\/www.hoymercedes.com.ar\/principal\/wp-content\/uploads\/2016\/10\/superHM.jpeg\" alt=\"superhm\" width=\"600\" height=\"360\" srcset=\"https:\/\/www.hoymercedes.com.ar\/principal\/wp-content\/uploads\/2016\/10\/superHM.jpeg 600w, https:\/\/www.hoymercedes.com.ar\/principal\/wp-content\/uploads\/2016\/10\/superHM-150x90.jpeg 150w\" sizes=\"auto, (max-width: 600px) 100vw, 600px\" \/>Pasadas las 9 de la ma\u00f1ana de la jornada de hoy, un supermercado de origen oriental de calles 32 entre 25 y 27, fue asaltado por dos delincuentes.<\/p>\n<p>De acuerdo a lo que pudo conocerse, en ese momento habr\u00edan ingresado dos personas, hombres de entre 20 y 25 a\u00f1os que se hicieron pasar por clientes. Estuvieron eligiendo bebidas alcoh\u00f3licas y gaseosas. Cuando llegaron a la caja para pagar como cualquier cliente, abordaron a uno de los cajeros y trataron de llevarse el dinero que hab\u00eda en caja. En ese momento hab\u00eda alrededor de 900 pesos.<\/p>\n<p>Un veh\u00edculo, con un tercero, los esperaba para retirarse del lugar y darse a la fuga.<\/p>\n<p>Uno de los ladrones fue capturado por algunos clientes que estaban en el lugar y se dio intervenci\u00f3n a la polic\u00eda.<\/p>\n<p>El restante, logr\u00f3 escaparse con el bot\u00edn de las bebidas.<\/p>\n<p>Seg\u00fan indic\u00f3 el due\u00f1o del supermercado no era la primera vez que estos sujetos hab\u00edan ingresado al lugar con finalidad de robo.<\/p>\n<p>El hecho qued\u00f3 registrado seguramente en las c\u00e1maras de seguridad del comercio, por lo que ser\u00e1 utilizado el material para determinar la identidad del restante participante del hecho delictivo. (Fuente: FM Universo)<\/p>\n","protected":false},"excerpt":{"rendered":"<p>Pasadas las 9 de la ma\u00f1ana de la jornada de hoy, un supermercado de origen oriental de calles 32 entre &#8230; <a title=\"Asaltaron supermercado \u00abchino\u00bb: un detenido\" class=\"read-more\" href=\"https:\/\/www.hoymercedes.com.ar\/principal\/2016\/10\/20\/asaltaron-supermercado-chino-un-detenido\/\" aria-label=\"Leer m\u00e1s sobre Asaltaron supermercado \u00abchino\u00bb: un detenido\">Leer m\u00e1s<\/a><\/p>\n","protected":false},"author":1,"featured_media":56147,"comment_status":"open","ping_status":"open","sticky":false,"template":"","format":"standard","meta":{"_monsterinsights_skip_tracking":false,"_monsterinsights_sitenote_active":false,"_monsterinsights_sitenote_note":"","_monsterinsights_sitenote_category":0,"jetpack_post_was_ever_published":false,"_jetpack_newsletter_access":"","_jetpack_dont_email_post_to_subs":false,"_jetpack_newsletter_tier_id":0,"_jetpack_memberships_contains_paywalled_content":false,"_jetpack_memberships_contains_paid_content":false,"footnotes":"","jetpack_publicize_message":"","jetpack_publicize_feature_enabled":true,"jetpack_social_post_already_shared":true,"jetpack_social_options":{"image_generator_settings":{"template":"highway","default_image_id":0,"font":"","enabled":false},"version":2},"_wpas_customize_per_network":false},"categories":[85],"tags":[],"class_list":["post-56143","post","type-post","status-publish","format-standard","has-post-thumbnail","hentry","category-policial","generate-columns","tablet-grid-50","mobile-grid-100","grid-parent","grid-50"],"jetpack_publicize_connections":[],"jetpack_featured_media_url":"https:\/\/www.hoymercedes.com.ar\/principal\/wp-content\/uploads\/2016\/10\/superHM.jpeg","wps_subtitle":"Esta ma\u00f1ana","jetpack_sharing_enabled":true,"_links":{"self":[{"href":"https:\/\/www.hoymercedes.com.ar\/principal\/wp-json\/wp\/v2\/posts\/56143","targetHints":{"allow":["GET"]}}],"collection":[{"href":"https:\/\/www.hoymercedes.com.ar\/principal\/wp-json\/wp\/v2\/posts"}],"about":[{"href":"https:\/\/www.hoymercedes.com.ar\/principal\/wp-json\/wp\/v2\/types\/post"}],"author":[{"embeddable":true,"href":"https:\/\/www.hoymercedes.com.ar\/principal\/wp-json\/wp\/v2\/users\/1"}],"replies":[{"embeddable":true,"href":"https:\/\/www.hoymercedes.com.ar\/principal\/wp-json\/wp\/v2\/comments?post=56143"}],"version-history":[{"count":0,"href":"https:\/\/www.hoymercedes.com.ar\/principal\/wp-json\/wp\/v2\/posts\/56143\/revisions"}],"wp:featuredmedia":[{"embeddable":true,"href":"https:\/\/www.hoymercedes.com.ar\/principal\/wp-json\/wp\/v2\/media\/56147"}],"wp:attachment":[{"href":"https:\/\/www.hoymercedes.com.ar\/principal\/wp-json\/wp\/v2\/media?parent=56143"}],"wp:term":[{"taxonomy":"category","embeddable":true,"href":"https:\/\/www.hoymercedes.com.ar\/principal\/wp-json\/wp\/v2\/categories?post=56143"},{"taxonomy":"post_tag","embeddable":true,"href":"https:\/\/www.hoymercedes.com.ar\/principal\/wp-json\/wp\/v2\/tags?post=56143"}],"curies":[{"name":"wp","href":"https:\/\/api.w.org\/{rel}","templated":true}]}}