{"id":56155,"date":"2016-10-20T13:30:49","date_gmt":"2016-10-20T16:30:49","guid":{"rendered":"http:\/\/www.hoymercedes.com.ar\/principal\/?p=56155"},"modified":"2016-10-20T15:48:01","modified_gmt":"2016-10-20T18:48:01","slug":"la-ciudad-se-unio-al-reclamo-ni-una-menos-vivas-nos-queremos","status":"publish","type":"post","link":"https:\/\/www.hoymercedes.com.ar\/principal\/2016\/10\/20\/la-ciudad-se-unio-al-reclamo-ni-una-menos-vivas-nos-queremos\/","title":{"rendered":"La ciudad se uni\u00f3 al reclamo \u201cNi Una Menos \u2013 Vivas Nos Queremos\u201d"},"content":{"rendered":"<p>Por Clarisa Altieri &#8211; Cientos de vecinos se sumaron a la convocatoria que organiz\u00f3 el colectivo #NiUnaMenosMercedes para reclamar que se detengan los femicidios. La lluvia traslad\u00f3 el evento al teatro donde fueron claves los momentos de reflexi\u00f3n por la muerte de mujeres v\u00edctima de la violencia. <a href=\"https:\/\/www.facebook.com\/Hoy-Mercedes-339192141322\/photos\/?tab=album&amp;album_id=10154647293141323\" target=\"_blank\" rel=\"noopener\">VER GALER\u00cdA DE IM\u00c1GENES.<\/a><\/p>\n<p><img loading=\"lazy\" decoding=\"async\" data-attachment-id=\"56156\" data-permalink=\"https:\/\/www.hoymercedes.com.ar\/principal\/2016\/10\/20\/la-ciudad-se-unio-al-reclamo-ni-una-menos-vivas-nos-queremos\/acto-ni-una-menos-19-10-2016-23\/#main\" data-orig-file=\"https:\/\/www.hoymercedes.com.ar\/principal\/wp-content\/uploads\/2016\/10\/acto-ni-una-menos-19-10-2016-23.jpg\" data-orig-size=\"630,420\" data-comments-opened=\"1\" data-image-meta=\"{&quot;aperture&quot;:&quot;3.8&quot;,&quot;credit&quot;:&quot;&quot;,&quot;camera&quot;:&quot;NIKON D3100&quot;,&quot;caption&quot;:&quot;&quot;,&quot;created_timestamp&quot;:&quot;1476904228&quot;,&quot;copyright&quot;:&quot;&quot;,&quot;focal_length&quot;:&quot;24&quot;,&quot;iso&quot;:&quot;1100&quot;,&quot;shutter_speed&quot;:&quot;0.016666666666667&quot;,&quot;title&quot;:&quot;&quot;,&quot;orientation&quot;:&quot;1&quot;}\" data-image-title=\"acto-ni-una-menos-19-10-2016-23\" data-image-description=\"\" data-image-caption=\"\" data-large-file=\"https:\/\/www.hoymercedes.com.ar\/principal\/wp-content\/uploads\/2016\/10\/acto-ni-una-menos-19-10-2016-23.jpg\" class=\"aligncenter size-medium wp-image-56156\" src=\"https:\/\/www.hoymercedes.com.ar\/principal\/wp-content\/uploads\/2016\/10\/acto-ni-una-menos-19-10-2016-23-630x420.jpg\" alt=\"acto-ni-una-menos-19-10-2016-23\" width=\"630\" height=\"420\" srcset=\"https:\/\/www.hoymercedes.com.ar\/principal\/wp-content\/uploads\/2016\/10\/acto-ni-una-menos-19-10-2016-23.jpg 630w, https:\/\/www.hoymercedes.com.ar\/principal\/wp-content\/uploads\/2016\/10\/acto-ni-una-menos-19-10-2016-23-150x100.jpg 150w, https:\/\/www.hoymercedes.com.ar\/principal\/wp-content\/uploads\/2016\/10\/acto-ni-una-menos-19-10-2016-23-300x200.jpg 300w\" sizes=\"auto, (max-width: 630px) 100vw, 630px\" \/><\/p>\n<p>La lluvia implic\u00f3 que la convocatoria por el reclamo para frenar los fenicidios se trasladase a la planta baja del teatro municipal. En distintos espacios hubo arte, expresiones pol\u00edticas, videos y sobre el escenario hubo m\u00fasica, relatos y varios momentos de reflexi\u00f3n.<\/p>\n<p>Adhiriendo a la convocatoria realizada a nivel nacional, en donde se propon\u00eda que las mujeres hiciesen un paro de actividades y luego marchasen, en Mercedes, el colectivo formado para la organizaci\u00f3n del acto #NiUnaMenosMercedes fue m\u00e1s all\u00e1 y convoc\u00f3 a distintas expresiones art\u00edsticas e invit\u00f3 a la reflexi\u00f3n de la sociedad antes los femicidios. Diecinueve en lo que va del mes, superando las estad\u00edsticas de uno cada 30 horas, con esta cifra podr\u00eda decirse que es una muerte por d\u00eda.<\/p>\n<p>\u201cVivas Nos Queremos\u201d fue el grito de las remeras realizadas con stenciles en el mismo teatro, mientras cientos de mujeres y hombres respond\u00edan a la consigna de ir con ropa negra, simbolizando el luto por cada una de las v\u00edctimas de femicidio.<\/p>\n<p>En el hall, una instalaci\u00f3n realizada por la Escuela de Arte recib\u00eda a los vecinos que se acercaron y que colmaron el teatro. Sobre el escenario, las siluetas con los nombres de las v\u00edctimas m\u00e1s significativas del pa\u00eds y algunos breves datos de ellas. Los carteles y mensajes a un costado decoraban las paredes de la sala teatral, mientras en una pantalla se proyectaban los videos realizados por el Grupo Envi\u00f3n y los Adultos Mayores del Hogar Villa Abrille.<\/p>\n<p>Delante, arriba y debajo del escenario, fueron varios los que hablaron, cantaron o relataron. Mujeres y varones que se sumaron a un reclamo conjunto. El grupo de rap Los Pibes improvisaron mensajes para la mujer, mensajes de esperanza y contra la violencia de g\u00e9nero.<\/p>\n<p>Una performance de las alumnas de la Escuela de Est\u00e9tica bajo la direcci\u00f3n de Gabriela Lorusso destac\u00f3 un mensaje concreto: \u00abPodemos callarnos, fingir sonrisas y aguantar el peso del mundo. Podemos hacerlo, pero tenemos un l\u00edmite. Es momento de decir basta, de tolerar tantas injusticias. Para hacer el cambio tenemos q empezar x nosotros, diciendo basta\u00bb.<br \/>\nLos momentos de reflexi\u00f3n llegaron de la mano del Colectivo Mujeres en Vuelo, pero principalmente de Milagros, alumna de la Secundaria N\u00ba 13 que plante\u00f3 cinco preguntas e invit\u00f3 a muchos de los presentes a responderlas p\u00fablicamente. As\u00ed fue como distintos vecinos tomaron el micr\u00f3fono y expresaron su opini\u00f3n, sus ideas, y sus perspectivas.<\/p>\n<p>Asimismo, se leyeron decenas de adhesiones de partidos pol\u00edticos, agrupaciones pol\u00edticas, agrupaciones sociales, organizaciones sindicales, organizaciones civiles. Decenas que fueron intercal\u00e1ndose entre las actuaciones musicales de Oscar Rosello y el d\u00fao Enzo y Charly y las narraciones de Silvia Di C\u00e9sare.<\/p>\n<p>En el documento final, se expres\u00f3: \u201cQueremos andar por el mundo sin temor a ser violadas, con exactamente las mismas libertades y derechos con los que circula por la vida cualquier var\u00f3n. Nos cansamos de caminar con miedo, cubri\u00e9ndonos y con un nudo en la garganta, temiendo que alguien nos manosee, en la calle, en un transporte p\u00fablico.\u00a0 Queremos un mundo donde las mujeres podamos salir, divertirnos, relacionarnos y vestirnos como nos d\u00e9 la gana. Nos cansamos de pedir respeto: LO EXIGIMOS. Porque todas somos Lola, \u00c1ngeles, Daiana, Chiara, Micaela, Marina, Mar\u00eda Jos\u00e9, Rosa, Cintia, Florencia, Soledad, Mail\u00e9n, Luc\u00eda. Porque todas somos hijas, hermanas, madres, abuelas, t\u00edas, primas, amigas. Porque todas somos mujeres. Por eso decimos \u201c\u00a1BASTA!\u201d, \u00a1BASTA DE FEMICIDIOS! Porque VIVAS NOS QUEREMOS!\u201d.<\/p>\n<p>El cierre estuvo a cargo de Fernanda Ottolini que cant\u00f3 dos temas de Bebe y ley\u00f3 un texto reflexivo escrito por ella a partir de una situaci\u00f3n vivida durante esa misma tarde en las redes sociales. Al t\u00e9rmino de sus canciones, invit\u00f3 a los presentes a marchar alrededor de la Plaza San Mart\u00edn, donde originalmente se har\u00eda la convocatoria.<\/p>\n<p><img loading=\"lazy\" decoding=\"async\" data-attachment-id=\"56157\" data-permalink=\"https:\/\/www.hoymercedes.com.ar\/principal\/2016\/10\/20\/la-ciudad-se-unio-al-reclamo-ni-una-menos-vivas-nos-queremos\/acto-ni-una-menos-19-10-2016-20\/#main\" data-orig-file=\"https:\/\/www.hoymercedes.com.ar\/principal\/wp-content\/uploads\/2016\/10\/acto-ni-una-menos-19-10-2016-20.jpg\" data-orig-size=\"630,419\" data-comments-opened=\"1\" data-image-meta=\"{&quot;aperture&quot;:&quot;3.2&quot;,&quot;credit&quot;:&quot;???????????????????&quot;,&quot;camera&quot;:&quot;&quot;,&quot;caption&quot;:&quot;????????????????????????????????????&quot;,&quot;created_timestamp&quot;:&quot;0&quot;,&quot;copyright&quot;:&quot;Sebastian Ambrossio_&quot;,&quot;focal_length&quot;:&quot;24&quot;,&quot;iso&quot;:&quot;0&quot;,&quot;shutter_speed&quot;:&quot;0.025&quot;,&quot;title&quot;:&quot;&quot;,&quot;orientation&quot;:&quot;1&quot;}\" data-image-title=\"acto-ni-una-menos-19-10-2016-20\" data-image-description=\"\" data-image-caption=\"\" data-large-file=\"https:\/\/www.hoymercedes.com.ar\/principal\/wp-content\/uploads\/2016\/10\/acto-ni-una-menos-19-10-2016-20.jpg\" class=\"aligncenter size-medium wp-image-56157\" src=\"https:\/\/www.hoymercedes.com.ar\/principal\/wp-content\/uploads\/2016\/10\/acto-ni-una-menos-19-10-2016-20-630x419.jpg\" alt=\"acto-ni-una-menos-19-10-2016-20\" width=\"630\" height=\"419\" srcset=\"https:\/\/www.hoymercedes.com.ar\/principal\/wp-content\/uploads\/2016\/10\/acto-ni-una-menos-19-10-2016-20.jpg 630w, https:\/\/www.hoymercedes.com.ar\/principal\/wp-content\/uploads\/2016\/10\/acto-ni-una-menos-19-10-2016-20-150x100.jpg 150w, https:\/\/www.hoymercedes.com.ar\/principal\/wp-content\/uploads\/2016\/10\/acto-ni-una-menos-19-10-2016-20-300x200.jpg 300w\" sizes=\"auto, (max-width: 630px) 100vw, 630px\" \/><\/p>\n<p>&nbsp;<\/p>\n","protected":false},"excerpt":{"rendered":"<p>Por Clarisa Altieri &#8211; Cientos de vecinos se sumaron a la convocatoria que organiz\u00f3 el colectivo #NiUnaMenosMercedes para reclamar que &#8230; <a title=\"La ciudad se uni\u00f3 al reclamo \u201cNi Una Menos \u2013 Vivas Nos Queremos\u201d\" class=\"read-more\" href=\"https:\/\/www.hoymercedes.com.ar\/principal\/2016\/10\/20\/la-ciudad-se-unio-al-reclamo-ni-una-menos-vivas-nos-queremos\/\" aria-label=\"Leer m\u00e1s sobre La ciudad se uni\u00f3 al reclamo \u201cNi Una Menos \u2013 Vivas Nos Queremos\u201d\">Leer m\u00e1s<\/a><\/p>\n","protected":false},"author":1,"featured_media":56156,"comment_status":"open","ping_status":"open","sticky":false,"template":"","format":"standard","meta":{"_monsterinsights_skip_tracking":false,"_monsterinsights_sitenote_active":false,"_monsterinsights_sitenote_note":"","_monsterinsights_sitenote_category":0,"jetpack_post_was_ever_published":false,"_jetpack_newsletter_access":"","_jetpack_dont_email_post_to_subs":false,"_jetpack_newsletter_tier_id":0,"_jetpack_memberships_contains_paywalled_content":false,"_jetpack_memberships_contains_paid_content":false,"footnotes":"","jetpack_publicize_message":"","jetpack_publicize_feature_enabled":true,"jetpack_social_post_already_shared":true,"jetpack_social_options":{"image_generator_settings":{"template":"highway","default_image_id":0,"font":"","enabled":false},"version":2},"_wpas_customize_per_network":false},"categories":[8],"tags":[10125,8697,7802],"class_list":["post-56155","post","type-post","status-publish","format-standard","has-post-thumbnail","hentry","category-sociedad","tag-niunamenosmercedes","tag-comunidad","tag-sociedad","generate-columns","tablet-grid-50","mobile-grid-100","grid-parent","grid-50"],"jetpack_publicize_connections":[],"jetpack_featured_media_url":"https:\/\/www.hoymercedes.com.ar\/principal\/wp-content\/uploads\/2016\/10\/acto-ni-una-menos-19-10-2016-23.jpg","wps_subtitle":"Convocatoria local","jetpack_sharing_enabled":true,"_links":{"self":[{"href":"https:\/\/www.hoymercedes.com.ar\/principal\/wp-json\/wp\/v2\/posts\/56155","targetHints":{"allow":["GET"]}}],"collection":[{"href":"https:\/\/www.hoymercedes.com.ar\/principal\/wp-json\/wp\/v2\/posts"}],"about":[{"href":"https:\/\/www.hoymercedes.com.ar\/principal\/wp-json\/wp\/v2\/types\/post"}],"author":[{"embeddable":true,"href":"https:\/\/www.hoymercedes.com.ar\/principal\/wp-json\/wp\/v2\/users\/1"}],"replies":[{"embeddable":true,"href":"https:\/\/www.hoymercedes.com.ar\/principal\/wp-json\/wp\/v2\/comments?post=56155"}],"version-history":[{"count":0,"href":"https:\/\/www.hoymercedes.com.ar\/principal\/wp-json\/wp\/v2\/posts\/56155\/revisions"}],"wp:featuredmedia":[{"embeddable":true,"href":"https:\/\/www.hoymercedes.com.ar\/principal\/wp-json\/wp\/v2\/media\/56156"}],"wp:attachment":[{"href":"https:\/\/www.hoymercedes.com.ar\/principal\/wp-json\/wp\/v2\/media?parent=56155"}],"wp:term":[{"taxonomy":"category","embeddable":true,"href":"https:\/\/www.hoymercedes.com.ar\/principal\/wp-json\/wp\/v2\/categories?post=56155"},{"taxonomy":"post_tag","embeddable":true,"href":"https:\/\/www.hoymercedes.com.ar\/principal\/wp-json\/wp\/v2\/tags?post=56155"}],"curies":[{"name":"wp","href":"https:\/\/api.w.org\/{rel}","templated":true}]}}