{"id":56215,"date":"2016-10-21T18:27:35","date_gmt":"2016-10-21T21:27:35","guid":{"rendered":"http:\/\/www.hoymercedes.com.ar\/principal\/?p=56215"},"modified":"2016-10-21T16:35:17","modified_gmt":"2016-10-21T19:35:17","slug":"pena-solidaria-organizan-los-lopez-heredia","status":"publish","type":"post","link":"https:\/\/www.hoymercedes.com.ar\/principal\/2016\/10\/21\/pena-solidaria-organizan-los-lopez-heredia\/","title":{"rendered":"Pe\u00f1a Solidaria organizan Los L\u00f3pez Heredia"},"content":{"rendered":"<p>Este domingo 23 de octubre, 17 horas, se realizar\u00e1 una pe\u00f1a a beneficio de conjunto art\u00edstico mercedino que hace un mes sufri\u00f3 el robo de todos sus instrumentos incluyendo una guitarra, un bombo y un viol\u00edn de alto valor econ\u00f3mico.<\/p>\n<p>Los L\u00f3pez Heredia, con el auspicio de la Comuna llevar\u00e1n adelante esta pe\u00f1a en la que actuar\u00e1n ellos, pero tambi\u00e9n un invitado de lujo como es\u00a0Bruno Arias junto a Lucas Maidana, Sebasti\u00e1n Neiro, Nahuel Fusco, Sachapampa, Ivana Cestari y el\u00a0Ballet Santa Cecilia.<\/p>\n<p><img loading=\"lazy\" decoding=\"async\" data-attachment-id=\"56216\" data-permalink=\"https:\/\/www.hoymercedes.com.ar\/principal\/2016\/10\/21\/pena-solidaria-organizan-los-lopez-heredia\/pena-solidaria\/#main\" data-orig-file=\"https:\/\/www.hoymercedes.com.ar\/principal\/wp-content\/uploads\/2016\/10\/pe\u00f1a-solidaria.jpg\" data-orig-size=\"480,286\" data-comments-opened=\"1\" data-image-meta=\"{&quot;aperture&quot;:&quot;0&quot;,&quot;credit&quot;:&quot;&quot;,&quot;camera&quot;:&quot;&quot;,&quot;caption&quot;:&quot;&quot;,&quot;created_timestamp&quot;:&quot;0&quot;,&quot;copyright&quot;:&quot;&quot;,&quot;focal_length&quot;:&quot;0&quot;,&quot;iso&quot;:&quot;0&quot;,&quot;shutter_speed&quot;:&quot;0&quot;,&quot;title&quot;:&quot;&quot;,&quot;orientation&quot;:&quot;0&quot;}\" data-image-title=\"pena-solidaria\" data-image-description=\"\" data-image-caption=\"\" data-large-file=\"https:\/\/www.hoymercedes.com.ar\/principal\/wp-content\/uploads\/2016\/10\/pe\u00f1a-solidaria.jpg\" class=\"aligncenter size-full wp-image-56216\" src=\"https:\/\/www.hoymercedes.com.ar\/principal\/wp-content\/uploads\/2016\/10\/pe\u00f1a-solidaria.jpg\" alt=\"pena-solidaria\" width=\"480\" height=\"286\" srcset=\"https:\/\/www.hoymercedes.com.ar\/principal\/wp-content\/uploads\/2016\/10\/pe\u00f1a-solidaria.jpg 480w, https:\/\/www.hoymercedes.com.ar\/principal\/wp-content\/uploads\/2016\/10\/pe\u00f1a-solidaria-150x89.jpg 150w\" sizes=\"auto, (max-width: 480px) 100vw, 480px\" \/><\/p>\n<p>A partir de las 17 horas, la pe\u00f1a ser\u00e1 en el\u00a0Complejo Cultural La Trocha (calle 40 y 23, Mercedes Bs. As.). La entrada tiene un valor de $100, aunque los menores de 12 a\u00f1os ingresan gratis. A partir del valor de las entradas es que el servicio de cantina tendr\u00e1 precios m\u00e1s que populares.<\/p>\n<p>Todo lo recaudado ser\u00e1 utilizado para volver a comprar los instrumentos que fueron robados el pasado 18 de septiembre en la localidad de Luj\u00e1n.<\/p>\n<p>La entradas se pueden comprar de manera anticipada en Disquer\u00eda La Jungla (Galer\u00eda Jard\u00edn Local 20, Mercedes) y en el Teatro Argentino (calle 27 entre 26 y 24, Mercedes)<\/p>\n<p>Consultas: 2324-616088<\/p>\n<p>&nbsp;<\/p>\n","protected":false},"excerpt":{"rendered":"<p>Este domingo 23 de octubre, 17 horas, se realizar\u00e1 una pe\u00f1a a beneficio de conjunto art\u00edstico mercedino que hace un &#8230; <a title=\"Pe\u00f1a Solidaria organizan Los L\u00f3pez Heredia\" class=\"read-more\" href=\"https:\/\/www.hoymercedes.com.ar\/principal\/2016\/10\/21\/pena-solidaria-organizan-los-lopez-heredia\/\" aria-label=\"Leer m\u00e1s sobre Pe\u00f1a Solidaria organizan Los L\u00f3pez Heredia\">Leer m\u00e1s<\/a><\/p>\n","protected":false},"author":1,"featured_media":56216,"comment_status":"open","ping_status":"open","sticky":false,"template":"","format":"standard","meta":{"_monsterinsights_skip_tracking":false,"_monsterinsights_sitenote_active":false,"_monsterinsights_sitenote_note":"","_monsterinsights_sitenote_category":0,"jetpack_post_was_ever_published":false,"_jetpack_newsletter_access":"","_jetpack_dont_email_post_to_subs":false,"_jetpack_newsletter_tier_id":0,"_jetpack_memberships_contains_paywalled_content":false,"_jetpack_memberships_contains_paid_content":false,"footnotes":"","jetpack_publicize_message":"","jetpack_publicize_feature_enabled":true,"jetpack_social_post_already_shared":true,"jetpack_social_options":{"image_generator_settings":{"template":"highway","default_image_id":0,"font":"","enabled":false},"version":2},"_wpas_customize_per_network":false},"categories":[104],"tags":[10140,7805,3959,10139,10138],"class_list":["post-56215","post","type-post","status-publish","format-standard","has-post-thumbnail","hentry","category-cultura","tag-bruno-arias","tag-cultura","tag-la-trocha","tag-lopez-heredia","tag-pena-solidaria","generate-columns","tablet-grid-50","mobile-grid-100","grid-parent","grid-50"],"jetpack_publicize_connections":[],"jetpack_featured_media_url":"https:\/\/www.hoymercedes.com.ar\/principal\/wp-content\/uploads\/2016\/10\/pe\u00f1a-solidaria.jpg","wps_subtitle":"En La Trocha","jetpack_sharing_enabled":true,"_links":{"self":[{"href":"https:\/\/www.hoymercedes.com.ar\/principal\/wp-json\/wp\/v2\/posts\/56215","targetHints":{"allow":["GET"]}}],"collection":[{"href":"https:\/\/www.hoymercedes.com.ar\/principal\/wp-json\/wp\/v2\/posts"}],"about":[{"href":"https:\/\/www.hoymercedes.com.ar\/principal\/wp-json\/wp\/v2\/types\/post"}],"author":[{"embeddable":true,"href":"https:\/\/www.hoymercedes.com.ar\/principal\/wp-json\/wp\/v2\/users\/1"}],"replies":[{"embeddable":true,"href":"https:\/\/www.hoymercedes.com.ar\/principal\/wp-json\/wp\/v2\/comments?post=56215"}],"version-history":[{"count":0,"href":"https:\/\/www.hoymercedes.com.ar\/principal\/wp-json\/wp\/v2\/posts\/56215\/revisions"}],"wp:featuredmedia":[{"embeddable":true,"href":"https:\/\/www.hoymercedes.com.ar\/principal\/wp-json\/wp\/v2\/media\/56216"}],"wp:attachment":[{"href":"https:\/\/www.hoymercedes.com.ar\/principal\/wp-json\/wp\/v2\/media?parent=56215"}],"wp:term":[{"taxonomy":"category","embeddable":true,"href":"https:\/\/www.hoymercedes.com.ar\/principal\/wp-json\/wp\/v2\/categories?post=56215"},{"taxonomy":"post_tag","embeddable":true,"href":"https:\/\/www.hoymercedes.com.ar\/principal\/wp-json\/wp\/v2\/tags?post=56215"}],"curies":[{"name":"wp","href":"https:\/\/api.w.org\/{rel}","templated":true}]}}