{"id":5624,"date":"2011-07-18T02:25:01","date_gmt":"2011-07-18T02:25:01","guid":{"rendered":"http:\/\/www.hoymercedes.com.ar\/principal\/?p=5624"},"modified":"2011-07-18T02:25:01","modified_gmt":"2011-07-18T02:25:01","slug":"ustarroz-dia-a-conocer-el-mapa-de-necesidades-de-su-web","status":"publish","type":"post","link":"https:\/\/www.hoymercedes.com.ar\/principal\/2011\/07\/18\/ustarroz-dia-a-conocer-el-mapa-de-necesidades-de-su-web\/","title":{"rendered":"Ustarroz dia a conocer el Mapa de Necesidades de su Web"},"content":{"rendered":"<p><a href=\"https:\/\/www.hoymercedes.com.ar\/principal\/wp-content\/uploads\/2011\/07\/ustarroz-mapanecesidades.jpg\"><img loading=\"lazy\" decoding=\"async\" data-attachment-id=\"5626\" data-permalink=\"https:\/\/www.hoymercedes.com.ar\/principal\/2011\/07\/18\/ustarroz-dia-a-conocer-el-mapa-de-necesidades-de-su-web\/ustarroz-mapanecesidades\/#main\" data-orig-file=\"https:\/\/www.hoymercedes.com.ar\/principal\/wp-content\/uploads\/2011\/07\/ustarroz-mapanecesidades.jpg\" data-orig-size=\"600,399\" data-comments-opened=\"1\" data-image-meta=\"{&quot;aperture&quot;:&quot;4&quot;,&quot;credit&quot;:&quot;Moreira Mario&quot;,&quot;camera&quot;:&quot;NIKON D300&quot;,&quot;caption&quot;:&quot;&quot;,&quot;created_timestamp&quot;:&quot;1310759560&quot;,&quot;copyright&quot;:&quot;Moreira Mario&quot;,&quot;focal_length&quot;:&quot;18&quot;,&quot;iso&quot;:&quot;2000&quot;,&quot;shutter_speed&quot;:&quot;0.0125&quot;,&quot;title&quot;:&quot;&quot;}\" data-image-title=\"ustarroz-mapanecesidades\" data-image-description=\"\" data-image-caption=\"\" data-large-file=\"https:\/\/www.hoymercedes.com.ar\/principal\/wp-content\/uploads\/2011\/07\/ustarroz-mapanecesidades.jpg\" class=\"aligncenter size-full wp-image-5626\" title=\"ustarroz-mapanecesidades\" src=\"https:\/\/www.hoymercedes.com.ar\/principal\/wp-content\/uploads\/2011\/07\/ustarroz-mapanecesidades.jpg\" alt=\"\" width=\"600\" height=\"399\" \/><\/a><\/p>\n<p>&nbsp;<\/p>\n<p>A trav\u00e9s de una conferencia de prensa, el candidato a intendente Juan Ustarroz habl\u00f3 sobre el Mapa de Necesidades que ofrece a trav\u00e9s de su Web a los mercedinos. Tambi\u00e9n hizo referencia a la lista que encabeza y minimiz\u00f3 la operaci\u00f3n medi\u00e1tica que se gener\u00f3 a trav\u00e9s del diario Clar\u00edn<\/p>\n<p>En el local del Frente Mercedino, Juan Ignacio Ustarroz dio a conocer el Mapa de Necesidades que desarroll\u00f3 para poder receptar la participaci\u00f3n ciudadana y conocer en forma m\u00e1s profundas las ideas de los vecinos y las diferentes problem\u00e1ticas que hay en la ciudad, que acompa\u00f1a a lo que escucha a trav\u00e9s de las constantes visitas que realiza a los barrios.<\/p>\n<p>\u201cEs una propuesta creativa que presentamos da cuenta de lo que es trabajar en equipo y con creatividad y siempre impulsando la participaci\u00f3n y la opini\u00f3n de todos los mercedinos, porque entendemos que el 14 de agosto Mercedes tiene una oportunidad hist\u00f3rica, no solamente por el respaldo que tenemos del Gobierno Nacional y Provincial, sino tambi\u00e9n por la cantidad de hombres y mujeres que se han acercado a trabajar en el Frente por la ciudad\u201d, dijo Ustarroz ante los medios y p\u00fablico presente.<\/p>\n<p>El candidato a Intendente estuvo acompa\u00f1ado por Eduardo De Pedro, candidato a Diputado Nacional y Alberto Espa\u00f1a, candidato a Diputado Provincial, m\u00e1s los candidatos a Concejales de su lista, que acompa\u00f1ar\u00e1n a Daniel Scioli como candidato a Gobernador y a Cristina Fern\u00e1ndez de Kirchner como candidata a Presidente.<\/p>\n<p>Adem\u00e1s de la encuesta a trav\u00e9s del papel, que se ha realizado casa por casa, Ustarroz y su equipo t\u00e9cnico tambi\u00e9n pensaron en un esquema de participaci\u00f3n virtual, que fue este Mapa de Necesidades, que ya cuenta con varias propuestas e ideas, como cuestiones vinculadas al transporte, al trabajo y a la v\u00eda p\u00fablica. \u201cEs una propuesta participativa, y novedosa, donde el vecino, desde su domicilio, puede plasmar su necesidad o inquietud\u201d, se\u00f1al\u00f3 Ustarroz.<\/p>\n<p>En su oratoria, Ustarroz consider\u00f3 que en \u201cMercedes se ha generado un clima de esperanza, nosotros no venimos a criticar, venimos a proponer, a trabajar y a desarrollar en nuestra ciudad porque entendemos que Mercedes puede mucho m\u00e1s y en sinton\u00eda con un gobierno nacional que viene realizando una transformaci\u00f3n desde 2003, es el momento que Mercedes pueda avanzar en esta l\u00ednea y profundizar los cambios\u201d y agreg\u00f3 que lo que se puede ver en la Web es un correlato de las encuestas realizadas, que se pudieron llevar adelante \u201cpor la gran participaci\u00f3n de la ciudadan\u00eda, que nos abri\u00f3 las puertas y particip\u00f3 activamente\u201d, remarc\u00f3.<\/p>\n<p>Por otra parte, el candidato a Intendente que llevar\u00e1 como cabeza de lista a Cristina Fern\u00e1ndez de Kirchner anunci\u00f3 que \u201crespecto a la vivienda quiero anunciar que desde el Frente estamos trabajando en un plan de acceso masivo a la vivienda, que va a tener un impacto muy importante en toda la comunidad, y a tener un r\u00e1pido impacto en los que est\u00e1n pagando alquileres elevados, que es consecuencia de la falta de gesti\u00f3n y de la falta de oferta de vivienda que genera precios exorbitantes\u201d.<\/p>\n<p><strong>Acusaciones en Clar\u00edn<\/strong><\/p>\n<p>Ustarroz aprovech\u00f3 la oportunidad para hablar sobre los dichos sobre su persona que fueron publicados en el diario Clar\u00edn del domingo 10 de julio. Sobre esto, Juani dijo que \u201cminimizamos la operaci\u00f3n mediatica que se ha desarrollado porque entendemos que este espacio ha crecido mucho. Algunos entienden que la forma de bajarlo es agraviando e injuriando, construyendo ficciones en donde intentan hacer aparecer a este nuevo espacio como algo que no es, con informaciones totalmente inexactas. Que se queden tranquilos los ciudadanos de Mercedes, porque seguimos trabajando con el mismo tes\u00f3n y compromiso de siempre. Somos personas cuya trayectoria demuestran honestidad y vamos a gestionar en diciembre el municipio con criterios de inclusi\u00f3n social, con creatividad, con transparencia\u201d.<\/p>\n<p>Adem\u00e1s, agreg\u00f3 que \u201chemos mostrado sobrada capacidad de realizar estas gestiones pos del beneficio de nuestra comunidad, como la combi que gestionamos, los viajes que distintas escuelas de nuestra ciudad realizaron a C\u00f3rdoba y a la Ciudad de Buenos Aires, la balanza para la Sociedad Rural, los subsidios a los clubes y al polideportivo, la lista es muy larga\u201d, subray\u00f3.<\/p>\n<p>Ustarroz, adem\u00e1s, record\u00f3 el trabajo realizado semanas atr\u00e1s en el barrio Esperanza, donde se pintaron cerca de un centenar de frentes de esa barriada y resalt\u00f3 que \u201cdemostramos que es posible embellecer el barrio y transformar la realidad con acciones concretas y cotidianas. Nosotros seguimos realizando una campa\u00f1a que la entendemos que hay que hacerla sobre la base del trabajo, de los proyectos y de las propuestas\u201d.<\/p>\n","protected":false},"excerpt":{"rendered":"<p>&nbsp; A trav\u00e9s de una conferencia de prensa, el candidato a intendente Juan Ustarroz habl\u00f3 sobre el Mapa de Necesidades &#8230; <a title=\"Ustarroz dia a conocer el Mapa de Necesidades de su Web\" class=\"read-more\" href=\"https:\/\/www.hoymercedes.com.ar\/principal\/2011\/07\/18\/ustarroz-dia-a-conocer-el-mapa-de-necesidades-de-su-web\/\" aria-label=\"Leer m\u00e1s sobre Ustarroz dia a conocer el Mapa de Necesidades de su Web\">Leer m\u00e1s<\/a><\/p>\n","protected":false},"author":1,"featured_media":0,"comment_status":"open","ping_status":"open","sticky":false,"template":"","format":"standard","meta":{"_monsterinsights_skip_tracking":false,"_monsterinsights_sitenote_active":false,"_monsterinsights_sitenote_note":"","_monsterinsights_sitenote_category":0,"jetpack_post_was_ever_published":false,"_jetpack_newsletter_access":"","_jetpack_dont_email_post_to_subs":false,"_jetpack_newsletter_tier_id":0,"_jetpack_memberships_contains_paywalled_content":false,"_jetpack_memberships_contains_paid_content":false,"footnotes":"","jetpack_publicize_message":"","jetpack_publicize_feature_enabled":true,"jetpack_social_post_already_shared":false,"jetpack_social_options":{"image_generator_settings":{"template":"highway","default_image_id":0,"font":"","enabled":false},"version":2},"_wpas_customize_per_network":false},"categories":[5],"tags":[273,1042,424],"class_list":["post-5624","post","type-post","status-publish","format-standard","hentry","category-politica","tag-juan-pablo-lopez","tag-mapa-necesidades","tag-ustarroz","generate-columns","tablet-grid-50","mobile-grid-100","grid-parent","grid-50"],"jetpack_publicize_connections":[],"jetpack_featured_media_url":"","wps_subtitle":"","jetpack_sharing_enabled":true,"_links":{"self":[{"href":"https:\/\/www.hoymercedes.com.ar\/principal\/wp-json\/wp\/v2\/posts\/5624","targetHints":{"allow":["GET"]}}],"collection":[{"href":"https:\/\/www.hoymercedes.com.ar\/principal\/wp-json\/wp\/v2\/posts"}],"about":[{"href":"https:\/\/www.hoymercedes.com.ar\/principal\/wp-json\/wp\/v2\/types\/post"}],"author":[{"embeddable":true,"href":"https:\/\/www.hoymercedes.com.ar\/principal\/wp-json\/wp\/v2\/users\/1"}],"replies":[{"embeddable":true,"href":"https:\/\/www.hoymercedes.com.ar\/principal\/wp-json\/wp\/v2\/comments?post=5624"}],"version-history":[{"count":0,"href":"https:\/\/www.hoymercedes.com.ar\/principal\/wp-json\/wp\/v2\/posts\/5624\/revisions"}],"wp:attachment":[{"href":"https:\/\/www.hoymercedes.com.ar\/principal\/wp-json\/wp\/v2\/media?parent=5624"}],"wp:term":[{"taxonomy":"category","embeddable":true,"href":"https:\/\/www.hoymercedes.com.ar\/principal\/wp-json\/wp\/v2\/categories?post=5624"},{"taxonomy":"post_tag","embeddable":true,"href":"https:\/\/www.hoymercedes.com.ar\/principal\/wp-json\/wp\/v2\/tags?post=5624"}],"curies":[{"name":"wp","href":"https:\/\/api.w.org\/{rel}","templated":true}]}}