{"id":56278,"date":"2016-10-24T10:22:06","date_gmt":"2016-10-24T13:22:06","guid":{"rendered":"http:\/\/www.hoymercedes.com.ar\/principal\/?p=56278"},"modified":"2016-10-24T10:22:06","modified_gmt":"2016-10-24T13:22:06","slug":"un-detenido-por-una-gresca-el-ano-pasado","status":"publish","type":"post","link":"https:\/\/www.hoymercedes.com.ar\/principal\/2016\/10\/24\/un-detenido-por-una-gresca-el-ano-pasado\/","title":{"rendered":"Un detenido por una gresca el a\u00f1o pasado"},"content":{"rendered":"<p><strong>El hecho ocurri\u00f3 en el Club Racing e intervinieron el cantinero del lugar y un cliente. Tras una discusi\u00f3n hubo un disparo al aire que impact\u00f3 contra el cliente y ahora detuvieron al cantinero<\/strong><br \/>\n<!--more--><\/p>\n<p>&nbsp;<\/p>\n<p>En septiembre del a\u00f1o pasado, se dio una gresca en el Club Racing en calle 14 entre 43 y 41. El cantinero del lugar mantuvo una discusi\u00f3n con un cliente de apellido Retegui el que rompi\u00f3 unas botellas. Lanz\u00f3 un disparo con intensiones de disuadirlo y este termin\u00f3 en el cuerpo del sujeto, provoc\u00e1ndole una herida leve pero por la cual debi\u00f3 ser asistido en el nosocomio local.<\/p>\n<p>El hecho se caratul\u00f3 como \u201cHomicidio simple en grado de tentativa agravado por su comisi\u00f3n con arma de fuego, y tenencia ilegal de arma de uso civil\u201d e intervino la UFI N\u00b0 2, a cargo del doctor Leandro Marquiegui.<\/p>\n<p>El cantinero del club, de apellido Pardo, fue detenido este viernes tras librarse la orden de detenci\u00f3n por parte del Juzgado de Garant\u00edas N\u00b0 2 y qued\u00f3 alojado en la comisar\u00eda local.<\/p>\n<p>&nbsp;<\/p>\n<p><strong>Robos en tentativa<\/strong><\/p>\n<p>El pasado lunes, personal de cuadriculas de la Polic\u00eda comunal fue alertado por el 911, que en calle 25 entre 18 y 20 dos sujetos intentaron arrebatarle billetera y celular a mujer que caminaba por dicho lugar. La joven logr\u00f3 evadirlos e inmediatamente hizo el llamado dando la descripci\u00f3n f\u00edsica y vestimenta de los autores del hecho.<\/p>\n<p>R\u00e1pidamente se efectu\u00f3 un operativo cerrojo y aprehendieron a los autores en las inmediaciones.<\/p>\n<p>En tanto, el mi\u00e9rcoles, dos menores ingresaron con finalidad delictiva a un inmueble deshabitado, ubicado en calle 26 bis y 57. Fueron sorprendidos por la polic\u00eda y quedaron detenidos a disposici\u00f3n del Fuero de Responsabilidad Juvenil y posteriormente fueron entregados a sus padres.<\/p>\n<p>&nbsp;<\/p>\n<p><strong>Motos recuperadas<\/strong><\/p>\n<p>El martes, en calle 49 y 18 se secuestr\u00f3 una motocicleta Honda CVX 250cc con pedido de secuestro vigente requerido por la Fiscaliza en turno de Escobar. Fue aprehendido en la \u201curgencia\u201d el conductor del rodado.<\/p>\n<p>En la misma jornada, se llev\u00f3 a cabo un allanamiento fiscal en el domicilio de un sujeto que fue sindicado como el autor del hurto de una motocicleta. En el mismo se encontr\u00f3 el motoveh\u00edculo que fuera denunciado: una moto marca Honda Wave.<\/p>\n","protected":false},"excerpt":{"rendered":"<p>El hecho ocurri\u00f3 en el Club Racing e intervinieron el cantinero del lugar y un cliente. Tras una discusi\u00f3n hubo &#8230; <a title=\"Un detenido por una gresca el a\u00f1o pasado\" class=\"read-more\" href=\"https:\/\/www.hoymercedes.com.ar\/principal\/2016\/10\/24\/un-detenido-por-una-gresca-el-ano-pasado\/\" aria-label=\"Leer m\u00e1s sobre Un detenido por una gresca el a\u00f1o pasado\">Leer m\u00e1s<\/a><\/p>\n","protected":false},"author":1,"featured_media":41413,"comment_status":"open","ping_status":"open","sticky":false,"template":"","format":"standard","meta":{"_monsterinsights_skip_tracking":false,"_monsterinsights_sitenote_active":false,"_monsterinsights_sitenote_note":"","_monsterinsights_sitenote_category":0,"jetpack_post_was_ever_published":false,"_jetpack_newsletter_access":"","_jetpack_dont_email_post_to_subs":false,"_jetpack_newsletter_tier_id":0,"_jetpack_memberships_contains_paywalled_content":false,"_jetpack_memberships_contains_paid_content":false,"footnotes":"","jetpack_publicize_message":"","jetpack_publicize_feature_enabled":true,"jetpack_social_post_already_shared":true,"jetpack_social_options":{"image_generator_settings":{"template":"highway","default_image_id":0,"font":"","enabled":false},"version":2},"_wpas_customize_per_network":false},"categories":[85],"tags":[],"class_list":["post-56278","post","type-post","status-publish","format-standard","has-post-thumbnail","hentry","category-policial","generate-columns","tablet-grid-50","mobile-grid-100","grid-parent","grid-50"],"jetpack_publicize_connections":[],"jetpack_featured_media_url":"https:\/\/www.hoymercedes.com.ar\/principal\/wp-content\/uploads\/2015\/05\/bonaerense-policia.jpg","wps_subtitle":"Hechos policiales","jetpack_sharing_enabled":true,"_links":{"self":[{"href":"https:\/\/www.hoymercedes.com.ar\/principal\/wp-json\/wp\/v2\/posts\/56278","targetHints":{"allow":["GET"]}}],"collection":[{"href":"https:\/\/www.hoymercedes.com.ar\/principal\/wp-json\/wp\/v2\/posts"}],"about":[{"href":"https:\/\/www.hoymercedes.com.ar\/principal\/wp-json\/wp\/v2\/types\/post"}],"author":[{"embeddable":true,"href":"https:\/\/www.hoymercedes.com.ar\/principal\/wp-json\/wp\/v2\/users\/1"}],"replies":[{"embeddable":true,"href":"https:\/\/www.hoymercedes.com.ar\/principal\/wp-json\/wp\/v2\/comments?post=56278"}],"version-history":[{"count":0,"href":"https:\/\/www.hoymercedes.com.ar\/principal\/wp-json\/wp\/v2\/posts\/56278\/revisions"}],"wp:featuredmedia":[{"embeddable":true,"href":"https:\/\/www.hoymercedes.com.ar\/principal\/wp-json\/wp\/v2\/media\/41413"}],"wp:attachment":[{"href":"https:\/\/www.hoymercedes.com.ar\/principal\/wp-json\/wp\/v2\/media?parent=56278"}],"wp:term":[{"taxonomy":"category","embeddable":true,"href":"https:\/\/www.hoymercedes.com.ar\/principal\/wp-json\/wp\/v2\/categories?post=56278"},{"taxonomy":"post_tag","embeddable":true,"href":"https:\/\/www.hoymercedes.com.ar\/principal\/wp-json\/wp\/v2\/tags?post=56278"}],"curies":[{"name":"wp","href":"https:\/\/api.w.org\/{rel}","templated":true}]}}