{"id":56311,"date":"2016-10-25T08:00:16","date_gmt":"2016-10-25T11:00:16","guid":{"rendered":"http:\/\/www.hoymercedes.com.ar\/principal\/?p=56311"},"modified":"2016-10-25T15:03:51","modified_gmt":"2016-10-25T18:03:51","slug":"municipio-se-puso-firme-con-comerciantes-por-arrojar-basura-fuera-de-horari","status":"publish","type":"post","link":"https:\/\/www.hoymercedes.com.ar\/principal\/2016\/10\/25\/municipio-se-puso-firme-con-comerciantes-por-arrojar-basura-fuera-de-horari\/","title":{"rendered":"Municipio se puso firme con comerciantes por arrojar basura fuera de horario"},"content":{"rendered":"<p><img loading=\"lazy\" decoding=\"async\" data-attachment-id=\"56315\" data-permalink=\"https:\/\/www.hoymercedes.com.ar\/principal\/2016\/10\/25\/municipio-se-puso-firme-con-comerciantes-por-arrojar-basura-fuera-de-horari\/centro-3-25-y-18\/#main\" data-orig-file=\"https:\/\/www.hoymercedes.com.ar\/principal\/wp-content\/uploads\/2016\/10\/Centro-3-25-y-18.jpg\" data-orig-size=\"630,394\" data-comments-opened=\"1\" data-image-meta=\"{&quot;aperture&quot;:&quot;0&quot;,&quot;credit&quot;:&quot;&quot;,&quot;camera&quot;:&quot;&quot;,&quot;caption&quot;:&quot;&quot;,&quot;created_timestamp&quot;:&quot;0&quot;,&quot;copyright&quot;:&quot;&quot;,&quot;focal_length&quot;:&quot;0&quot;,&quot;iso&quot;:&quot;0&quot;,&quot;shutter_speed&quot;:&quot;0&quot;,&quot;title&quot;:&quot;&quot;,&quot;orientation&quot;:&quot;0&quot;}\" data-image-title=\"centro-3-25-y-18\" data-image-description=\"\" data-image-caption=\"\" data-large-file=\"https:\/\/www.hoymercedes.com.ar\/principal\/wp-content\/uploads\/2016\/10\/Centro-3-25-y-18.jpg\" class=\"wp-image-56315 size-medium\" src=\"https:\/\/www.hoymercedes.com.ar\/principal\/wp-content\/uploads\/2016\/10\/Centro-3-25-y-18-630x394.jpg\" alt=\"centro-3-25-y-18\" width=\"630\" height=\"394\" srcset=\"https:\/\/www.hoymercedes.com.ar\/principal\/wp-content\/uploads\/2016\/10\/Centro-3-25-y-18.jpg 630w, https:\/\/www.hoymercedes.com.ar\/principal\/wp-content\/uploads\/2016\/10\/Centro-3-25-y-18-150x94.jpg 150w, https:\/\/www.hoymercedes.com.ar\/principal\/wp-content\/uploads\/2016\/10\/Centro-3-25-y-18-400x250.jpg 400w\" sizes=\"auto, (max-width: 630px) 100vw, 630px\" \/><\/p>\n<p>Vigilancia por las c\u00e1maras<\/p>\n<p>Este lunes se inici\u00f3 el proceso de convocatoria para comparecer ante el Juzgado de Faltas a comerciantes sobre los cuales Control Urbano llev\u00f3 a cabo actas por manipular y sacar basura a la calle fuera del horario establecido, generando un perjuicio a los vecinos que transitan por el espacio p\u00fablico. El Municipio, de esta manera, se pone firme ante un sector de la sociedad que suele reclamar y pedir mayores y mejores servicios, aunque muchas veces no responden de la misma manera cayendo en el \u201chaz lo que yo digo y no lo que yo hago\u201d<\/p>\n<p>Control Urbano labr\u00f3 las primeras actas a comerciantes y seis ya est\u00e1n citados a efectuar su descargo ante el juez de faltas Mat\u00edas Marezca siendo tres los que declararon \u00e9ste lunes.<\/p>\n<p>Comerciantes del radio c\u00e9ntrico quedaron en evidencia, tanto por el control de los agentes como por las c\u00e1maras de seguridad del Centro de Monitoreo, que no cumpl\u00edan con el horario ni el tipo de tratamiento que deben realizar sobre los residuos que generan. Algunos son peligrosos, otros no, sin embargo hay pautas de convivencia y conducta que deben empezar a ser respetadas, sostuvieron desde la Comuna que empez\u00f3 los tr\u00e1mites administrativos correspondientes para que algunos sean sancionados y multados.<img loading=\"lazy\" decoding=\"async\" data-attachment-id=\"56316\" data-permalink=\"https:\/\/www.hoymercedes.com.ar\/principal\/2016\/10\/25\/municipio-se-puso-firme-con-comerciantes-por-arrojar-basura-fuera-de-horari\/teatro-1\/#main\" data-orig-file=\"https:\/\/www.hoymercedes.com.ar\/principal\/wp-content\/uploads\/2016\/10\/teatro-1.jpg\" data-orig-size=\"630,504\" data-comments-opened=\"1\" data-image-meta=\"{&quot;aperture&quot;:&quot;0&quot;,&quot;credit&quot;:&quot;&quot;,&quot;camera&quot;:&quot;&quot;,&quot;caption&quot;:&quot;&quot;,&quot;created_timestamp&quot;:&quot;0&quot;,&quot;copyright&quot;:&quot;&quot;,&quot;focal_length&quot;:&quot;0&quot;,&quot;iso&quot;:&quot;0&quot;,&quot;shutter_speed&quot;:&quot;0&quot;,&quot;title&quot;:&quot;&quot;,&quot;orientation&quot;:&quot;0&quot;}\" data-image-title=\"teatro-1\" data-image-description=\"\" data-image-caption=\"\" data-large-file=\"https:\/\/www.hoymercedes.com.ar\/principal\/wp-content\/uploads\/2016\/10\/teatro-1.jpg\" class=\"aligncenter size-medium wp-image-56316\" src=\"https:\/\/www.hoymercedes.com.ar\/principal\/wp-content\/uploads\/2016\/10\/teatro-1-630x504.jpg\" alt=\"teatro-1\" width=\"630\" height=\"504\" srcset=\"https:\/\/www.hoymercedes.com.ar\/principal\/wp-content\/uploads\/2016\/10\/teatro-1.jpg 630w, https:\/\/www.hoymercedes.com.ar\/principal\/wp-content\/uploads\/2016\/10\/teatro-1-150x120.jpg 150w\" sizes=\"auto, (max-width: 630px) 100vw, 630px\" \/><\/p>\n<p>Marezca coment\u00f3 al respecto que \u201cla Secretaria de Control Urbano nos env\u00eda una nota poniendo en conocimiento que oportunamente se envi\u00f3 notificaci\u00f3n a todos los comercios habilitados de los horarios de retiro de basura y las correspondientes sanciones en caso de incumplimiento, adjuntando adem\u00e1s un parte emitido por el COM de donde surge el incumplimiento a instancias de algunos establecimientos comerciales del retiro de la basura en los horarios establecidos, que hab\u00eda sido observado por las c\u00e1maras\u201d narr\u00f3 el juez de falta local, Mar\u00edas Matezca, quien tambi\u00e9n\u00a0 \u201clo que hice fue tomarlo el env\u00edo como una denuncia en los t\u00e9rminos del art 35 de la 5650\/03, realizada por un funcionario p\u00fablico.\u00a0Arme un expediente y orden\u00e9 citar a todos los comerciantes que hab\u00edan sido debidamente notificados y hab\u00edan incumplido\u201d afirm\u00f3 el Juez.<\/p>\n<p>Josefina Kelly, responsable de Control Urbano, coment\u00f3: \u201cson seis los primeros citados. Se inicia as\u00ed un proceso profundo de revisi\u00f3n de cumplimiento de conductas y como corresponde en todos los espacios. Sin privilegios y con la clara determinaci\u00f3n que nos dio el intendente de trabajar a fondo en un tema complejo\u201d sostuvo la funcionaria.<\/p>\n<p>La decisi\u00f3n del municipio fue iniciar el control en distintos puntos de la ciudad y en esta ocasi\u00f3n los comerciantes, quienes sin duda tienen un valor agregado a la hora de respetar las normas. Los mismos fueron notificados y receptores de actas de infracci\u00f3n sobre las que deber\u00e1n y empezaron a rendir cuentas. Para muchos vecinos fue una buena medida iniciar por ellos mostrando que no existen privilegios.<\/p>\n<p>Extra oficialmente se supo que hay varias empresas y centros comerciales de importancia bajo la lupa y con una investigaci\u00f3n de por medio. Muchos recuerdan el caso de la cl\u00ednica cuando no s\u00f3lo se sancion\u00f3 sino que tambi\u00e9n se le efectu\u00f3 una denuncia en la fiscal\u00eda de turno por arrojar elementos pat\u00f3genos a la v\u00eda p\u00fablica.<\/p>\n<p>Por su parte el intendente, Juan Ignacio Ustarroz, coment\u00f3 que \u201clos controles deben realizarse siempre, pero, fundamentalmente debemos continuar nuestro camino para construir una cultura que proteja el medio ambiente, el espacio p\u00fablico, el respeto a las normas de convivencia, la belleza urbana y rural y fundamentalmente la salud. Debemos construir ese respeto al pr\u00f3jimo porque podemos juntar mil bolsas, pero no pasa por ah\u00ed, pasa por ser todos responsables. No es la ciudad m\u00e1s limpia la que m\u00e1s recolectores tiene en la calle, sino aquella en la que menos se ensucia o en la que se lo hace responsablemente por medio del tratamiento adecuado\u201d.<\/p>\n<p>Este lunes se inici\u00f3 el proceso. Algo que para muchos es sumamente necesario. La Municipalidad pas\u00f3 a los hechos y los comerciantes fueron citados. Se supo tambi\u00e9n que est\u00e1n buscando mecanismos alternativos para otras zonas ya que hay lugares en la ciudad donde camionetas de primera l\u00ednea arrojan residuos y van creando basurales ilegales o bien monta\u00f1as de desechos que luego debe retirar servicios p\u00fablicos.<\/p>\n<p>&nbsp;<\/p>\n","protected":false},"excerpt":{"rendered":"<p>Vigilancia por las c\u00e1maras Este lunes se inici\u00f3 el proceso de convocatoria para comparecer ante el Juzgado de Faltas a &#8230; <a title=\"Municipio se puso firme con comerciantes por arrojar basura fuera de horario\" class=\"read-more\" href=\"https:\/\/www.hoymercedes.com.ar\/principal\/2016\/10\/25\/municipio-se-puso-firme-con-comerciantes-por-arrojar-basura-fuera-de-horari\/\" aria-label=\"Leer m\u00e1s sobre Municipio se puso firme con comerciantes por arrojar basura fuera de horario\">Leer m\u00e1s<\/a><\/p>\n","protected":false},"author":1,"featured_media":56316,"comment_status":"open","ping_status":"open","sticky":false,"template":"","format":"standard","meta":{"_monsterinsights_skip_tracking":false,"_monsterinsights_sitenote_active":false,"_monsterinsights_sitenote_note":"","_monsterinsights_sitenote_category":0,"jetpack_post_was_ever_published":false,"_jetpack_newsletter_access":"","_jetpack_dont_email_post_to_subs":false,"_jetpack_newsletter_tier_id":0,"_jetpack_memberships_contains_paywalled_content":false,"_jetpack_memberships_contains_paid_content":false,"footnotes":"","jetpack_publicize_message":"","jetpack_publicize_feature_enabled":true,"jetpack_social_post_already_shared":true,"jetpack_social_options":{"image_generator_settings":{"template":"highway","default_image_id":0,"font":"","enabled":false},"version":2},"_wpas_customize_per_network":false},"categories":[8],"tags":[1833,3693,1616,8437],"class_list":["post-56311","post","type-post","status-publish","format-standard","has-post-thumbnail","hentry","category-sociedad","tag-basura","tag-camaras-de-seguridad","tag-control-urbano","tag-josefina-kelly","generate-columns","tablet-grid-50","mobile-grid-100","grid-parent","grid-50"],"jetpack_publicize_connections":[],"jetpack_featured_media_url":"https:\/\/www.hoymercedes.com.ar\/principal\/wp-content\/uploads\/2016\/10\/teatro-1.jpg","wps_subtitle":"Respeto ciudadano","jetpack_sharing_enabled":true,"_links":{"self":[{"href":"https:\/\/www.hoymercedes.com.ar\/principal\/wp-json\/wp\/v2\/posts\/56311","targetHints":{"allow":["GET"]}}],"collection":[{"href":"https:\/\/www.hoymercedes.com.ar\/principal\/wp-json\/wp\/v2\/posts"}],"about":[{"href":"https:\/\/www.hoymercedes.com.ar\/principal\/wp-json\/wp\/v2\/types\/post"}],"author":[{"embeddable":true,"href":"https:\/\/www.hoymercedes.com.ar\/principal\/wp-json\/wp\/v2\/users\/1"}],"replies":[{"embeddable":true,"href":"https:\/\/www.hoymercedes.com.ar\/principal\/wp-json\/wp\/v2\/comments?post=56311"}],"version-history":[{"count":0,"href":"https:\/\/www.hoymercedes.com.ar\/principal\/wp-json\/wp\/v2\/posts\/56311\/revisions"}],"wp:featuredmedia":[{"embeddable":true,"href":"https:\/\/www.hoymercedes.com.ar\/principal\/wp-json\/wp\/v2\/media\/56316"}],"wp:attachment":[{"href":"https:\/\/www.hoymercedes.com.ar\/principal\/wp-json\/wp\/v2\/media?parent=56311"}],"wp:term":[{"taxonomy":"category","embeddable":true,"href":"https:\/\/www.hoymercedes.com.ar\/principal\/wp-json\/wp\/v2\/categories?post=56311"},{"taxonomy":"post_tag","embeddable":true,"href":"https:\/\/www.hoymercedes.com.ar\/principal\/wp-json\/wp\/v2\/tags?post=56311"}],"curies":[{"name":"wp","href":"https:\/\/api.w.org\/{rel}","templated":true}]}}