{"id":56337,"date":"2016-10-25T17:00:25","date_gmt":"2016-10-25T20:00:25","guid":{"rendered":"http:\/\/www.hoymercedes.com.ar\/principal\/?p=56337"},"modified":"2016-10-25T16:12:06","modified_gmt":"2016-10-25T19:12:06","slug":"el-municipio-sostiene-el-programa-argentina-sonrie","status":"publish","type":"post","link":"https:\/\/www.hoymercedes.com.ar\/principal\/2016\/10\/25\/el-municipio-sostiene-el-programa-argentina-sonrie\/","title":{"rendered":"El Municipio sostiene el programa Argentina Sonr\u00ede"},"content":{"rendered":"<p>De acuerdo a la informaci\u00f3n nacional, el\u00a0gobierno desactiv\u00f3 formalmente el \u201cPrograma Argentina Sonr\u00ede\u201d. Programa que en Mercedes continuar\u00e1 funcionando tras la intervenci\u00f3n y el convenio que la Municipalidad realiz\u00f3 en su momento cuando decidi\u00f3 concluir con los tratamientos iniciados el a\u00f1o pasado.<\/p>\n<p>\u201cEn junio de \u00e9ste a\u00f1o se hizo presente la autoridad pertinente con una auditoria, vieron todo y quedaron muy entusiasmados e impulsaron a crear &#8216;Mercedes Sonr\u00eda&#8217; as\u00ed que estamos en constante comunicaci\u00f3n y trabajo\u00bb &#8211; dijo el\u00a0Secretario de Salud, Dr.\u00a0Pablo Cassiani sobre el programa nacional que funcion\u00f3 en la ciudad y que este a\u00f1o continu\u00f3 con el trabajo de odont\u00f3logos contratados por la Comuna.<\/p>\n<p>\u00abTenemos un convenio entre Municipio y el Ministerio de Salud de la Naci\u00f3n para dejarnos en comodato uno de los trailers hasta el 31 de diciembre para desarrollar el programa\u00bb, agreg\u00f3 Cassiani y destac\u00f3 que hab\u00eda otro que \u00abse comprometieron\u00bb retirarlo aunque a\u00fan no lo hicieron.<\/p>\n<p>\u00abNosotros usamos de los cuatro\u00a0consultorios, dos y estamos trabajando muy bien con la Direcci\u00f3n Nacional de Salud Bucal donde cada mes remitimos un informe e incluso ya firmamos un convenio con la Facultad de Odontolog\u00eda de la Universidad de La Plata con lo cual se deja m\u00e1s en evidencia que se trabaja, somos el \u00fanico municipio del pa\u00eds que hizo una propuesta propia y su desarrollo. Pensemos que lo m\u00e1s caro ya estaba comprado y no ten\u00eda sentido se cayera el Programa. Ellos ponen el trailer y nosotros el gasto en profesionales y parte de los insumos porque es justo decir que en Naci\u00f3n ten\u00edan en stock y nos han enviado as\u00ed que es notorio que en Mercedes funciona perfectamente\u201d asegur\u00f3 Cassiani.<\/p>\n<p>En el marco del programa \u00abMercedes sonr\u00ede\u00bb, se\u00a0instalar\u00e1 en el Centro Integrador Comunitario\u00a0un consultorio odontol\u00f3gico para poder continuar trabajando. D\u00edas atr\u00e1s se recibi\u00f3 una nueva donaci\u00f3n de consultorio que se llevar\u00e1 a un CAPS<\/p>\n<p>&nbsp;<\/p>\n<p>Fuente: Prensa Municipal<\/p>\n","protected":false},"excerpt":{"rendered":"<p>De acuerdo a la informaci\u00f3n nacional, el\u00a0gobierno desactiv\u00f3 formalmente el \u201cPrograma Argentina Sonr\u00ede\u201d. Programa que en Mercedes continuar\u00e1 funcionando tras &#8230; <a title=\"El Municipio sostiene el programa Argentina Sonr\u00ede\" class=\"read-more\" href=\"https:\/\/www.hoymercedes.com.ar\/principal\/2016\/10\/25\/el-municipio-sostiene-el-programa-argentina-sonrie\/\" aria-label=\"Leer m\u00e1s sobre El Municipio sostiene el programa Argentina Sonr\u00ede\">Leer m\u00e1s<\/a><\/p>\n","protected":false},"author":1,"featured_media":52768,"comment_status":"open","ping_status":"open","sticky":false,"template":"","format":"standard","meta":{"_monsterinsights_skip_tracking":false,"_monsterinsights_sitenote_active":false,"_monsterinsights_sitenote_note":"","_monsterinsights_sitenote_category":0,"jetpack_post_was_ever_published":false,"_jetpack_newsletter_access":"","_jetpack_dont_email_post_to_subs":false,"_jetpack_newsletter_tier_id":0,"_jetpack_memberships_contains_paywalled_content":false,"_jetpack_memberships_contains_paid_content":false,"footnotes":"","jetpack_publicize_message":"","jetpack_publicize_feature_enabled":true,"jetpack_social_post_already_shared":true,"jetpack_social_options":{"image_generator_settings":{"template":"highway","default_image_id":0,"font":"","enabled":false},"version":2},"_wpas_customize_per_network":false},"categories":[30,9791],"tags":[10152,244,10153],"class_list":["post-56337","post","type-post","status-publish","format-standard","has-post-thumbnail","hentry","category-municipio","category-salud","tag-mercedes-sonrie","tag-municipio-2","tag-programa-odontologico","generate-columns","tablet-grid-50","mobile-grid-100","grid-parent","grid-50"],"jetpack_publicize_connections":[],"jetpack_featured_media_url":"https:\/\/www.hoymercedes.com.ar\/principal\/wp-content\/uploads\/2016\/07\/22-mercedes-sonrie-2.jpg","wps_subtitle":"Con los convenios firmados con antelaci\u00f3n","jetpack_sharing_enabled":true,"_links":{"self":[{"href":"https:\/\/www.hoymercedes.com.ar\/principal\/wp-json\/wp\/v2\/posts\/56337","targetHints":{"allow":["GET"]}}],"collection":[{"href":"https:\/\/www.hoymercedes.com.ar\/principal\/wp-json\/wp\/v2\/posts"}],"about":[{"href":"https:\/\/www.hoymercedes.com.ar\/principal\/wp-json\/wp\/v2\/types\/post"}],"author":[{"embeddable":true,"href":"https:\/\/www.hoymercedes.com.ar\/principal\/wp-json\/wp\/v2\/users\/1"}],"replies":[{"embeddable":true,"href":"https:\/\/www.hoymercedes.com.ar\/principal\/wp-json\/wp\/v2\/comments?post=56337"}],"version-history":[{"count":0,"href":"https:\/\/www.hoymercedes.com.ar\/principal\/wp-json\/wp\/v2\/posts\/56337\/revisions"}],"wp:featuredmedia":[{"embeddable":true,"href":"https:\/\/www.hoymercedes.com.ar\/principal\/wp-json\/wp\/v2\/media\/52768"}],"wp:attachment":[{"href":"https:\/\/www.hoymercedes.com.ar\/principal\/wp-json\/wp\/v2\/media?parent=56337"}],"wp:term":[{"taxonomy":"category","embeddable":true,"href":"https:\/\/www.hoymercedes.com.ar\/principal\/wp-json\/wp\/v2\/categories?post=56337"},{"taxonomy":"post_tag","embeddable":true,"href":"https:\/\/www.hoymercedes.com.ar\/principal\/wp-json\/wp\/v2\/tags?post=56337"}],"curies":[{"name":"wp","href":"https:\/\/api.w.org\/{rel}","templated":true}]}}