{"id":56361,"date":"2016-10-26T17:44:28","date_gmt":"2016-10-26T20:44:28","guid":{"rendered":"http:\/\/www.hoymercedes.com.ar\/principal\/?p=56361"},"modified":"2016-10-26T09:54:41","modified_gmt":"2016-10-26T12:54:41","slug":"estudiantes-universitarios-presentes-en-la-unidad-5","status":"publish","type":"post","link":"https:\/\/www.hoymercedes.com.ar\/principal\/2016\/10\/26\/estudiantes-universitarios-presentes-en-la-unidad-5\/","title":{"rendered":"Estudiantes universitarios presentes en la Unidad 5"},"content":{"rendered":"<p>El pasado jueves 20, los alumnos de tercer a\u00f1o de la carrera de Derecho, de la Universidad Nacional de Lomas de Zamora, Sede Alberti, junto al Director de la mismaCarlos Vecchi, el coordinador docente Dario Delvagiustina, el profesor y Juez del TOC N\u00ba 6 de Lomas de Zamora Dr.\u00a0 Gabriel Vanderberg, y el profesor Dr. Julio Rios estuvieron en la Unidad Penitenciaria N\u00ba 5, en una jornada del aprendizaje de su carrera en la aplicaci\u00f3n penal.<\/p>\n<p>La comitiva cont\u00f3 con 20 estudiantes y fueron recibidos por las autoridades de la Unidad. El Director Adolfo Cersosimo les dio la bienvenida y una charla explicativa del trabajo que se hace en la Unidad con los detenidos, modos de alojamiento, las principales actividades que se desarrollan, para luego recorrer toda la c\u00e1rcel.<\/p>\n<p>En el recorrido por las instalaciones de talleres, escuelas, y secciones del establecimiento, fueron recibiendo charlas y del personal en actividad.<\/p>\n<p>En la despedida se trasmitieron mutuos agradecimientos, y el Director de la Sede Alberti de la UNLZ , Dr. Carlos Vecchi, puso \u00e9nfasis en la cordialidad con los que fueron recibidos y la importancia de que los alumnos vean el trabajo en la c\u00e1rcel, y la excelente predisposici\u00f3n del Director y de todo el personal de la mimsa.<\/p>\n<p>&nbsp;<\/p>\n<p>Fuente: Prensa Unidad N\u00ba 5<\/p>\n","protected":false},"excerpt":{"rendered":"<p>El pasado jueves 20, los alumnos de tercer a\u00f1o de la carrera de Derecho, de la Universidad Nacional de Lomas &#8230; <a title=\"Estudiantes universitarios presentes en la Unidad 5\" class=\"read-more\" href=\"https:\/\/www.hoymercedes.com.ar\/principal\/2016\/10\/26\/estudiantes-universitarios-presentes-en-la-unidad-5\/\" aria-label=\"Leer m\u00e1s sobre Estudiantes universitarios presentes en la Unidad 5\">Leer m\u00e1s<\/a><\/p>\n","protected":false},"author":1,"featured_media":0,"comment_status":"open","ping_status":"open","sticky":false,"template":"","format":"standard","meta":{"_monsterinsights_skip_tracking":false,"_monsterinsights_sitenote_active":false,"_monsterinsights_sitenote_note":"","_monsterinsights_sitenote_category":0,"jetpack_post_was_ever_published":false,"_jetpack_newsletter_access":"","_jetpack_dont_email_post_to_subs":false,"_jetpack_newsletter_tier_id":0,"_jetpack_memberships_contains_paywalled_content":false,"_jetpack_memberships_contains_paid_content":false,"footnotes":"","jetpack_publicize_message":"","jetpack_publicize_feature_enabled":true,"jetpack_social_post_already_shared":true,"jetpack_social_options":{"image_generator_settings":{"template":"highway","default_image_id":0,"font":"","enabled":false},"version":2},"_wpas_customize_per_network":false},"categories":[11],"tags":[1011,1734,113],"class_list":["post-56361","post","type-post","status-publish","format-standard","hentry","category-ciudad","tag-carcel","tag-ciudad-2","tag-unidad-5","generate-columns","tablet-grid-50","mobile-grid-100","grid-parent","grid-50"],"jetpack_publicize_connections":[],"jetpack_featured_media_url":"","wps_subtitle":"","jetpack_sharing_enabled":true,"_links":{"self":[{"href":"https:\/\/www.hoymercedes.com.ar\/principal\/wp-json\/wp\/v2\/posts\/56361","targetHints":{"allow":["GET"]}}],"collection":[{"href":"https:\/\/www.hoymercedes.com.ar\/principal\/wp-json\/wp\/v2\/posts"}],"about":[{"href":"https:\/\/www.hoymercedes.com.ar\/principal\/wp-json\/wp\/v2\/types\/post"}],"author":[{"embeddable":true,"href":"https:\/\/www.hoymercedes.com.ar\/principal\/wp-json\/wp\/v2\/users\/1"}],"replies":[{"embeddable":true,"href":"https:\/\/www.hoymercedes.com.ar\/principal\/wp-json\/wp\/v2\/comments?post=56361"}],"version-history":[{"count":0,"href":"https:\/\/www.hoymercedes.com.ar\/principal\/wp-json\/wp\/v2\/posts\/56361\/revisions"}],"wp:attachment":[{"href":"https:\/\/www.hoymercedes.com.ar\/principal\/wp-json\/wp\/v2\/media?parent=56361"}],"wp:term":[{"taxonomy":"category","embeddable":true,"href":"https:\/\/www.hoymercedes.com.ar\/principal\/wp-json\/wp\/v2\/categories?post=56361"},{"taxonomy":"post_tag","embeddable":true,"href":"https:\/\/www.hoymercedes.com.ar\/principal\/wp-json\/wp\/v2\/tags?post=56361"}],"curies":[{"name":"wp","href":"https:\/\/api.w.org\/{rel}","templated":true}]}}