{"id":56377,"date":"2016-10-26T17:52:52","date_gmt":"2016-10-26T20:52:52","guid":{"rendered":"http:\/\/www.hoymercedes.com.ar\/principal\/?p=56377"},"modified":"2016-10-26T17:52:52","modified_gmt":"2016-10-26T20:52:52","slug":"repararan-cano-y-no-habra-corte-de-agua-por-la-manana","status":"publish","type":"post","link":"https:\/\/www.hoymercedes.com.ar\/principal\/2016\/10\/26\/repararan-cano-y-no-habra-corte-de-agua-por-la-manana\/","title":{"rendered":"Reparar\u00e1n ca\u00f1o y no habr\u00e1 corte de agua por la ma\u00f1ana"},"content":{"rendered":"<p>La Municipalidad inform\u00f3 que evitar\u00e1 cortar el suministro de agua, que reci\u00e9n a las 10.00hs se sabr\u00e1 si es necesario y en caso de serlo s\u00f3lo desde 14.00hs podr\u00e1 haber alg\u00fan cese del servicios. El parte oficial es el siguiente:<\/p>\n<p><strong>Comunicaci\u00f3n Oficial<\/strong> \u2013 Municipalidad de Mercedes<br \/>\nLa Municipalidad de Mercedes informa que el pr\u00f3ximo jueves 27 de octubre llevar\u00e1 a cabo una significativa reparaci\u00f3n de un ca\u00f1o de agua, con rotura de la calzaba y tareas de ingenier\u00eda en la calle 41 entre 12 y 14.<br \/>\nLa obra demandar\u00e1 una importante cantidad de horas de trabajo. Para evitar contratiempos en las familias, instituciones y comercios no se cortar\u00e1 el suministro de agua corriente por la ma\u00f1ana y reci\u00e9n a las 10.00hs se sabr\u00e1 si es necesario arribar a tal instancia. De ser as\u00ed se informar\u00e1 por todos los medios oficiales desde la hora mencionada y eventualmente ser\u00eda a partir las 14.00hs. De lo contrario, el suministro no sufrir\u00e1 modificaci\u00f3n.<br \/>\nMunicipalidad de Mercedes<br \/>\n26 de octubre de 2016<\/p>\n<p>&nbsp;<\/p>\n","protected":false},"excerpt":{"rendered":"<p>La Municipalidad inform\u00f3 que evitar\u00e1 cortar el suministro de agua, que reci\u00e9n a las 10.00hs se sabr\u00e1 si es necesario &#8230; <a title=\"Reparar\u00e1n ca\u00f1o y no habr\u00e1 corte de agua por la ma\u00f1ana\" class=\"read-more\" href=\"https:\/\/www.hoymercedes.com.ar\/principal\/2016\/10\/26\/repararan-cano-y-no-habra-corte-de-agua-por-la-manana\/\" aria-label=\"Leer m\u00e1s sobre Reparar\u00e1n ca\u00f1o y no habr\u00e1 corte de agua por la ma\u00f1ana\">Leer m\u00e1s<\/a><\/p>\n","protected":false},"author":1,"featured_media":56378,"comment_status":"open","ping_status":"open","sticky":false,"template":"","format":"standard","meta":{"_monsterinsights_skip_tracking":false,"_monsterinsights_sitenote_active":false,"_monsterinsights_sitenote_note":"","_monsterinsights_sitenote_category":0,"jetpack_post_was_ever_published":false,"_jetpack_newsletter_access":"","_jetpack_dont_email_post_to_subs":false,"_jetpack_newsletter_tier_id":0,"_jetpack_memberships_contains_paywalled_content":false,"_jetpack_memberships_contains_paid_content":false,"footnotes":"","jetpack_publicize_message":"","jetpack_publicize_feature_enabled":true,"jetpack_social_post_already_shared":true,"jetpack_social_options":{"image_generator_settings":{"template":"highway","default_image_id":0,"font":"","enabled":false},"version":2},"_wpas_customize_per_network":false},"categories":[30],"tags":[10155],"class_list":["post-56377","post","type-post","status-publish","format-standard","has-post-thumbnail","hentry","category-municipio","tag-corte-de-agua","generate-columns","tablet-grid-50","mobile-grid-100","grid-parent","grid-50"],"jetpack_publicize_connections":[],"jetpack_featured_media_url":"https:\/\/www.hoymercedes.com.ar\/principal\/wp-content\/uploads\/2016\/10\/logo.png","wps_subtitle":"Parte oficial ","jetpack_sharing_enabled":true,"_links":{"self":[{"href":"https:\/\/www.hoymercedes.com.ar\/principal\/wp-json\/wp\/v2\/posts\/56377","targetHints":{"allow":["GET"]}}],"collection":[{"href":"https:\/\/www.hoymercedes.com.ar\/principal\/wp-json\/wp\/v2\/posts"}],"about":[{"href":"https:\/\/www.hoymercedes.com.ar\/principal\/wp-json\/wp\/v2\/types\/post"}],"author":[{"embeddable":true,"href":"https:\/\/www.hoymercedes.com.ar\/principal\/wp-json\/wp\/v2\/users\/1"}],"replies":[{"embeddable":true,"href":"https:\/\/www.hoymercedes.com.ar\/principal\/wp-json\/wp\/v2\/comments?post=56377"}],"version-history":[{"count":0,"href":"https:\/\/www.hoymercedes.com.ar\/principal\/wp-json\/wp\/v2\/posts\/56377\/revisions"}],"wp:featuredmedia":[{"embeddable":true,"href":"https:\/\/www.hoymercedes.com.ar\/principal\/wp-json\/wp\/v2\/media\/56378"}],"wp:attachment":[{"href":"https:\/\/www.hoymercedes.com.ar\/principal\/wp-json\/wp\/v2\/media?parent=56377"}],"wp:term":[{"taxonomy":"category","embeddable":true,"href":"https:\/\/www.hoymercedes.com.ar\/principal\/wp-json\/wp\/v2\/categories?post=56377"},{"taxonomy":"post_tag","embeddable":true,"href":"https:\/\/www.hoymercedes.com.ar\/principal\/wp-json\/wp\/v2\/tags?post=56377"}],"curies":[{"name":"wp","href":"https:\/\/api.w.org\/{rel}","templated":true}]}}