{"id":5643,"date":"2011-07-18T02:43:55","date_gmt":"2011-07-18T02:43:55","guid":{"rendered":"http:\/\/www.hoymercedes.com.ar\/principal\/?p=5643"},"modified":"2011-07-18T02:43:55","modified_gmt":"2011-07-18T02:43:55","slug":"el-partido-obrero-en-el-frente-de-izquierda-ante-el-anuncio-de-la-carcel-federal","status":"publish","type":"post","link":"https:\/\/www.hoymercedes.com.ar\/principal\/2011\/07\/18\/el-partido-obrero-en-el-frente-de-izquierda-ante-el-anuncio-de-la-carcel-federal\/","title":{"rendered":"El Partido Obrero en el Frente de Izquierda, ante el  anuncio de la c\u00e1rcel federal"},"content":{"rendered":"<p>El anuncio de la presidenta sobre la c\u00e1rcel federal en Agote, para 1500 internos y 1500 guardiac\u00e1rceles, pone otra vez al desnudo los s\u00faper negociados capitalistas en perjuicio de las familias trabajadoras de Gowland y de Agote<\/p>\n<p>El 4 de agosto se abre el proceso de licitaci\u00f3n para los empresarios que se presenten a construirla, y est\u00e1 claro que el llamado no es para alg\u00fan trabajador alba\u00f1il, ni para alg\u00fan constructor peque\u00f1o.<\/p>\n<p>Para esta obra, que tendr\u00e1 una inversi\u00f3n inicial de 544 millones de pesos y que deber\u00e1 estar lista en tres a\u00f1os (1080 d\u00edas corridos), la sola adquisici\u00f3n del pliego para averiguar las condiciones, estar\u00eda por encima de los 6 mil pesos.<\/p>\n<p>Un beneficio ser\u00e1, una vez m\u00e1s, para la \u201cPatria Contratista\u201d compuesta por testaferros de los propios funcionarios o empresarios \u201cnacionales y populares\u201d amigos del gobierno que facturar\u00e1n cada bolsa de cemento a valores que escapan al c\u00e1lculo austero de quien no puede ampliar su precaria vivienda.<\/p>\n<p>Otro beneficio millonario ser\u00e1 para las corporaciones inmobiliarias de capital, que vuelven a afilarse los dientes por los proyectos de desarrollos de urbanizaci\u00f3n que podr\u00edan quintuplicar r\u00e1pidamente los 40 millones de d\u00f3lares (160 millones de pesos), que hoy valen s\u00f3lo las seis hect\u00e1reas peladas del barrio porte\u00f1o de Devoto.<\/p>\n<p>Pero la construcci\u00f3n de la c\u00e1rcel federal en el partido de Mercedes, obligar\u00e1 a una monumental obra de infraestructura en Gowland y Agote, sobre la cual nuevas mafias inmobiliarias, compuestas por funcionarios del gobierno, rematadores y jueces inventar\u00e1n supuestos propietarios de los otros terrenos fiscales o abandonados, fingir\u00e1n luego remates judiciales, se quedar\u00e1n con esas tierras y legitimar\u00e1n un reval\u00fao de terrenos nunca visto antes, adem\u00e1s de invocar supuestos due\u00f1os para comenzar una ola de desalojos y quedarse con lo poco que hoy poseen los vecinos.<\/p>\n<p>No habr\u00e1 posibilidades para los hijos de las actuales familias que ya no van a poder poseer como hasta ahora, ni adquirir los terrenos como hasta hace poco, pues el nuevo precio los har\u00e1 inaccesibles.<\/p>\n<p>Los terrenos son accesibles en Gowland y Agote porque todav\u00eda no hay red de agua potable, ni cloacas, ni calles que soporten el flujo de camiones y colectivos para 2 mil personas m\u00e1s.<\/p>\n<p>Pero que apenas los tengan todos los servicios se convertir\u00e1n en inaccesible para las familias trabajadores. Ninguna versi\u00f3n kirchnerista local, (Selva o Ustarroz), ni del peronismo federal de Ben\u00edtez, ni del Pro, ni mucho menos los \u201cescandalizados\u201d charlatanes de la oposici\u00f3n tienen una posici\u00f3n y un programa que contemple las necesidades de los trabajadores de Gowland y Agote y todo el partido de Mercedes.<\/p>\n<p>Para este mega proyecto hay dinero, porque implica un negociado inmobiliario en Mercedes y en Devoto, pero no destinan fondos estatales para construcci\u00f3n de viviendas y para urbanizaci\u00f3n.<\/p>\n<p>El Partido Obrero, impulsor de la lucha por las escrituras en Gowland y Agote, hace tres a\u00f1os, hoy en el Frente de Izquierda plantea:<\/p>\n<p>1) Reserva ya de los terrenos para los vecinos, comenzando por los del proyecto presentado por el Polo Obrero de febrero de 2011, en predio de dos hect\u00e1reas, en Agote, para la construcci\u00f3n de un plan de viviendas, con prioridad de las nuevas familias de Gowland y Agote.<\/p>\n<p>2) Reserva ya de los terrenos fiscales de Gowland y Agote para la planificaci\u00f3n de urbanizaci\u00f3n de ambas localidades, con resoluciones tomadas en asambleas de vecinos, de donde deber\u00e1 surgir una comisi\u00f3n de control de los propios vecinos.<\/p>\n<p>3) Entrega de escrituras, sin cargo, ya, a los 160 vecinos que se movilizaron en 2009 y a los que se le ha prometido sin que se cumpliera a\u00fan.<\/p>\n<p>4) Inicio de tr\u00e1mite de t\u00edtulo de propiedad a todos los vecinos de Gowland y Agote antes del 4 de agosto, d\u00eda en que se pondr\u00e1 en marcha el proceso de licitaci\u00f3n de la c\u00e1rcel.<\/p>\n<p>5) Entrega de materiales para ampliaci\u00f3n de viviendas a vecinos con necesidades expuestas en listados y censos.<\/p>\n<p>Con este programa, invitamos a la charla debate sobre Urbanizaci\u00f3n, Obra P\u00fablica que tendr\u00e1 lugar el martes 19 a la hora 17.30 en el Club Comunicaciones de calle 28 entre 31 y 33.<\/p>\n<p>PARTIDO OBRERO EN EL FRENTE DE IZQUIERDA<\/p>\n","protected":false},"excerpt":{"rendered":"<p>El anuncio de la presidenta sobre la c\u00e1rcel federal en Agote, para 1500 internos y 1500 guardiac\u00e1rceles, pone otra vez &#8230; <a title=\"El Partido Obrero en el Frente de Izquierda, ante el  anuncio de la c\u00e1rcel federal\" class=\"read-more\" href=\"https:\/\/www.hoymercedes.com.ar\/principal\/2011\/07\/18\/el-partido-obrero-en-el-frente-de-izquierda-ante-el-anuncio-de-la-carcel-federal\/\" aria-label=\"Leer m\u00e1s sobre El Partido Obrero en el Frente de Izquierda, ante el  anuncio de la c\u00e1rcel federal\">Leer m\u00e1s<\/a><\/p>\n","protected":false},"author":1,"featured_media":0,"comment_status":"open","ping_status":"open","sticky":false,"template":"","format":"standard","meta":{"_monsterinsights_skip_tracking":false,"_monsterinsights_sitenote_active":false,"_monsterinsights_sitenote_note":"","_monsterinsights_sitenote_category":0,"jetpack_post_was_ever_published":false,"_jetpack_newsletter_access":"","_jetpack_dont_email_post_to_subs":false,"_jetpack_newsletter_tier_id":0,"_jetpack_memberships_contains_paywalled_content":false,"_jetpack_memberships_contains_paid_content":false,"footnotes":"","jetpack_publicize_message":"","jetpack_publicize_feature_enabled":true,"jetpack_social_post_already_shared":false,"jetpack_social_options":{"image_generator_settings":{"template":"highway","default_image_id":0,"font":"","enabled":false},"version":2},"_wpas_customize_per_network":false},"categories":[5],"tags":[1046,1045],"class_list":["post-5643","post","type-post","status-publish","format-standard","hentry","category-politica","tag-carcel-de-devoto-a-mercedes","tag-partido-obrero","generate-columns","tablet-grid-50","mobile-grid-100","grid-parent","grid-50"],"jetpack_publicize_connections":[],"jetpack_featured_media_url":"","wps_subtitle":"","jetpack_sharing_enabled":true,"_links":{"self":[{"href":"https:\/\/www.hoymercedes.com.ar\/principal\/wp-json\/wp\/v2\/posts\/5643","targetHints":{"allow":["GET"]}}],"collection":[{"href":"https:\/\/www.hoymercedes.com.ar\/principal\/wp-json\/wp\/v2\/posts"}],"about":[{"href":"https:\/\/www.hoymercedes.com.ar\/principal\/wp-json\/wp\/v2\/types\/post"}],"author":[{"embeddable":true,"href":"https:\/\/www.hoymercedes.com.ar\/principal\/wp-json\/wp\/v2\/users\/1"}],"replies":[{"embeddable":true,"href":"https:\/\/www.hoymercedes.com.ar\/principal\/wp-json\/wp\/v2\/comments?post=5643"}],"version-history":[{"count":0,"href":"https:\/\/www.hoymercedes.com.ar\/principal\/wp-json\/wp\/v2\/posts\/5643\/revisions"}],"wp:attachment":[{"href":"https:\/\/www.hoymercedes.com.ar\/principal\/wp-json\/wp\/v2\/media?parent=5643"}],"wp:term":[{"taxonomy":"category","embeddable":true,"href":"https:\/\/www.hoymercedes.com.ar\/principal\/wp-json\/wp\/v2\/categories?post=5643"},{"taxonomy":"post_tag","embeddable":true,"href":"https:\/\/www.hoymercedes.com.ar\/principal\/wp-json\/wp\/v2\/tags?post=5643"}],"curies":[{"name":"wp","href":"https:\/\/api.w.org\/{rel}","templated":true}]}}