{"id":5646,"date":"2011-07-18T15:22:45","date_gmt":"2011-07-18T15:22:45","guid":{"rendered":"http:\/\/www.hoymercedes.com.ar\/principal\/?p=5646"},"modified":"2011-07-18T15:22:45","modified_gmt":"2011-07-18T15:22:45","slug":"proyecto-sur-presento-cinco-propuestas-para-mercedes","status":"publish","type":"post","link":"https:\/\/www.hoymercedes.com.ar\/principal\/2011\/07\/18\/proyecto-sur-presento-cinco-propuestas-para-mercedes\/","title":{"rendered":"Proyecto Sur present\u00f3  cinco propuestas para Mercedes"},"content":{"rendered":"<p><a href=\"https:\/\/www.hoymercedes.com.ar\/principal\/wp-content\/uploads\/2011\/07\/lala-proyectosur.jpg\"><img loading=\"lazy\" decoding=\"async\" data-attachment-id=\"5648\" data-permalink=\"https:\/\/www.hoymercedes.com.ar\/principal\/2011\/07\/18\/proyecto-sur-presento-cinco-propuestas-para-mercedes\/lala-proyectosur\/#main\" data-orig-file=\"https:\/\/www.hoymercedes.com.ar\/principal\/wp-content\/uploads\/2011\/07\/lala-proyectosur.jpg\" data-orig-size=\"605,403\" data-comments-opened=\"1\" data-image-meta=\"{&quot;aperture&quot;:&quot;5&quot;,&quot;credit&quot;:&quot;&quot;,&quot;camera&quot;:&quot;SAMSUNG ES28 \/ VLUU ES28&quot;,&quot;caption&quot;:&quot;&quot;,&quot;created_timestamp&quot;:&quot;1278437084&quot;,&quot;copyright&quot;:&quot;COPYRIGHT, 2010&quot;,&quot;focal_length&quot;:&quot;9.3&quot;,&quot;iso&quot;:&quot;1600&quot;,&quot;shutter_speed&quot;:&quot;0.016666666666667&quot;,&quot;title&quot;:&quot;&quot;}\" data-image-title=\"lala-proyectosur\" data-image-description=\"\" data-image-caption=\"\" data-large-file=\"https:\/\/www.hoymercedes.com.ar\/principal\/wp-content\/uploads\/2011\/07\/lala-proyectosur.jpg\" class=\"alignleft size-full wp-image-5648\" title=\"lala-proyectosur\" src=\"https:\/\/www.hoymercedes.com.ar\/principal\/wp-content\/uploads\/2011\/07\/lala-proyectosur.jpg\" alt=\"\" width=\"605\" height=\"403\" \/><\/a><\/p>\n<p>Los integrantes del partido de Pino Solanas a nivel local presentaron en un local de 23 y 28 cinco propuestas que pondr\u00edan en ejecuci\u00f3n de manera impostergables si son consagrados como gobierno municipal.<\/p>\n<p>Durante el encuentro el candidato a Intendente Cesar Lalla sostuvo \u201ctenemos cinco propuestas principales de trabajo que estamos presentando entre las cuales se encuentra una que habla claramente de la inclusi\u00f3n y la justicia social y dentro de la misma hablamos puntualmente sobre viviendas y tierras favoreciendo el desarrollo cooperativo para la construcci\u00f3n de las nuevas unidades habitacionales apoyados en la tarea municipal para facilitar los materiales\u201d.<\/p>\n<p>Tambi\u00e9n se hizo referencia a la ampliaci\u00f3n de los CAPS (Centros de Atenci\u00f3n Primaria de Salud).<\/p>\n<p>&nbsp;<\/p>\n<p>Tambi\u00e9n proponen la ubicaci\u00f3n de ambulancias de manera permanente en los puntos estrat\u00e9gicos m\u00e1s alejados de la ciudad, la creaci\u00f3n de la Banca del Pueblo en el HCD y en materia de producci\u00f3n la implementaci\u00f3n de un mercado frutihot\u00edcola municipal con ferias barriales.<\/p>\n<p>Proponen tambi\u00e9n desde la \u00f3rbita municipal crear La Casa de la Juventud, el Museo de Bellas Artes, y el Elenco Municipal d Danzas Contempor\u00e1neas y la Casa del estudiante de Mercedes en la Ciudad de Buenos Aires.<\/p>\n<p>Por \u00faltimo anunciaron que el 22 del corriente mes har\u00e1n un acto en el Club Talleres donde presentar\u00e1n a la totalidad de las Integrantes de las listas a concejales y consejeros escolares.<\/p>\n","protected":false},"excerpt":{"rendered":"<p>Los integrantes del partido de Pino Solanas a nivel local presentaron en un local de 23 y 28 cinco propuestas &#8230; <a title=\"Proyecto Sur present\u00f3  cinco propuestas para Mercedes\" class=\"read-more\" href=\"https:\/\/www.hoymercedes.com.ar\/principal\/2011\/07\/18\/proyecto-sur-presento-cinco-propuestas-para-mercedes\/\" aria-label=\"Leer m\u00e1s sobre Proyecto Sur present\u00f3  cinco propuestas para Mercedes\">Leer m\u00e1s<\/a><\/p>\n","protected":false},"author":1,"featured_media":0,"comment_status":"open","ping_status":"open","sticky":false,"template":"","format":"standard","meta":{"_monsterinsights_skip_tracking":false,"_monsterinsights_sitenote_active":false,"_monsterinsights_sitenote_note":"","_monsterinsights_sitenote_category":0,"jetpack_post_was_ever_published":false,"_jetpack_newsletter_access":"","_jetpack_dont_email_post_to_subs":false,"_jetpack_newsletter_tier_id":0,"_jetpack_memberships_contains_paywalled_content":false,"_jetpack_memberships_contains_paid_content":false,"footnotes":"","jetpack_publicize_message":"","jetpack_publicize_feature_enabled":true,"jetpack_social_post_already_shared":false,"jetpack_social_options":{"image_generator_settings":{"template":"highway","default_image_id":0,"font":"","enabled":false},"version":2},"_wpas_customize_per_network":false},"categories":[5],"tags":[109],"class_list":["post-5646","post","type-post","status-publish","format-standard","hentry","category-politica","tag-proyecto-sur-mercedes","generate-columns","tablet-grid-50","mobile-grid-100","grid-parent","grid-50"],"jetpack_publicize_connections":[],"jetpack_featured_media_url":"","wps_subtitle":"","jetpack_sharing_enabled":true,"_links":{"self":[{"href":"https:\/\/www.hoymercedes.com.ar\/principal\/wp-json\/wp\/v2\/posts\/5646","targetHints":{"allow":["GET"]}}],"collection":[{"href":"https:\/\/www.hoymercedes.com.ar\/principal\/wp-json\/wp\/v2\/posts"}],"about":[{"href":"https:\/\/www.hoymercedes.com.ar\/principal\/wp-json\/wp\/v2\/types\/post"}],"author":[{"embeddable":true,"href":"https:\/\/www.hoymercedes.com.ar\/principal\/wp-json\/wp\/v2\/users\/1"}],"replies":[{"embeddable":true,"href":"https:\/\/www.hoymercedes.com.ar\/principal\/wp-json\/wp\/v2\/comments?post=5646"}],"version-history":[{"count":0,"href":"https:\/\/www.hoymercedes.com.ar\/principal\/wp-json\/wp\/v2\/posts\/5646\/revisions"}],"wp:attachment":[{"href":"https:\/\/www.hoymercedes.com.ar\/principal\/wp-json\/wp\/v2\/media?parent=5646"}],"wp:term":[{"taxonomy":"category","embeddable":true,"href":"https:\/\/www.hoymercedes.com.ar\/principal\/wp-json\/wp\/v2\/categories?post=5646"},{"taxonomy":"post_tag","embeddable":true,"href":"https:\/\/www.hoymercedes.com.ar\/principal\/wp-json\/wp\/v2\/tags?post=5646"}],"curies":[{"name":"wp","href":"https:\/\/api.w.org\/{rel}","templated":true}]}}