{"id":56507,"date":"2016-10-30T21:29:01","date_gmt":"2016-10-31T00:29:01","guid":{"rendered":"http:\/\/www.hoymercedes.com.ar\/principal\/?p=56507"},"modified":"2016-10-30T21:29:01","modified_gmt":"2016-10-31T00:29:01","slug":"proximo-domingo-6-habra-navegacion-por-el-rio-lujan","status":"publish","type":"post","link":"https:\/\/www.hoymercedes.com.ar\/principal\/2016\/10\/30\/proximo-domingo-6-habra-navegacion-por-el-rio-lujan\/","title":{"rendered":"Pr\u00f3ximo domingo 6 habr\u00e1 navegaci\u00f3n por el R\u00edo Luj\u00e1n"},"content":{"rendered":"<p>Organizado por la Asociaci\u00f3n Civil S.O.S. H\u00e1bitat, los Amigos del R\u00edo Luj\u00e1n y otras organizaciones de la Cuenca del R\u00edo Luj\u00e1n, el venidero domingo 6 de noviembre se realizar\u00e1 un recorrido por el r\u00edo desde la localidad rural de Garc\u00eda hacia el Parque Municipal. La idea es invitar a todas aquellas personas que tengan canoa o kayak, para \u00abhacer una fiesta en el r\u00edo\u00bb. La salida de las embarcaciones ser\u00e1 desde el Corral\u00f3n Municipal a la hora 9, para ser trasladados hasta Garc\u00eda e iniciar la recorrida, estiman cerca de las 9:30. Calculan que alrededor de la hora 10 llegar\u00e1n al Parque para \u00abcelebrar la fiesta en la pasarela\u00bb y en donde se encontrar\u00edan tambi\u00e9n con los participantes de la marat\u00f3n solidaria que organiza el<a href=\"https:\/\/www.hoymercedes.com.ar\/principal\/2016\/10\/10\/el-cef-no-40-anticipo-la-carrera-solidaria\/\" target=\"_blank\"> CEF N\u00b0 40<\/a>.<\/p>\n<p>&nbsp;<\/p>\n<p>El objetivo de esta traves\u00eda \u00abes\u00a0incentivar a la comunidad a que vuelva su mirada al r\u00edo y hacerlo visible en un momento donde la sociedad le est\u00e1 dando la espalda y los intereses econ\u00f3micos lo est\u00e1n destruyendo.\u00a0La idea es la realizaci\u00f3n de un evento de toda la cuenca del r\u00edo Luj\u00e1n que ponga en valor todos los aspectos que se integran a lo largo de la misma, y que interpele a los habitantes al reconocimiento del valor cultural, social, paleontol\u00f3gico, arqueol\u00f3gico, hist\u00f3rico, deportivo, biol\u00f3gico, sanitario y ambiental para que cambien su mirada, su uso y su valoraci\u00f3n\u00bb, contaron desde la asociaci\u00f3n civil de Mercedes.<\/p>\n<p>\u00abLa cuenca toda estar\u00e1 de fiesta, ya que de cada partido saldr\u00e1n embarcaciones remando por el R\u00edo, a la misma hora. Otro de los objetivos es adherir, durante la jornada, al proyecto de ley para que se declare el 4 de noviembre de cada a\u00f1o el D\u00eda del R\u00edo Luj\u00e1n. Para esto cada localidad y sus organizaciones, agrupaciones y vecinos, realizar\u00e1n diversas actividades de orden cultural, deportivo, tur\u00edstico y de recreaci\u00f3n.\u00a0Para que esta celebraci\u00f3n tenga mayor repercusi\u00f3n, se har\u00e1 una transmisi\u00f3n con la cobertura de todo el evento manteni\u00e9ndose conectadas todas las localidades e interviniendo din\u00e1micamente en la misma.\u00a0Adem\u00e1s se podr\u00e1n acoplar a la misma todas las emisoras de FM que est\u00e9n dispuestas a prestar su se\u00f1al para llegar a m\u00e1s oyentes\u00bb, agregaron.<\/p>\n<p>&nbsp;<\/p>\n<p>&nbsp;<\/p>\n<p><span class=\"embed-youtube\" style=\"text-align:center; display: block;\"><iframe loading=\"lazy\" class=\"youtube-player\" width=\"1200\" height=\"675\" src=\"https:\/\/www.youtube.com\/embed\/MNWbVpQgl00?version=3&#038;rel=1&#038;showsearch=0&#038;showinfo=1&#038;iv_load_policy=1&#038;fs=1&#038;hl=es-ES&#038;autohide=2&#038;wmode=transparent\" allowfullscreen=\"true\" style=\"border:0;\" sandbox=\"allow-scripts allow-same-origin allow-popups allow-presentation allow-popups-to-escape-sandbox\"><\/iframe><\/span><\/p>\n","protected":false},"excerpt":{"rendered":"<p>Organizado por la Asociaci\u00f3n Civil S.O.S. H\u00e1bitat, los Amigos del R\u00edo Luj\u00e1n y otras organizaciones de la Cuenca del R\u00edo &#8230; <a title=\"Pr\u00f3ximo domingo 6 habr\u00e1 navegaci\u00f3n por el R\u00edo Luj\u00e1n\" class=\"read-more\" href=\"https:\/\/www.hoymercedes.com.ar\/principal\/2016\/10\/30\/proximo-domingo-6-habra-navegacion-por-el-rio-lujan\/\" aria-label=\"Leer m\u00e1s sobre Pr\u00f3ximo domingo 6 habr\u00e1 navegaci\u00f3n por el R\u00edo Luj\u00e1n\">Leer m\u00e1s<\/a><\/p>\n","protected":false},"author":1,"featured_media":56509,"comment_status":"closed","ping_status":"open","sticky":false,"template":"","format":"standard","meta":{"_monsterinsights_skip_tracking":false,"_monsterinsights_sitenote_active":false,"_monsterinsights_sitenote_note":"","_monsterinsights_sitenote_category":0,"jetpack_post_was_ever_published":false,"_jetpack_newsletter_access":"","_jetpack_dont_email_post_to_subs":false,"_jetpack_newsletter_tier_id":0,"_jetpack_memberships_contains_paywalled_content":false,"_jetpack_memberships_contains_paid_content":false,"footnotes":"","jetpack_publicize_message":"","jetpack_publicize_feature_enabled":true,"jetpack_social_post_already_shared":true,"jetpack_social_options":{"image_generator_settings":{"template":"highway","default_image_id":0,"font":"","enabled":false},"version":2},"_wpas_customize_per_network":false},"categories":[5485],"tags":[402,10171],"class_list":["post-56507","post","type-post","status-publish","format-standard","has-post-thumbnail","hentry","category-comunidad","tag-rio-lujan","tag-travesia","generate-columns","tablet-grid-50","mobile-grid-100","grid-parent","grid-50"],"jetpack_publicize_connections":[],"jetpack_featured_media_url":"https:\/\/www.hoymercedes.com.ar\/principal\/wp-content\/uploads\/2016\/10\/30-sos-habitat.jpg","wps_subtitle":"Organizado por SOS H\u00e1bitat y los Amigos del r\u00edo Luj\u00e1n","jetpack_sharing_enabled":true,"_links":{"self":[{"href":"https:\/\/www.hoymercedes.com.ar\/principal\/wp-json\/wp\/v2\/posts\/56507","targetHints":{"allow":["GET"]}}],"collection":[{"href":"https:\/\/www.hoymercedes.com.ar\/principal\/wp-json\/wp\/v2\/posts"}],"about":[{"href":"https:\/\/www.hoymercedes.com.ar\/principal\/wp-json\/wp\/v2\/types\/post"}],"author":[{"embeddable":true,"href":"https:\/\/www.hoymercedes.com.ar\/principal\/wp-json\/wp\/v2\/users\/1"}],"replies":[{"embeddable":true,"href":"https:\/\/www.hoymercedes.com.ar\/principal\/wp-json\/wp\/v2\/comments?post=56507"}],"version-history":[{"count":0,"href":"https:\/\/www.hoymercedes.com.ar\/principal\/wp-json\/wp\/v2\/posts\/56507\/revisions"}],"wp:featuredmedia":[{"embeddable":true,"href":"https:\/\/www.hoymercedes.com.ar\/principal\/wp-json\/wp\/v2\/media\/56509"}],"wp:attachment":[{"href":"https:\/\/www.hoymercedes.com.ar\/principal\/wp-json\/wp\/v2\/media?parent=56507"}],"wp:term":[{"taxonomy":"category","embeddable":true,"href":"https:\/\/www.hoymercedes.com.ar\/principal\/wp-json\/wp\/v2\/categories?post=56507"},{"taxonomy":"post_tag","embeddable":true,"href":"https:\/\/www.hoymercedes.com.ar\/principal\/wp-json\/wp\/v2\/tags?post=56507"}],"curies":[{"name":"wp","href":"https:\/\/api.w.org\/{rel}","templated":true}]}}