{"id":56548,"date":"2016-10-31T09:17:43","date_gmt":"2016-10-31T12:17:43","guid":{"rendered":"http:\/\/www.hoymercedes.com.ar\/principal\/?p=56548"},"modified":"2016-10-31T09:17:43","modified_gmt":"2016-10-31T12:17:43","slug":"carlos-mosso-y-omar-moriconi-instan-a-la-implementacion-del-presupuesto-participativo","status":"publish","type":"post","link":"https:\/\/www.hoymercedes.com.ar\/principal\/2016\/10\/31\/carlos-mosso-y-omar-moriconi-instan-a-la-implementacion-del-presupuesto-participativo\/","title":{"rendered":"Carlos Mosso y Omar Moriconi instan a la implementaci\u00f3n del Presupuesto Participativo"},"content":{"rendered":"<p style=\"text-align: center;\"><strong>\u00abHoy un juramento,\u00a0<\/strong><\/p>\n<p style=\"text-align: center;\"><strong>ma\u00f1ana una traici\u00f3n,\u00a0<\/strong><\/p>\n<p style=\"text-align: center;\"><strong>promesas de campa\u00f1a ,<\/strong><\/p>\n<p style=\"text-align: center;\"><strong>flores de un d\u00eda son.\u00bb\u00a0<\/strong><\/p>\n<p>Aunque la letra re adecuada de un Tango muy conocido no parezca, esta nota de opini\u00f3n tiene mucho de semejanza.<\/p>\n<p>Sabido es que en Campa\u00f1a es todo color de rosas, parece todo f\u00e1cil, ilusionan, prometen, toman propuestas, etc.<\/p>\n<p>Haciendo memoria&#8230;&#8230;.<\/p>\n<p>En la Casa Del Pueblo, convocado y organizado por el entonces Concejal Pres. del Bloque FPV y Candidato a Intendente, Dr Juan I. Ustarroz Junto al Militante del FSPV ,\u00a0Jos\u00e9 Luis Pisano, trajeron a <strong>funcionarios nacionales y a funcionarios de las vecinas localidades de Mor\u00f3n y Z\u00e1rate<\/strong> a explicarnos de las ventajas de implementar el Presupuesto\u00a0Participativo, c\u00f3mo y d\u00f3nde naci\u00f3 la idea y detalles de implementaci\u00f3n.<\/p>\n<p>Todo esto en presencia de la <strong>Federaci\u00f3n de Sociedades de Fomento<\/strong> de ese a\u00f1o y Presidentes de Barrios que actualmente integran la nueva Federaci\u00f3n\u00a0y algunos Fomentistas m\u00e1s, dicho sea de paso, ninguno a la fecha, emite opini\u00f3n p\u00fablicamente al respecto.<\/p>\n<p>Este pr\u00f3logo viene a cuenta del Ante Proyecto del Presupuesto Participativo presentado por Fomentistas.<\/p>\n<p>Varios Proyectos fueron presentados por diversos Concejales desde el 2011 al 2014 que no prosperaron.\u00a0En el 2015, un nuevo Ante Proyecto del Presupuesto Partucipativo elaborado, desarrollado y presentado en el HCD , ( 6\/7\/2015 Exp. 329\/15), tuvo pleno apoyo del Oficialismo de ese momento y del acompa\u00f1amiento de las fuerzas Pol\u00edticas opositoras, a tal punto que a fines de ese a\u00f1o en el Barrio G\u00fcemes, (30\/12\/15), \u00a0nos reunimos los autores del A.P.P con los Presidentes de todos los Bloques de Concejales y decidieron ir por los $2.000.000.<\/p>\n<p>El 1\/1\/2016, se aprob\u00f3 en Sesi\u00f3n del HCD, el Presupuesto anual y ah\u00ed quedo definido luego de un largo debate, el monto destinado al P.P seria de $1.500.000 botado por unanimidad.<\/p>\n<p>Hoy, a ONCE meses de ese d\u00eda, el EJECUTIVO actual, no solo NO LO REGLAMENTO, sino que NUNCA EMITI\u00d3\u00a0OPINI\u00d3N, RESPUESTA O\u00a0CONTRA PROPUESTA para con el HCD Y\/O Ciudadan\u00eda.<\/p>\n<p>Muchas reuniones organizadas por los Fomentistas hasta llegar a esa \u00faltima del d\u00eda 12\/15 en el Barrio G\u00fcemes, pasando por la Sociedad de Fomento del Barrio Esperanza, C\u00e1mara Econ\u00f3mica de Mercedes, repetidas veces en la AJB, entre otras.<\/p>\n<p>En reiteradas oportunidades, del a\u00f1o en curso y por diferentes Fomentistas, (6), individuales y grupales, concurrimos al mismo despacho, del Sr Secretario de Gobierno Dr. Juan Pablo L\u00f3pez Baggio, con quien nos entrevistamos buscando respuestas, <strong>solo encontramos desinter\u00e9s por la implementaci\u00f3n del presupuesto participativo, lo cual contradijo lo que su l\u00edder pol\u00edtico y actual intendente en campa\u00f1a porpon\u00eda. <\/strong><\/p>\n<p>Esto debe ser tomado por la comunidad toda, como que las decisiones del destino del Presupuesto Anual Municipal, (parte es nuestro dinero),\u00a0seguir\u00e1n siendo dirigidas y destinadas en su totalidad\u00a0por el Ejecutivo de turno a como considere hacerlo, incluido el $1.500.000 destinado al P.P. que por medio de Asambleas Vecinales buscar\u00edamos el mejor destino mediante un voto democr\u00e1tico, adem\u00e1s de intervenir en el control de las licitaciones, pagos y calidad de obras involucrando a gente especializada.<\/p>\n<p>Nos preguntamos \u00bfqu\u00e9 pasa con los Fomentistas y con la Federacion de Sociedades de Fomento? \u00bfNo\u00a0deber\u00edan preocuparse y ocuparse de que lleguen obras a sus vecinos sin importar que ideolog\u00eda tengan, mediante una nueva modalidad transparente pero que sean los propios \u00a0quienes decidan que hacer y donde dependiendo el monto del PP. ?<\/p>\n<p>A esta altura del a\u00f1o 2016, los <strong>autores del \u00faltimo anteproyecto de presupuesto participativo, damos por sentado que perdimos un a\u00f1o m\u00e1s en implementar lo que a m\u00e1s de 50 ciudades les result\u00f3 muy favorable.\u00a0<\/strong><\/p>\n<p><strong>\u00abPROMESAS DE CAMPA\u00d1A&#8230;.\u00a0FLORES DE UN\u00a0D\u00cdA\u00a0SON\u00bb<\/strong>.<br \/>\nCarlos Mosso \/ Omar Moriconi<\/p>\n","protected":false},"excerpt":{"rendered":"<p>\u00abHoy un juramento,\u00a0 ma\u00f1ana una traici\u00f3n,\u00a0 promesas de campa\u00f1a , flores de un d\u00eda son.\u00bb\u00a0 Aunque la letra re adecuada &#8230; <a title=\"Carlos Mosso y Omar Moriconi instan a la implementaci\u00f3n del Presupuesto Participativo\" class=\"read-more\" href=\"https:\/\/www.hoymercedes.com.ar\/principal\/2016\/10\/31\/carlos-mosso-y-omar-moriconi-instan-a-la-implementacion-del-presupuesto-participativo\/\" aria-label=\"Leer m\u00e1s sobre Carlos Mosso y Omar Moriconi instan a la implementaci\u00f3n del Presupuesto Participativo\">Leer m\u00e1s<\/a><\/p>\n","protected":false},"author":1,"featured_media":0,"comment_status":"closed","ping_status":"open","sticky":false,"template":"","format":"standard","meta":{"_monsterinsights_skip_tracking":false,"_monsterinsights_sitenote_active":false,"_monsterinsights_sitenote_note":"","_monsterinsights_sitenote_category":0,"jetpack_post_was_ever_published":false,"_jetpack_newsletter_access":"","_jetpack_dont_email_post_to_subs":false,"_jetpack_newsletter_tier_id":0,"_jetpack_memberships_contains_paywalled_content":false,"_jetpack_memberships_contains_paid_content":false,"footnotes":"","jetpack_publicize_message":"","jetpack_publicize_feature_enabled":true,"jetpack_social_post_already_shared":true,"jetpack_social_options":{"image_generator_settings":{"template":"highway","default_image_id":0,"font":"","enabled":false},"version":2},"_wpas_customize_per_network":false},"categories":[11],"tags":[8748,7360],"class_list":["post-56548","post","type-post","status-publish","format-standard","hentry","category-ciudad","tag-opinion","tag-presupuesto-participativo","generate-columns","tablet-grid-50","mobile-grid-100","grid-parent","grid-50"],"jetpack_publicize_connections":[],"jetpack_featured_media_url":"","wps_subtitle":"Opini\u00f3n","jetpack_sharing_enabled":true,"_links":{"self":[{"href":"https:\/\/www.hoymercedes.com.ar\/principal\/wp-json\/wp\/v2\/posts\/56548","targetHints":{"allow":["GET"]}}],"collection":[{"href":"https:\/\/www.hoymercedes.com.ar\/principal\/wp-json\/wp\/v2\/posts"}],"about":[{"href":"https:\/\/www.hoymercedes.com.ar\/principal\/wp-json\/wp\/v2\/types\/post"}],"author":[{"embeddable":true,"href":"https:\/\/www.hoymercedes.com.ar\/principal\/wp-json\/wp\/v2\/users\/1"}],"replies":[{"embeddable":true,"href":"https:\/\/www.hoymercedes.com.ar\/principal\/wp-json\/wp\/v2\/comments?post=56548"}],"version-history":[{"count":0,"href":"https:\/\/www.hoymercedes.com.ar\/principal\/wp-json\/wp\/v2\/posts\/56548\/revisions"}],"wp:attachment":[{"href":"https:\/\/www.hoymercedes.com.ar\/principal\/wp-json\/wp\/v2\/media?parent=56548"}],"wp:term":[{"taxonomy":"category","embeddable":true,"href":"https:\/\/www.hoymercedes.com.ar\/principal\/wp-json\/wp\/v2\/categories?post=56548"},{"taxonomy":"post_tag","embeddable":true,"href":"https:\/\/www.hoymercedes.com.ar\/principal\/wp-json\/wp\/v2\/tags?post=56548"}],"curies":[{"name":"wp","href":"https:\/\/api.w.org\/{rel}","templated":true}]}}