{"id":56553,"date":"2016-10-31T13:27:33","date_gmt":"2016-10-31T16:27:33","guid":{"rendered":"http:\/\/www.hoymercedes.com.ar\/principal\/?p=56553"},"modified":"2016-10-31T13:27:33","modified_gmt":"2016-10-31T16:27:33","slug":"este-miercoles-193-vecinos-recibiran-y-firmaran-sus-escrituras","status":"publish","type":"post","link":"https:\/\/www.hoymercedes.com.ar\/principal\/2016\/10\/31\/este-miercoles-193-vecinos-recibiran-y-firmaran-sus-escrituras\/","title":{"rendered":"Este mi\u00e9rcoles 193 vecinos recibir\u00e1n y firmar\u00e1n sus escrituras"},"content":{"rendered":"<p>La Escriban\u00eda General de Gobierno estar\u00e1 presente este mi\u00e9rcoles 2, 11:30 horas, de noviembre en Mercedes para realizar un acto de firmas y entregas de escrituras. Para esto estar\u00e1 presente\u00a0el Ministro de Producci\u00f3n bonaerense Joaqu\u00edn de la Torre, junto a otras autoridades provinciales y comunales.<\/p>\n<p>El evento que se desarrollar\u00e1 en el Centro Cultural Teatro Argentino \u00abJulio Cesar Gioscio\u00bb presidido por de la Torre, y el Intendente Municipal Juan Ustarroz, junto al Director de Fortalecimiento Institucional Gonzalo Torrado y la Escribana Karina Felicetti.<\/p>\n<p>Asimismo, participar\u00e1n m\u00e1s de 100 familias que pudieron tramitar sus t\u00edtulos de propiedad de forma gratuita, gracias al plan de escrituraci\u00f3n social que se implementa en toda la Provincia de Buenos Aires. De los 193 vecinos, 55 recibir\u00e1n sus escrituras y 138 las rubricar\u00e1n para obtener la seguridad jur\u00eddica de la vivienda que habitan.<\/p>\n<p>Todos estos testimonios se gestionaron mediante las operatorias Instituto de la Vivienda, Ley 10.830, Prescripci\u00f3n Adquisitiva, Plan Familia Propietaria, Procasa, Bien de Familia e Provincia de Buenos Aires Inmuebles Fiscales.<br \/>\nFuente: Prensa Escriban\u00eda<\/p>\n","protected":false},"excerpt":{"rendered":"<p>La Escriban\u00eda General de Gobierno estar\u00e1 presente este mi\u00e9rcoles 2, 11:30 horas, de noviembre en Mercedes para realizar un acto &#8230; <a title=\"Este mi\u00e9rcoles 193 vecinos recibir\u00e1n y firmar\u00e1n sus escrituras\" class=\"read-more\" href=\"https:\/\/www.hoymercedes.com.ar\/principal\/2016\/10\/31\/este-miercoles-193-vecinos-recibiran-y-firmaran-sus-escrituras\/\" aria-label=\"Leer m\u00e1s sobre Este mi\u00e9rcoles 193 vecinos recibir\u00e1n y firmar\u00e1n sus escrituras\">Leer m\u00e1s<\/a><\/p>\n","protected":false},"author":1,"featured_media":56554,"comment_status":"closed","ping_status":"open","sticky":false,"template":"","format":"standard","meta":{"_monsterinsights_skip_tracking":false,"_monsterinsights_sitenote_active":false,"_monsterinsights_sitenote_note":"","_monsterinsights_sitenote_category":0,"jetpack_post_was_ever_published":false,"_jetpack_newsletter_access":"","_jetpack_dont_email_post_to_subs":false,"_jetpack_newsletter_tier_id":0,"_jetpack_memberships_contains_paywalled_content":false,"_jetpack_memberships_contains_paid_content":false,"footnotes":"","jetpack_publicize_message":"","jetpack_publicize_feature_enabled":true,"jetpack_social_post_already_shared":true,"jetpack_social_options":{"image_generator_settings":{"template":"highway","default_image_id":0,"font":"","enabled":false},"version":2},"_wpas_customize_per_network":false},"categories":[8881],"tags":[10173,10174,585,1803],"class_list":["post-56553","post","type-post","status-publish","format-standard","has-post-thumbnail","hentry","category-provincia","tag-escribania","tag-joaquin-de-la-torre","tag-juan-ustarroz","tag-provincia","generate-columns","tablet-grid-50","mobile-grid-100","grid-parent","grid-50"],"jetpack_publicize_connections":[],"jetpack_featured_media_url":"https:\/\/www.hoymercedes.com.ar\/principal\/wp-content\/uploads\/2016\/10\/31-escrituras.jpg","wps_subtitle":"Escriban\u00eda General Bonaerenses","jetpack_sharing_enabled":true,"_links":{"self":[{"href":"https:\/\/www.hoymercedes.com.ar\/principal\/wp-json\/wp\/v2\/posts\/56553","targetHints":{"allow":["GET"]}}],"collection":[{"href":"https:\/\/www.hoymercedes.com.ar\/principal\/wp-json\/wp\/v2\/posts"}],"about":[{"href":"https:\/\/www.hoymercedes.com.ar\/principal\/wp-json\/wp\/v2\/types\/post"}],"author":[{"embeddable":true,"href":"https:\/\/www.hoymercedes.com.ar\/principal\/wp-json\/wp\/v2\/users\/1"}],"replies":[{"embeddable":true,"href":"https:\/\/www.hoymercedes.com.ar\/principal\/wp-json\/wp\/v2\/comments?post=56553"}],"version-history":[{"count":0,"href":"https:\/\/www.hoymercedes.com.ar\/principal\/wp-json\/wp\/v2\/posts\/56553\/revisions"}],"wp:featuredmedia":[{"embeddable":true,"href":"https:\/\/www.hoymercedes.com.ar\/principal\/wp-json\/wp\/v2\/media\/56554"}],"wp:attachment":[{"href":"https:\/\/www.hoymercedes.com.ar\/principal\/wp-json\/wp\/v2\/media?parent=56553"}],"wp:term":[{"taxonomy":"category","embeddable":true,"href":"https:\/\/www.hoymercedes.com.ar\/principal\/wp-json\/wp\/v2\/categories?post=56553"},{"taxonomy":"post_tag","embeddable":true,"href":"https:\/\/www.hoymercedes.com.ar\/principal\/wp-json\/wp\/v2\/tags?post=56553"}],"curies":[{"name":"wp","href":"https:\/\/api.w.org\/{rel}","templated":true}]}}