{"id":56589,"date":"2016-11-01T12:12:35","date_gmt":"2016-11-01T15:12:35","guid":{"rendered":"http:\/\/www.hoymercedes.com.ar\/principal\/?p=56589"},"modified":"2016-10-31T21:44:16","modified_gmt":"2016-11-01T00:44:16","slug":"gran-actuacion-de-francisco-dinova-en-mar-del-plata","status":"publish","type":"post","link":"https:\/\/www.hoymercedes.com.ar\/principal\/2016\/11\/01\/gran-actuacion-de-francisco-dinova-en-mar-del-plata\/","title":{"rendered":"Gran actuaci\u00f3n de Francisco Dinova en Mar del Plata"},"content":{"rendered":"<p><strong><em>Como fruto de la excursi\u00f3n en el sur de la Provincia, Racing de\u00a0Chivilcoy se viene con una derrota y un triunfo.<\/em><\/strong><\/p>\n<p><img loading=\"lazy\" decoding=\"async\" data-attachment-id=\"56591\" data-permalink=\"https:\/\/www.hoymercedes.com.ar\/principal\/2016\/11\/01\/gran-actuacion-de-francisco-dinova-en-mar-del-plata\/francisco-jugando-en-racing-de-chivilcoy\/#main\" data-orig-file=\"https:\/\/www.hoymercedes.com.ar\/principal\/wp-content\/uploads\/2016\/10\/Francisco-jugando-en-Racing-de-Chivilcoy.jpg\" data-orig-size=\"300,225\" data-comments-opened=\"0\" data-image-meta=\"{&quot;aperture&quot;:&quot;0&quot;,&quot;credit&quot;:&quot;Picasa&quot;,&quot;camera&quot;:&quot;&quot;,&quot;caption&quot;:&quot;&quot;,&quot;created_timestamp&quot;:&quot;1459124304&quot;,&quot;copyright&quot;:&quot;&quot;,&quot;focal_length&quot;:&quot;0&quot;,&quot;iso&quot;:&quot;0&quot;,&quot;shutter_speed&quot;:&quot;0&quot;,&quot;title&quot;:&quot;&quot;,&quot;orientation&quot;:&quot;0&quot;}\" data-image-title=\"francisco-jugando-en-racing-de-chivilcoy\" data-image-description=\"\" data-image-caption=\"\" data-large-file=\"https:\/\/www.hoymercedes.com.ar\/principal\/wp-content\/uploads\/2016\/10\/Francisco-jugando-en-Racing-de-Chivilcoy.jpg\" class=\"aligncenter size-full wp-image-56591\" src=\"https:\/\/www.hoymercedes.com.ar\/principal\/wp-content\/uploads\/2016\/10\/Francisco-jugando-en-Racing-de-Chivilcoy.jpg\" alt=\"francisco-jugando-en-racing-de-chivilcoy\" width=\"300\" height=\"225\" srcset=\"https:\/\/www.hoymercedes.com.ar\/principal\/wp-content\/uploads\/2016\/10\/Francisco-jugando-en-Racing-de-Chivilcoy.jpg 300w, https:\/\/www.hoymercedes.com.ar\/principal\/wp-content\/uploads\/2016\/10\/Francisco-jugando-en-Racing-de-Chivilcoy-150x113.jpg 150w\" sizes=\"auto, (max-width: 300px) 100vw, 300px\" \/><\/p>\n<p>El viernes frente al poderoso Villa Mitre de Bah\u00eda Blanca el partido se\u00a0les escurri\u00f3 en un 76-82 que sin embargo se\u00f1ala muchos aspectos\u00a0positivos.<\/p>\n<p>Luego, emprendieron el viaje a Mar del Plata y frente al siempre\u00a0dif\u00edcil Uni\u00f3n de esa localidad se llevaron una victoria superlativa\u00a0por\u00a082 A 65 que por momentos roz\u00f3 los 30 puntos de diferencia.<\/p>\n<p>Indudablemente el mejor partido desde que arranc\u00f3 la temporada con una\u00a0defensa f\u00e9rrea y constante que sec\u00f3 a los mejores jugadores\u00a0marplatenses y\u00a0una ofensiva feroz, sin ego\u00edsmos y con grandes pasajes de varios de\u00a0sus integrantes, como Del Pietro, Martirena y Papalardi.<\/p>\n<p>Francisco Dinova fue considerado por los\u00a0periodistas locales como el mejor defensor del partido.<\/p>\n<p>&nbsp;<\/p>\n<p><strong>Uni\u00f3n de Mar del Plata (65):<\/strong> Juan Ignacio Varas, Ignacio Fern\u00e1ndez (13), Agust\u00edn Jara (7), Juli\u00e1n Cupeiro (13), Mauro Cerone (13) (formaci\u00f3n inicial); Javier Abbadie (13), Armando Colpaz, Santiago Giorgetti (6), Valent\u00edn Lofrano y Valent\u00edn Pasetti. <strong>DT:<\/strong> Norberto De Paz.<\/p>\n<p><strong>Racing de Chivilcoy (82):<\/strong> Francisco Dinova (8), Erbel De Pietro (25), H\u00e9ctor Martirena (23), Jos\u00e9 Luis Pappalardi (16), Lucas And\u00fajar (7) (formaci\u00f3n inicial); Ramiro Trebucq, Fernando Rivera, Luciano Arthur, Santiago Barrales y Mat\u00edas Morera (3). <strong>DT:<\/strong> Diego D\u2019Ambrosio.<\/p>\n<p><strong>Parciales por cuarto:<\/strong> 23 a 15, 19 a 15 (42 a 30), 23 a 17 (65 a 47) y 17 a 18 (82 a 65) para Racing de Chivilcoy<\/p>\n<p><strong>Arbitros:<\/strong> Emanuel S\u00e1nchez (Bah\u00eda Blanca) y Alejandro Chantiri (Olavarr\u00eda)<\/p>\n<p><strong>Comisionado T\u00e9cnico:<\/strong> Dante Laveneziana (Mar del Plata)<\/p>\n<p><strong>Cancha:<\/strong> Club Uni\u00f3n de Mar del Plata<\/p>\n<p><img loading=\"lazy\" decoding=\"async\" data-attachment-id=\"56593\" data-permalink=\"https:\/\/www.hoymercedes.com.ar\/principal\/2016\/11\/01\/gran-actuacion-de-francisco-dinova-en-mar-del-plata\/captura-de-pantalla-2016-10-31-21-40-20\/#main\" data-orig-file=\"https:\/\/www.hoymercedes.com.ar\/principal\/wp-content\/uploads\/2016\/11\/Captura-de-pantalla-2016-10-31-21.40.20.png\" data-orig-size=\"1070,326\" data-comments-opened=\"0\" data-image-meta=\"{&quot;aperture&quot;:&quot;0&quot;,&quot;credit&quot;:&quot;&quot;,&quot;camera&quot;:&quot;&quot;,&quot;caption&quot;:&quot;&quot;,&quot;created_timestamp&quot;:&quot;0&quot;,&quot;copyright&quot;:&quot;&quot;,&quot;focal_length&quot;:&quot;0&quot;,&quot;iso&quot;:&quot;0&quot;,&quot;shutter_speed&quot;:&quot;0&quot;,&quot;title&quot;:&quot;&quot;,&quot;orientation&quot;:&quot;0&quot;}\" data-image-title=\"captura-de-pantalla-2016-10-31-21-40-20\" data-image-description=\"\" data-image-caption=\"\" data-large-file=\"https:\/\/www.hoymercedes.com.ar\/principal\/wp-content\/uploads\/2016\/11\/Captura-de-pantalla-2016-10-31-21.40.20-1024x312.png\" class=\"aligncenter size-medium wp-image-56593\" src=\"https:\/\/www.hoymercedes.com.ar\/principal\/wp-content\/uploads\/2016\/11\/Captura-de-pantalla-2016-10-31-21.40.20-630x192.png\" alt=\"captura-de-pantalla-2016-10-31-21-40-20\" width=\"630\" height=\"192\" srcset=\"https:\/\/www.hoymercedes.com.ar\/principal\/wp-content\/uploads\/2016\/11\/Captura-de-pantalla-2016-10-31-21.40.20-630x192.png 630w, https:\/\/www.hoymercedes.com.ar\/principal\/wp-content\/uploads\/2016\/11\/Captura-de-pantalla-2016-10-31-21.40.20-150x46.png 150w, https:\/\/www.hoymercedes.com.ar\/principal\/wp-content\/uploads\/2016\/11\/Captura-de-pantalla-2016-10-31-21.40.20-1024x312.png 1024w, https:\/\/www.hoymercedes.com.ar\/principal\/wp-content\/uploads\/2016\/11\/Captura-de-pantalla-2016-10-31-21.40.20.png 1070w\" sizes=\"auto, (max-width: 630px) 100vw, 630px\" \/><\/p>\n","protected":false},"excerpt":{"rendered":"<p>Como fruto de la excursi\u00f3n en el sur de la Provincia, Racing de\u00a0Chivilcoy se viene con una derrota y un &#8230; <a title=\"Gran actuaci\u00f3n de Francisco Dinova en Mar del Plata\" class=\"read-more\" href=\"https:\/\/www.hoymercedes.com.ar\/principal\/2016\/11\/01\/gran-actuacion-de-francisco-dinova-en-mar-del-plata\/\" aria-label=\"Leer m\u00e1s sobre Gran actuaci\u00f3n de Francisco Dinova en Mar del Plata\">Leer m\u00e1s<\/a><\/p>\n","protected":false},"author":1,"featured_media":56591,"comment_status":"closed","ping_status":"open","sticky":false,"template":"","format":"standard","meta":{"_monsterinsights_skip_tracking":false,"_monsterinsights_sitenote_active":false,"_monsterinsights_sitenote_note":"","_monsterinsights_sitenote_category":0,"jetpack_post_was_ever_published":false,"_jetpack_newsletter_access":"","_jetpack_dont_email_post_to_subs":false,"_jetpack_newsletter_tier_id":0,"_jetpack_memberships_contains_paywalled_content":false,"_jetpack_memberships_contains_paid_content":false,"footnotes":"","jetpack_publicize_message":"","jetpack_publicize_feature_enabled":true,"jetpack_social_post_already_shared":true,"jetpack_social_options":{"image_generator_settings":{"template":"highway","default_image_id":0,"font":"","enabled":false},"version":2},"_wpas_customize_per_network":false},"categories":[21],"tags":[],"class_list":["post-56589","post","type-post","status-publish","format-standard","has-post-thumbnail","hentry","category-deportes","generate-columns","tablet-grid-50","mobile-grid-100","grid-parent","grid-50"],"jetpack_publicize_connections":[],"jetpack_featured_media_url":"https:\/\/www.hoymercedes.com.ar\/principal\/wp-content\/uploads\/2016\/10\/Francisco-jugando-en-Racing-de-Chivilcoy.jpg","wps_subtitle":"Federal de B\u00e1squet","jetpack_sharing_enabled":true,"_links":{"self":[{"href":"https:\/\/www.hoymercedes.com.ar\/principal\/wp-json\/wp\/v2\/posts\/56589","targetHints":{"allow":["GET"]}}],"collection":[{"href":"https:\/\/www.hoymercedes.com.ar\/principal\/wp-json\/wp\/v2\/posts"}],"about":[{"href":"https:\/\/www.hoymercedes.com.ar\/principal\/wp-json\/wp\/v2\/types\/post"}],"author":[{"embeddable":true,"href":"https:\/\/www.hoymercedes.com.ar\/principal\/wp-json\/wp\/v2\/users\/1"}],"replies":[{"embeddable":true,"href":"https:\/\/www.hoymercedes.com.ar\/principal\/wp-json\/wp\/v2\/comments?post=56589"}],"version-history":[{"count":0,"href":"https:\/\/www.hoymercedes.com.ar\/principal\/wp-json\/wp\/v2\/posts\/56589\/revisions"}],"wp:featuredmedia":[{"embeddable":true,"href":"https:\/\/www.hoymercedes.com.ar\/principal\/wp-json\/wp\/v2\/media\/56591"}],"wp:attachment":[{"href":"https:\/\/www.hoymercedes.com.ar\/principal\/wp-json\/wp\/v2\/media?parent=56589"}],"wp:term":[{"taxonomy":"category","embeddable":true,"href":"https:\/\/www.hoymercedes.com.ar\/principal\/wp-json\/wp\/v2\/categories?post=56589"},{"taxonomy":"post_tag","embeddable":true,"href":"https:\/\/www.hoymercedes.com.ar\/principal\/wp-json\/wp\/v2\/tags?post=56589"}],"curies":[{"name":"wp","href":"https:\/\/api.w.org\/{rel}","templated":true}]}}