{"id":5661,"date":"2011-07-19T22:10:46","date_gmt":"2011-07-19T22:10:46","guid":{"rendered":"http:\/\/www.hoymercedes.com.ar\/principal\/?p=5661"},"modified":"2011-07-19T22:10:46","modified_gmt":"2011-07-19T22:10:46","slug":"en-marcha-la-maraton-teatral","status":"publish","type":"post","link":"https:\/\/www.hoymercedes.com.ar\/principal\/2011\/07\/19\/en-marcha-la-maraton-teatral\/","title":{"rendered":"En marcha, la Maraton Teatral"},"content":{"rendered":"<p>Para lo que resta de la semana la cartelera propuesta contempla el mi\u00e9rcoles la presentaci\u00f3n de \u201cFaf\u00e1 Vs Pelumbre\u201d en la Sala A, con una entrada de 20 pesos.<\/p>\n<p>El jueves se presentar\u00e1 \u201cPrincesas y H\u00e9roes Contaminados\u201d, un trabajo declarado de Inter\u00e9s Cultural por el Instituto Cultural de la Provincia de Buenos Aires, con entradas numeradas de 30 y 40 pesos en la Sala B Para el viernes en dos horarios se presentar\u00e1 \u201cSonrisas de Circo\u201d en la Sala B con entradas cuyo costo es de $ 15 y finalmente durante el fin de semana tendremos el s\u00e1bado \u201cFaf\u00e1 y Margarita\u201d en dos horarios, con un valor en la entrada de Doce Pesos, y el domingo la presentaci\u00f3n de la Compa\u00f1\u00eda de T\u00edteres Canap\u00e9 de Polenta con la obra \u201cRayo de la Creaci\u00f3n\u201d, con un costo de diez pesos la entrada.<\/p>\n<p>La Maraton Teatral, es una idea de la Direccion de Cultura y Educacion de la Municipalidad de Mercedes, y los espect\u00e1culos se desarrollan en el Centro Cultural Teatro Intendente Dr. Julio C. Gioscio.<\/p>\n<p><span style=\"color: #888888;\">Fuente: Municipalidad de Mercedes<\/span><\/p>\n","protected":false},"excerpt":{"rendered":"<p>Para lo que resta de la semana la cartelera propuesta contempla el mi\u00e9rcoles la presentaci\u00f3n de \u201cFaf\u00e1 Vs Pelumbre\u201d en &#8230; <a title=\"En marcha, la Maraton Teatral\" class=\"read-more\" href=\"https:\/\/www.hoymercedes.com.ar\/principal\/2011\/07\/19\/en-marcha-la-maraton-teatral\/\" aria-label=\"Leer m\u00e1s sobre En marcha, la Maraton Teatral\">Leer m\u00e1s<\/a><\/p>\n","protected":false},"author":1,"featured_media":0,"comment_status":"open","ping_status":"open","sticky":false,"template":"","format":"standard","meta":{"_monsterinsights_skip_tracking":false,"_monsterinsights_sitenote_active":false,"_monsterinsights_sitenote_note":"","_monsterinsights_sitenote_category":0,"jetpack_post_was_ever_published":false,"_jetpack_newsletter_access":"","_jetpack_dont_email_post_to_subs":false,"_jetpack_newsletter_tier_id":0,"_jetpack_memberships_contains_paywalled_content":false,"_jetpack_memberships_contains_paid_content":false,"footnotes":"","jetpack_publicize_message":"","jetpack_publicize_feature_enabled":true,"jetpack_social_post_already_shared":false,"jetpack_social_options":{"image_generator_settings":{"template":"highway","default_image_id":0,"font":"","enabled":false},"version":2},"_wpas_customize_per_network":false},"categories":[30],"tags":[714],"class_list":["post-5661","post","type-post","status-publish","format-standard","hentry","category-municipio","tag-teatro-julio-cesar-gioscio","generate-columns","tablet-grid-50","mobile-grid-100","grid-parent","grid-50"],"jetpack_publicize_connections":[],"jetpack_featured_media_url":"","wps_subtitle":"","jetpack_sharing_enabled":true,"_links":{"self":[{"href":"https:\/\/www.hoymercedes.com.ar\/principal\/wp-json\/wp\/v2\/posts\/5661","targetHints":{"allow":["GET"]}}],"collection":[{"href":"https:\/\/www.hoymercedes.com.ar\/principal\/wp-json\/wp\/v2\/posts"}],"about":[{"href":"https:\/\/www.hoymercedes.com.ar\/principal\/wp-json\/wp\/v2\/types\/post"}],"author":[{"embeddable":true,"href":"https:\/\/www.hoymercedes.com.ar\/principal\/wp-json\/wp\/v2\/users\/1"}],"replies":[{"embeddable":true,"href":"https:\/\/www.hoymercedes.com.ar\/principal\/wp-json\/wp\/v2\/comments?post=5661"}],"version-history":[{"count":0,"href":"https:\/\/www.hoymercedes.com.ar\/principal\/wp-json\/wp\/v2\/posts\/5661\/revisions"}],"wp:attachment":[{"href":"https:\/\/www.hoymercedes.com.ar\/principal\/wp-json\/wp\/v2\/media?parent=5661"}],"wp:term":[{"taxonomy":"category","embeddable":true,"href":"https:\/\/www.hoymercedes.com.ar\/principal\/wp-json\/wp\/v2\/categories?post=5661"},{"taxonomy":"post_tag","embeddable":true,"href":"https:\/\/www.hoymercedes.com.ar\/principal\/wp-json\/wp\/v2\/tags?post=5661"}],"curies":[{"name":"wp","href":"https:\/\/api.w.org\/{rel}","templated":true}]}}