{"id":56625,"date":"2016-11-01T15:06:04","date_gmt":"2016-11-01T18:06:04","guid":{"rendered":"http:\/\/www.hoymercedes.com.ar\/principal\/?p=56625"},"modified":"2016-11-01T15:06:04","modified_gmt":"2016-11-01T18:06:04","slug":"fallecio-federico-stupiello","status":"publish","type":"post","link":"https:\/\/www.hoymercedes.com.ar\/principal\/2016\/11\/01\/fallecio-federico-stupiello\/","title":{"rendered":"Falleci\u00f3 Federico Stupiello"},"content":{"rendered":"<p><em><strong>Campe\u00f3n con Ateneo en la Liga Mercedina de F\u00fatbol en 1994 y uno de los goleadores que tuvo la historia de El Front\u00f3n de San Andr\u00e9s de Giles, Federico Stupiello falleci\u00f3 este fin de semana tras combatir durante varios meses con una enfermedad que le termin\u00f3 haciendo perder el partido de la vida.<\/strong><\/em><\/p>\n<p><img loading=\"lazy\" decoding=\"async\" data-attachment-id=\"56627\" data-permalink=\"https:\/\/www.hoymercedes.com.ar\/principal\/2016\/11\/01\/fallecio-federico-stupiello\/stupiello\/#main\" data-orig-file=\"https:\/\/www.hoymercedes.com.ar\/principal\/wp-content\/uploads\/2016\/11\/Stupiello.jpg\" data-orig-size=\"415,293\" data-comments-opened=\"0\" data-image-meta=\"{&quot;aperture&quot;:&quot;0&quot;,&quot;credit&quot;:&quot;&quot;,&quot;camera&quot;:&quot;&quot;,&quot;caption&quot;:&quot;&quot;,&quot;created_timestamp&quot;:&quot;0&quot;,&quot;copyright&quot;:&quot;&quot;,&quot;focal_length&quot;:&quot;0&quot;,&quot;iso&quot;:&quot;0&quot;,&quot;shutter_speed&quot;:&quot;0&quot;,&quot;title&quot;:&quot;&quot;,&quot;orientation&quot;:&quot;0&quot;}\" data-image-title=\"stupiello\" data-image-description=\"\" data-image-caption=\"\" data-large-file=\"https:\/\/www.hoymercedes.com.ar\/principal\/wp-content\/uploads\/2016\/11\/Stupiello.jpg\" class=\"aligncenter size-full wp-image-56627\" src=\"https:\/\/www.hoymercedes.com.ar\/principal\/wp-content\/uploads\/2016\/11\/Stupiello.jpg\" alt=\"stupiello\" width=\"415\" height=\"293\" srcset=\"https:\/\/www.hoymercedes.com.ar\/principal\/wp-content\/uploads\/2016\/11\/Stupiello.jpg 415w, https:\/\/www.hoymercedes.com.ar\/principal\/wp-content\/uploads\/2016\/11\/Stupiello-150x106.jpg 150w, https:\/\/www.hoymercedes.com.ar\/principal\/wp-content\/uploads\/2016\/11\/Stupiello-140x100.jpg 140w\" sizes=\"auto, (max-width: 415px) 100vw, 415px\" \/><\/p>\n<p>Stupiello, reconocido deportista de la vecina localidad y la zona, ten\u00eda 52 a\u00f1os y hasta principio de a\u00f1o se desempe\u00f1aba como entrenador de b\u00e1squet del CEF, liderando los equipos de la entidad gilense.<\/p>\n<p>Tal como expresa la web infociudadsag, \u00abFederico realiz\u00f3 una exitosa carrera deportiva. Como futbolista quienes lo vieron jugar lo destacan como un goleador de raza, fue \u00eddolo en Front\u00f3n, gan\u00f3 todo con Turur\u00fa y se despidi\u00f3 jugando en Villa Manchi. En su juventud prob\u00f3 suerte en el f\u00fatbol profesional pasando por Ferro y San Lorenzo. A su vez sembr\u00f3 una fuerte semilla en el CEF. 24, siendo el gran precursor de la pr\u00e1ctica de b\u00e1squet. Tambi\u00e9n junto a su hermano \u201cJuano\u201d Stupiello y Jos\u00e9 Garavano incursion\u00f3 en el automovilismo de elite\u00bb.<\/p>\n<p>Stupiello particip\u00f3 del recordado Atneeo campe\u00f3n de los a\u00f1os 94 y 95, que lograron los dos \u00fanicos campeonatos oficiales que posee el club. El t\u00e9cnico era Ra\u00fal Gaiera y estaba formado entre otros por grandes jugadores como Alejandro Cabachieff, Marcelo Simionatto, Fabi\u00e1n Brandoni, Fernando Viscardi, Julio Boragno, Pinto, Fernando Blanco, Walter Anido, Federico Stupiello, Jorge Camargo, Cristian G\u00f3mez, Mainetti, De Felice, Barbeito y Echague.<\/p>\n<p>Sus restos fueron inhumados en la jornada de ayer, en el cementerio de San Andr\u00e9s de Giles.<\/p>\n","protected":false},"excerpt":{"rendered":"<p>Campe\u00f3n con Ateneo en la Liga Mercedina de F\u00fatbol en 1994 y uno de los goleadores que tuvo la historia &#8230; <a title=\"Falleci\u00f3 Federico Stupiello\" class=\"read-more\" href=\"https:\/\/www.hoymercedes.com.ar\/principal\/2016\/11\/01\/fallecio-federico-stupiello\/\" aria-label=\"Leer m\u00e1s sobre Falleci\u00f3 Federico Stupiello\">Leer m\u00e1s<\/a><\/p>\n","protected":false},"author":1,"featured_media":56627,"comment_status":"closed","ping_status":"open","sticky":false,"template":"","format":"standard","meta":{"_monsterinsights_skip_tracking":false,"_monsterinsights_sitenote_active":false,"_monsterinsights_sitenote_note":"","_monsterinsights_sitenote_category":0,"jetpack_post_was_ever_published":false,"_jetpack_newsletter_access":"","_jetpack_dont_email_post_to_subs":false,"_jetpack_newsletter_tier_id":0,"_jetpack_memberships_contains_paywalled_content":false,"_jetpack_memberships_contains_paid_content":false,"footnotes":"","jetpack_publicize_message":"","jetpack_publicize_feature_enabled":true,"jetpack_social_post_already_shared":true,"jetpack_social_options":{"image_generator_settings":{"template":"highway","default_image_id":0,"font":"","enabled":false},"version":2},"_wpas_customize_per_network":false},"categories":[21],"tags":[],"class_list":["post-56625","post","type-post","status-publish","format-standard","has-post-thumbnail","hentry","category-deportes","generate-columns","tablet-grid-50","mobile-grid-100","grid-parent","grid-50"],"jetpack_publicize_connections":[],"jetpack_featured_media_url":"https:\/\/www.hoymercedes.com.ar\/principal\/wp-content\/uploads\/2016\/11\/Stupiello.jpg","wps_subtitle":"El deporte de luto","jetpack_sharing_enabled":true,"_links":{"self":[{"href":"https:\/\/www.hoymercedes.com.ar\/principal\/wp-json\/wp\/v2\/posts\/56625","targetHints":{"allow":["GET"]}}],"collection":[{"href":"https:\/\/www.hoymercedes.com.ar\/principal\/wp-json\/wp\/v2\/posts"}],"about":[{"href":"https:\/\/www.hoymercedes.com.ar\/principal\/wp-json\/wp\/v2\/types\/post"}],"author":[{"embeddable":true,"href":"https:\/\/www.hoymercedes.com.ar\/principal\/wp-json\/wp\/v2\/users\/1"}],"replies":[{"embeddable":true,"href":"https:\/\/www.hoymercedes.com.ar\/principal\/wp-json\/wp\/v2\/comments?post=56625"}],"version-history":[{"count":0,"href":"https:\/\/www.hoymercedes.com.ar\/principal\/wp-json\/wp\/v2\/posts\/56625\/revisions"}],"wp:featuredmedia":[{"embeddable":true,"href":"https:\/\/www.hoymercedes.com.ar\/principal\/wp-json\/wp\/v2\/media\/56627"}],"wp:attachment":[{"href":"https:\/\/www.hoymercedes.com.ar\/principal\/wp-json\/wp\/v2\/media?parent=56625"}],"wp:term":[{"taxonomy":"category","embeddable":true,"href":"https:\/\/www.hoymercedes.com.ar\/principal\/wp-json\/wp\/v2\/categories?post=56625"},{"taxonomy":"post_tag","embeddable":true,"href":"https:\/\/www.hoymercedes.com.ar\/principal\/wp-json\/wp\/v2\/tags?post=56625"}],"curies":[{"name":"wp","href":"https:\/\/api.w.org\/{rel}","templated":true}]}}