{"id":56680,"date":"2016-11-02T20:13:30","date_gmt":"2016-11-02T23:13:30","guid":{"rendered":"http:\/\/www.hoymercedes.com.ar\/principal\/?p=56680"},"modified":"2016-11-02T23:16:51","modified_gmt":"2016-11-03T02:16:51","slug":"municipio-entrego-subsidio-a-la-divina-providencia","status":"publish","type":"post","link":"https:\/\/www.hoymercedes.com.ar\/principal\/2016\/11\/02\/municipio-entrego-subsidio-a-la-divina-providencia\/","title":{"rendered":"Municipio entreg\u00f3 subsidio a la Divina Providencia"},"content":{"rendered":"<p>Durante la ma\u00f1ana de \u00e9ste mi\u00e9rcoles el intendente municipal Juan Ignacio Ustarroz se reuni\u00f3 e hizo entrega de un importante subsidio a la reconocida instituci\u00f3n local \u00abDivina Providencia\u00bb que estuvo representada por la hermana Patricia.<\/p>\n<p><img loading=\"lazy\" decoding=\"async\" data-attachment-id=\"56681\" data-permalink=\"https:\/\/www.hoymercedes.com.ar\/principal\/2016\/11\/02\/municipio-entrego-subsidio-a-la-divina-providencia\/02-ustarroz-divinaprovidencia-2\/#main\" data-orig-file=\"https:\/\/www.hoymercedes.com.ar\/principal\/wp-content\/uploads\/2016\/11\/02-Ustarroz-DivinaProvidencia-2.jpg\" data-orig-size=\"630,420\" data-comments-opened=\"0\" data-image-meta=\"{&quot;aperture&quot;:&quot;0&quot;,&quot;credit&quot;:&quot;&quot;,&quot;camera&quot;:&quot;&quot;,&quot;caption&quot;:&quot;????????????????????????????????????&quot;,&quot;created_timestamp&quot;:&quot;0&quot;,&quot;copyright&quot;:&quot;&quot;,&quot;focal_length&quot;:&quot;0&quot;,&quot;iso&quot;:&quot;0&quot;,&quot;shutter_speed&quot;:&quot;0&quot;,&quot;title&quot;:&quot;&quot;,&quot;orientation&quot;:&quot;0&quot;}\" data-image-title=\"02-ustarroz-divinaprovidencia-2\" data-image-description=\"\" data-image-caption=\"\" data-large-file=\"https:\/\/www.hoymercedes.com.ar\/principal\/wp-content\/uploads\/2016\/11\/02-Ustarroz-DivinaProvidencia-2.jpg\" class=\"aligncenter size-medium wp-image-56681\" src=\"https:\/\/www.hoymercedes.com.ar\/principal\/wp-content\/uploads\/2016\/11\/02-Ustarroz-DivinaProvidencia-2-630x420.jpg\" alt=\"02-ustarroz-divinaprovidencia-2\" width=\"630\" height=\"420\" srcset=\"https:\/\/www.hoymercedes.com.ar\/principal\/wp-content\/uploads\/2016\/11\/02-Ustarroz-DivinaProvidencia-2.jpg 630w, https:\/\/www.hoymercedes.com.ar\/principal\/wp-content\/uploads\/2016\/11\/02-Ustarroz-DivinaProvidencia-2-150x100.jpg 150w, https:\/\/www.hoymercedes.com.ar\/principal\/wp-content\/uploads\/2016\/11\/02-Ustarroz-DivinaProvidencia-2-300x200.jpg 300w\" sizes=\"auto, (max-width: 630px) 100vw, 630px\" \/><\/p>\n<p>El encuentro se llev\u00f3 adelante en el despacho privado del primer mandatario local e incluy\u00f3 un nuevo aporte que en esta ocasi\u00f3n es de $20.000 y que ser\u00e1 utilizado para distintas coberturas de necesidades en el d\u00eda a d\u00eda de la reconocida instituci\u00f3n de acompa\u00f1amiento a nuestros adultos mayores.<\/p>\n<p>\u00abNosotros sentimos una necesidad y un orgullo de acompa\u00f1ar desde un Estado activo y presente a aquellos que llevan adelante tareas sociales y por el pr\u00f3jimo, y en esta ocasi\u00f3n con la comunidad de Divina Providencia, prestigiosa y reconocida y que cada d\u00eda tanto trabaja\u00bb sostuvo Ustarroz, entre otros conceptos, que mantuvo un dialogo fluido y ameno con la religiosa.<\/p>\n<p>Por su parte la hermana Patricia narr\u00f3 al intendente diversas cuestiones que desarrolla la instituci\u00f3n, sus complicaciones y satisfacciones como as\u00ed tambi\u00e9n las relaciones actuales con otras esferas del estado, como lo nacional y provincial.<\/p>\n<p>Fuente; Prensa Municipal<\/p>\n","protected":false},"excerpt":{"rendered":"<p>Durante la ma\u00f1ana de \u00e9ste mi\u00e9rcoles el intendente municipal Juan Ignacio Ustarroz se reuni\u00f3 e hizo entrega de un importante &#8230; <a title=\"Municipio entreg\u00f3 subsidio a la Divina Providencia\" class=\"read-more\" href=\"https:\/\/www.hoymercedes.com.ar\/principal\/2016\/11\/02\/municipio-entrego-subsidio-a-la-divina-providencia\/\" aria-label=\"Leer m\u00e1s sobre Municipio entreg\u00f3 subsidio a la Divina Providencia\">Leer m\u00e1s<\/a><\/p>\n","protected":false},"author":1,"featured_media":56681,"comment_status":"closed","ping_status":"open","sticky":false,"template":"","format":"standard","meta":{"_monsterinsights_skip_tracking":false,"_monsterinsights_sitenote_active":false,"_monsterinsights_sitenote_note":"","_monsterinsights_sitenote_category":0,"jetpack_post_was_ever_published":false,"_jetpack_newsletter_access":"","_jetpack_dont_email_post_to_subs":false,"_jetpack_newsletter_tier_id":0,"_jetpack_memberships_contains_paywalled_content":false,"_jetpack_memberships_contains_paid_content":false,"footnotes":"","jetpack_publicize_message":"","jetpack_publicize_feature_enabled":true,"jetpack_social_post_already_shared":true,"jetpack_social_options":{"image_generator_settings":{"template":"highway","default_image_id":0,"font":"","enabled":false},"version":2},"_wpas_customize_per_network":false},"categories":[30],"tags":[2628,244],"class_list":["post-56680","post","type-post","status-publish","format-standard","has-post-thumbnail","hentry","category-municipio","tag-divina-providencia","tag-municipio-2","generate-columns","tablet-grid-50","mobile-grid-100","grid-parent","grid-50"],"jetpack_publicize_connections":[],"jetpack_featured_media_url":"https:\/\/www.hoymercedes.com.ar\/principal\/wp-content\/uploads\/2016\/11\/02-Ustarroz-DivinaProvidencia-2.jpg","wps_subtitle":"Apoyo econ\u00f3mico para construcci\u00f3n","jetpack_sharing_enabled":true,"_links":{"self":[{"href":"https:\/\/www.hoymercedes.com.ar\/principal\/wp-json\/wp\/v2\/posts\/56680","targetHints":{"allow":["GET"]}}],"collection":[{"href":"https:\/\/www.hoymercedes.com.ar\/principal\/wp-json\/wp\/v2\/posts"}],"about":[{"href":"https:\/\/www.hoymercedes.com.ar\/principal\/wp-json\/wp\/v2\/types\/post"}],"author":[{"embeddable":true,"href":"https:\/\/www.hoymercedes.com.ar\/principal\/wp-json\/wp\/v2\/users\/1"}],"replies":[{"embeddable":true,"href":"https:\/\/www.hoymercedes.com.ar\/principal\/wp-json\/wp\/v2\/comments?post=56680"}],"version-history":[{"count":0,"href":"https:\/\/www.hoymercedes.com.ar\/principal\/wp-json\/wp\/v2\/posts\/56680\/revisions"}],"wp:featuredmedia":[{"embeddable":true,"href":"https:\/\/www.hoymercedes.com.ar\/principal\/wp-json\/wp\/v2\/media\/56681"}],"wp:attachment":[{"href":"https:\/\/www.hoymercedes.com.ar\/principal\/wp-json\/wp\/v2\/media?parent=56680"}],"wp:term":[{"taxonomy":"category","embeddable":true,"href":"https:\/\/www.hoymercedes.com.ar\/principal\/wp-json\/wp\/v2\/categories?post=56680"},{"taxonomy":"post_tag","embeddable":true,"href":"https:\/\/www.hoymercedes.com.ar\/principal\/wp-json\/wp\/v2\/tags?post=56680"}],"curies":[{"name":"wp","href":"https:\/\/api.w.org\/{rel}","templated":true}]}}