{"id":56710,"date":"2016-11-04T13:46:42","date_gmt":"2016-11-04T16:46:42","guid":{"rendered":"http:\/\/www.hoymercedes.com.ar\/principal\/?p=56710"},"modified":"2016-11-04T14:54:28","modified_gmt":"2016-11-04T17:54:28","slug":"56710","status":"publish","type":"post","link":"https:\/\/www.hoymercedes.com.ar\/principal\/2016\/11\/04\/56710\/","title":{"rendered":"Obras de pavimentaci\u00f3n en 33 y 42"},"content":{"rendered":"<p>D\u00edas atr\u00e1s comenz\u00f3 un trabajo de pavimentaci\u00f3n en hormig\u00f3n en la calle 33 y su intersecci\u00f3n con la calle 42. El Intendente Municipal Juan Ignacio Ustarroz, explic\u00f3 que esta era una obra hecha en hormig\u00f3n para garantizar la durabilidad del trabajo.<\/p>\n<p>Asimismo, adelantaron que el trabajo continuar\u00e1 con la pavimentaci\u00f3n con hormig\u00f3n en la Avenida 29 entre 40 y 42. Una vez finalizadas estas obras continuar\u00e1n por la avenida con el fin de mejorar la arteria utilizada por los vecinos de los barrios Villa del Parque y Lowe.<\/p>\n<p><img loading=\"lazy\" decoding=\"async\" data-attachment-id=\"56706\" data-permalink=\"https:\/\/www.hoymercedes.com.ar\/principal\/2016\/11\/04\/dibujos-de-agradecimiento-para-los-internos-panaderos\/04-44-y-33\/#main\" data-orig-file=\"https:\/\/www.hoymercedes.com.ar\/principal\/wp-content\/uploads\/2016\/11\/04-44-y-33.jpg\" data-orig-size=\"630,420\" data-comments-opened=\"0\" data-image-meta=\"{&quot;aperture&quot;:&quot;0&quot;,&quot;credit&quot;:&quot;&quot;,&quot;camera&quot;:&quot;&quot;,&quot;caption&quot;:&quot;&quot;,&quot;created_timestamp&quot;:&quot;0&quot;,&quot;copyright&quot;:&quot;&quot;,&quot;focal_length&quot;:&quot;0&quot;,&quot;iso&quot;:&quot;0&quot;,&quot;shutter_speed&quot;:&quot;0&quot;,&quot;title&quot;:&quot;&quot;,&quot;orientation&quot;:&quot;0&quot;}\" data-image-title=\"04-44-y-33\" data-image-description=\"\" data-image-caption=\"\" data-large-file=\"https:\/\/www.hoymercedes.com.ar\/principal\/wp-content\/uploads\/2016\/11\/04-44-y-33.jpg\" class=\"aligncenter size-medium wp-image-56706\" src=\"https:\/\/www.hoymercedes.com.ar\/principal\/wp-content\/uploads\/2016\/11\/04-44-y-33-630x420.jpg\" alt=\"04-44-y-33\" width=\"630\" height=\"420\" srcset=\"https:\/\/www.hoymercedes.com.ar\/principal\/wp-content\/uploads\/2016\/11\/04-44-y-33.jpg 630w, https:\/\/www.hoymercedes.com.ar\/principal\/wp-content\/uploads\/2016\/11\/04-44-y-33-150x100.jpg 150w, https:\/\/www.hoymercedes.com.ar\/principal\/wp-content\/uploads\/2016\/11\/04-44-y-33-300x200.jpg 300w\" sizes=\"auto, (max-width: 630px) 100vw, 630px\" \/><\/p>\n","protected":false},"excerpt":{"rendered":"<p>D\u00edas atr\u00e1s comenz\u00f3 un trabajo de pavimentaci\u00f3n en hormig\u00f3n en la calle 33 y su intersecci\u00f3n con la calle 42. &#8230; <a title=\"Obras de pavimentaci\u00f3n en 33 y 42\" class=\"read-more\" href=\"https:\/\/www.hoymercedes.com.ar\/principal\/2016\/11\/04\/56710\/\" aria-label=\"Leer m\u00e1s sobre Obras de pavimentaci\u00f3n en 33 y 42\">Leer m\u00e1s<\/a><\/p>\n","protected":false},"author":1,"featured_media":56706,"comment_status":"closed","ping_status":"open","sticky":false,"template":"","format":"standard","meta":{"_monsterinsights_skip_tracking":false,"_monsterinsights_sitenote_active":false,"_monsterinsights_sitenote_note":"","_monsterinsights_sitenote_category":0,"jetpack_post_was_ever_published":false,"_jetpack_newsletter_access":"","_jetpack_dont_email_post_to_subs":false,"_jetpack_newsletter_tier_id":0,"_jetpack_memberships_contains_paywalled_content":false,"_jetpack_memberships_contains_paid_content":false,"footnotes":"","jetpack_publicize_message":"","jetpack_publicize_feature_enabled":true,"jetpack_social_post_already_shared":true,"jetpack_social_options":{"image_generator_settings":{"template":"highway","default_image_id":0,"font":"","enabled":false},"version":2},"_wpas_customize_per_network":false},"categories":[30],"tags":[10189,244,1014],"class_list":["post-56710","post","type-post","status-publish","format-standard","has-post-thumbnail","hentry","category-municipio","tag-calle-33-y-42","tag-municipio-2","tag-obras","generate-columns","tablet-grid-50","mobile-grid-100","grid-parent","grid-50"],"jetpack_publicize_connections":[],"jetpack_featured_media_url":"https:\/\/www.hoymercedes.com.ar\/principal\/wp-content\/uploads\/2016\/11\/04-44-y-33.jpg","wps_subtitle":"Con hormig\u00f3n","jetpack_sharing_enabled":true,"_links":{"self":[{"href":"https:\/\/www.hoymercedes.com.ar\/principal\/wp-json\/wp\/v2\/posts\/56710","targetHints":{"allow":["GET"]}}],"collection":[{"href":"https:\/\/www.hoymercedes.com.ar\/principal\/wp-json\/wp\/v2\/posts"}],"about":[{"href":"https:\/\/www.hoymercedes.com.ar\/principal\/wp-json\/wp\/v2\/types\/post"}],"author":[{"embeddable":true,"href":"https:\/\/www.hoymercedes.com.ar\/principal\/wp-json\/wp\/v2\/users\/1"}],"replies":[{"embeddable":true,"href":"https:\/\/www.hoymercedes.com.ar\/principal\/wp-json\/wp\/v2\/comments?post=56710"}],"version-history":[{"count":0,"href":"https:\/\/www.hoymercedes.com.ar\/principal\/wp-json\/wp\/v2\/posts\/56710\/revisions"}],"wp:featuredmedia":[{"embeddable":true,"href":"https:\/\/www.hoymercedes.com.ar\/principal\/wp-json\/wp\/v2\/media\/56706"}],"wp:attachment":[{"href":"https:\/\/www.hoymercedes.com.ar\/principal\/wp-json\/wp\/v2\/media?parent=56710"}],"wp:term":[{"taxonomy":"category","embeddable":true,"href":"https:\/\/www.hoymercedes.com.ar\/principal\/wp-json\/wp\/v2\/categories?post=56710"},{"taxonomy":"post_tag","embeddable":true,"href":"https:\/\/www.hoymercedes.com.ar\/principal\/wp-json\/wp\/v2\/tags?post=56710"}],"curies":[{"name":"wp","href":"https:\/\/api.w.org\/{rel}","templated":true}]}}