{"id":56745,"date":"2016-11-05T15:52:26","date_gmt":"2016-11-05T18:52:26","guid":{"rendered":"http:\/\/www.hoymercedes.com.ar\/principal\/?p=56745"},"modified":"2016-11-05T15:52:26","modified_gmt":"2016-11-05T18:52:26","slug":"policia-federal-de-mercedes-allana-en-marin-por-drogas","status":"publish","type":"post","link":"https:\/\/www.hoymercedes.com.ar\/principal\/2016\/11\/05\/policia-federal-de-mercedes-allana-en-marin-por-drogas\/","title":{"rendered":"Polic\u00eda Federal de Mercedes allana en Mar\u00edn por drogas"},"content":{"rendered":"<p>En el marco de un procedimiento por infracci\u00f3n a la Ley 23.737 en la tarde del viernes, la Delegaci\u00f3n Mercedes de la Polic\u00eda Federal realiz\u00f3 diferentes allanamientos en la localidad Pablo Mar\u00edn del partido bonaernense de General Rodr\u00edguez.<\/p>\n<p>El Personal de la Delegaci\u00f3n Mercedes Delitos Federales y Complejos de la Polic\u00eda Federal Argentina, con la colaboraci\u00f3n de Personal de Narcocriminalidad de la Polic\u00eda de la Provincia de Buenos Aires, llevaron a cabo cinco allanamientos en la localidad de Pablo Marin partido de General Rodr\u00edguez, logr\u00e1ndose la aprehensi\u00f3n de dos masculinos mayores de edad importante cantidad de clorhidrato de coca\u00edna y marihuana preparada para la comercializaci\u00f3n, como as\u00ed tambi\u00e9n arma de guerra y granada FMK2, elementos de corte, como as\u00ed tambi\u00e9n, celulares.<\/p>\n<p>Interviene en el hecho la Unidad Funcional de Instrucci\u00f3n\u00a0 N\u00b0 10 del Departamento Judicial Moreno \u2013 Gral. Rodr\u00edguez, de la Dra. Alejandra Rodr\u00edguez, causa caratulada \u201cINF. LEY 23737\u201d<\/p>\n<p>&nbsp;<\/p>\n<p>Fuente: JUDICIAL.<\/p>\n<p>NdR: La imagen es meramente ilustrativa.<\/p>\n","protected":false},"excerpt":{"rendered":"<p>En el marco de un procedimiento por infracci\u00f3n a la Ley 23.737 en la tarde del viernes, la Delegaci\u00f3n Mercedes &#8230; <a title=\"Polic\u00eda Federal de Mercedes allana en Mar\u00edn por drogas\" class=\"read-more\" href=\"https:\/\/www.hoymercedes.com.ar\/principal\/2016\/11\/05\/policia-federal-de-mercedes-allana-en-marin-por-drogas\/\" aria-label=\"Leer m\u00e1s sobre Polic\u00eda Federal de Mercedes allana en Mar\u00edn por drogas\">Leer m\u00e1s<\/a><\/p>\n","protected":false},"author":1,"featured_media":48407,"comment_status":"closed","ping_status":"open","sticky":false,"template":"","format":"standard","meta":{"_monsterinsights_skip_tracking":false,"_monsterinsights_sitenote_active":false,"_monsterinsights_sitenote_note":"","_monsterinsights_sitenote_category":0,"jetpack_post_was_ever_published":false,"_jetpack_newsletter_access":"","_jetpack_dont_email_post_to_subs":false,"_jetpack_newsletter_tier_id":0,"_jetpack_memberships_contains_paywalled_content":false,"_jetpack_memberships_contains_paid_content":false,"footnotes":"","jetpack_publicize_message":"","jetpack_publicize_feature_enabled":true,"jetpack_social_post_already_shared":true,"jetpack_social_options":{"image_generator_settings":{"template":"highway","default_image_id":0,"font":"","enabled":false},"version":2},"_wpas_customize_per_network":false},"categories":[85],"tags":[97,10197,6549,96],"class_list":["post-56745","post","type-post","status-publish","format-standard","has-post-thumbnail","hentry","category-policial","tag-allanamiento","tag-pablo-marin","tag-policia-federal","tag-policial-2","generate-columns","tablet-grid-50","mobile-grid-100","grid-parent","grid-50"],"jetpack_publicize_connections":[],"jetpack_featured_media_url":"https:\/\/www.hoymercedes.com.ar\/principal\/wp-content\/uploads\/2016\/04\/allanamiento.drogas.jpg","wps_subtitle":"Detienen a dos hombres","jetpack_sharing_enabled":true,"_links":{"self":[{"href":"https:\/\/www.hoymercedes.com.ar\/principal\/wp-json\/wp\/v2\/posts\/56745","targetHints":{"allow":["GET"]}}],"collection":[{"href":"https:\/\/www.hoymercedes.com.ar\/principal\/wp-json\/wp\/v2\/posts"}],"about":[{"href":"https:\/\/www.hoymercedes.com.ar\/principal\/wp-json\/wp\/v2\/types\/post"}],"author":[{"embeddable":true,"href":"https:\/\/www.hoymercedes.com.ar\/principal\/wp-json\/wp\/v2\/users\/1"}],"replies":[{"embeddable":true,"href":"https:\/\/www.hoymercedes.com.ar\/principal\/wp-json\/wp\/v2\/comments?post=56745"}],"version-history":[{"count":0,"href":"https:\/\/www.hoymercedes.com.ar\/principal\/wp-json\/wp\/v2\/posts\/56745\/revisions"}],"wp:featuredmedia":[{"embeddable":true,"href":"https:\/\/www.hoymercedes.com.ar\/principal\/wp-json\/wp\/v2\/media\/48407"}],"wp:attachment":[{"href":"https:\/\/www.hoymercedes.com.ar\/principal\/wp-json\/wp\/v2\/media?parent=56745"}],"wp:term":[{"taxonomy":"category","embeddable":true,"href":"https:\/\/www.hoymercedes.com.ar\/principal\/wp-json\/wp\/v2\/categories?post=56745"},{"taxonomy":"post_tag","embeddable":true,"href":"https:\/\/www.hoymercedes.com.ar\/principal\/wp-json\/wp\/v2\/tags?post=56745"}],"curies":[{"name":"wp","href":"https:\/\/api.w.org\/{rel}","templated":true}]}}