{"id":56774,"date":"2016-11-07T09:46:04","date_gmt":"2016-11-07T12:46:04","guid":{"rendered":"http:\/\/www.hoymercedes.com.ar\/principal\/?p=56774"},"modified":"2016-11-07T09:46:04","modified_gmt":"2016-11-07T12:46:04","slug":"trocha-gano-y-clasifico-al-federal-c-y-a-semifinales","status":"publish","type":"post","link":"https:\/\/www.hoymercedes.com.ar\/principal\/2016\/11\/07\/trocha-gano-y-clasifico-al-federal-c-y-a-semifinales\/","title":{"rendered":"Trocha gan\u00f3 y clasific\u00f3 al Federal C y a semifinales"},"content":{"rendered":"<p><strong>La inmejorable campa\u00f1a que Trocha hizo en este 2016 hizo que se cumpliera lo que sus propios rivales anunciaron hace al menos cuatro fecha: Iba a ser el clasificado al Federal C por ser el mejor de la tabla General. Para colmo, sac\u00f3 nueve de nueve cuando se midi\u00f3 con El Front\u00f3n, Juventud y Quilmes, sus inmediatos perseguidores y antes de cruzarse con el duro Comunicaciones, logr\u00f3 ante Ateneo los dos objetivos propuestos. Trocha, este s\u00e1bado gan\u00f3 3 a 0 y se asegur\u00f3 su paso a semifinal del Clausura y tambi\u00e9n la plaza para jugar por primera vez el Federal C.<\/strong><\/p>\n<p><img loading=\"lazy\" decoding=\"async\" data-attachment-id=\"56775\" data-permalink=\"https:\/\/www.hoymercedes.com.ar\/principal\/2016\/11\/07\/trocha-gano-y-clasifico-al-federal-c-y-a-semifinales\/general-16\/#main\" data-orig-file=\"https:\/\/www.hoymercedes.com.ar\/principal\/wp-content\/uploads\/2016\/11\/General.png\" data-orig-size=\"421,370\" data-comments-opened=\"0\" data-image-meta=\"{&quot;aperture&quot;:&quot;0&quot;,&quot;credit&quot;:&quot;&quot;,&quot;camera&quot;:&quot;&quot;,&quot;caption&quot;:&quot;&quot;,&quot;created_timestamp&quot;:&quot;0&quot;,&quot;copyright&quot;:&quot;&quot;,&quot;focal_length&quot;:&quot;0&quot;,&quot;iso&quot;:&quot;0&quot;,&quot;shutter_speed&quot;:&quot;0&quot;,&quot;title&quot;:&quot;&quot;,&quot;orientation&quot;:&quot;0&quot;}\" data-image-title=\"general\" data-image-description=\"\" data-image-caption=\"\" data-large-file=\"https:\/\/www.hoymercedes.com.ar\/principal\/wp-content\/uploads\/2016\/11\/General.png\" class=\"aligncenter size-full wp-image-56775\" src=\"https:\/\/www.hoymercedes.com.ar\/principal\/wp-content\/uploads\/2016\/11\/General.png\" alt=\"general\" width=\"421\" height=\"370\" srcset=\"https:\/\/www.hoymercedes.com.ar\/principal\/wp-content\/uploads\/2016\/11\/General.png 421w, https:\/\/www.hoymercedes.com.ar\/principal\/wp-content\/uploads\/2016\/11\/General-150x132.png 150w\" sizes=\"auto, (max-width: 421px) 100vw, 421px\" \/><\/p>\n<p>Trocha en el a\u00f1o s\u00f3lo perdi\u00f3 un partido, como visitante ante El Front\u00f3n, y empat\u00f3 contra El Tim\u00f3n en cancha de la Liga. Fueron los cinco puntos que dej\u00f3 en el camino. Luego, meti\u00f3 en su bolsa los 66 puntos restantes que disput\u00f3, con un promedio de gol de m\u00e1s de 3 gritos por partido y recibi\u00f3 menos de uno. Pero si tenemos en cuenta que a Juventud le gan\u00f3 5 a 4, el n\u00famero se reduce a casi medio.<\/p>\n<p>S\u00f3lo le queda ganar el Clausura para forzar una final con Quilmes el mes que viene, si es que los de Menendez no sorprenden de nuevo y se quedan tambi\u00e9n con el semestre. Pero m\u00e1s all\u00e1 de todo, M\u00f3dolo sabe que lo importante lo cumpli\u00f3, meti\u00f3 a la Carbonilla en el pr\u00f3ximo Federal C, el primero de la historia de un club que s\u00f3lo sali\u00f3 campe\u00f3n en 1971 y que volvi\u00f3 a la Liga el a\u00f1o pasado luego de estar 25 a\u00f1os sin jugar a la pelota.<\/p>\n<p>El partido ante Ateneo es una an\u00e9cdota en esta historia. Lo venci\u00f3 3 a 0 y si se mira la tabla de posiciones, es un resultado l\u00f3gico. La diferencia entre ambos equipos existe y se plasm\u00f3 en la cancha con los goles de Salinas, Reyne y Gonz\u00e1lez.<\/p>\n<p>&nbsp;<\/p>\n<p><strong>Mercedes debe esperar<\/strong><\/p>\n<p>El partido que cerr\u00f3 la jornada 12 fue el del Blanquinegro ante Costa Brava de Suipacha en un encuentro que debi\u00f3 haber ganado el conjunto de Correa por una clara diferencia pero que a cuatro minutos del final la visita lo empat\u00f3 en 2. Al inicio del partido Thiago Portessi puso el 1 a 0 y a partir de ah\u00ed parec\u00eda que Mercedes iba a golear, ya que tuvo ocasiones y posesi\u00f3n de la pelota, pero no marc\u00f3 la diferencia y en un pelotazo frontal de Urriza, Machado agarr\u00f3 mal parada a la defensa y sentenci\u00f3 a Bidone cuando quedaban minutos para irse al descanso.<\/p>\n<p>Con el 1 a 1, Mercedes sali\u00f3 a buscarlo en el segundo tiempo y Mariano Rivas, tras un embrollo de la defensa que nunca la pudo sacar del \u00e1rea chica y el delantero meti\u00f3 la pelota en el arco. Luego, se repiti\u00f3 la historia. Mercedes fue, no lo defini\u00f3 y a cuatro del final Puliti derrib\u00f3 a Benitez dentro del \u00e1rea y el \u00e1rbitro cobr\u00f3 penal, cuando ya los dos jugaban con 10 por las expulsiones de Heich y B\u00edsforo, ambos por doble amarilla. Machado le peg\u00f3 bien y puso el 2 a 2 con el que termin\u00f3 el partido.<\/p>\n<p><img loading=\"lazy\" decoding=\"async\" data-attachment-id=\"56776\" data-permalink=\"https:\/\/www.hoymercedes.com.ar\/principal\/2016\/11\/07\/trocha-gano-y-clasifico-al-federal-c-y-a-semifinales\/primera-31\/#main\" data-orig-file=\"https:\/\/www.hoymercedes.com.ar\/principal\/wp-content\/uploads\/2016\/11\/Primera.png\" data-orig-size=\"467,381\" data-comments-opened=\"0\" data-image-meta=\"{&quot;aperture&quot;:&quot;0&quot;,&quot;credit&quot;:&quot;&quot;,&quot;camera&quot;:&quot;&quot;,&quot;caption&quot;:&quot;&quot;,&quot;created_timestamp&quot;:&quot;0&quot;,&quot;copyright&quot;:&quot;&quot;,&quot;focal_length&quot;:&quot;0&quot;,&quot;iso&quot;:&quot;0&quot;,&quot;shutter_speed&quot;:&quot;0&quot;,&quot;title&quot;:&quot;&quot;,&quot;orientation&quot;:&quot;0&quot;}\" data-image-title=\"primera\" data-image-description=\"\" data-image-caption=\"\" data-large-file=\"https:\/\/www.hoymercedes.com.ar\/principal\/wp-content\/uploads\/2016\/11\/Primera.png\" class=\"aligncenter size-full wp-image-56776\" src=\"https:\/\/www.hoymercedes.com.ar\/principal\/wp-content\/uploads\/2016\/11\/Primera.png\" alt=\"primera\" width=\"467\" height=\"381\" srcset=\"https:\/\/www.hoymercedes.com.ar\/principal\/wp-content\/uploads\/2016\/11\/Primera.png 467w, https:\/\/www.hoymercedes.com.ar\/principal\/wp-content\/uploads\/2016\/11\/Primera-150x122.png 150w\" sizes=\"auto, (max-width: 467px) 100vw, 467px\" \/><\/p>\n<p><strong>Ganaron Quilmes, Front\u00f3n, Juventud y Pabell\u00f3n<\/strong><\/p>\n<p>Los otros equipos candidatos al t\u00edtulo tuvieron buenos resultados, mientras que el que tropez\u00f3 fue Comunicaciones, que en Marcos Paz cay\u00f3 sorpresivamente por 4 a 3 ante SAPA, que sigue presionando para estar en el s\u00e9ptimo lugar de la Liguilla. Quilmes gole\u00f3 a El Tim\u00f3n, El Front\u00f3n super\u00f3 con comodidad a V\u00e9lez y Juventud gole\u00f3 a San Marcos, que se complic\u00f3 de cara al futuro.<\/p>\n<p>&nbsp;<\/p>\n<p><strong>Las chances<\/strong><\/p>\n<p>Ya nadie le quitar\u00e1 el 1 a Trocha, por lo que clasific\u00f3 a semifinales. Si bien lo puede alcanzar El Front\u00f3n, en el partido entre s\u00ed gan\u00f3 la Carbonilla, por lo que los de Stopiello quedar\u00e1n, como m\u00e1ximo, segundos. Mientras tanto, los de Giles, sumados a Comunicaciones y Quilmes, ya est\u00e1n clasificados a la Liguilla y jugar\u00e1n las tres fechas finales para terminar lo m\u00e1s alto posible, pensando en la ventaja deportiva.<\/p>\n<p>Si en la semana Juventud derrota a Estudiantes, tambi\u00e9n clasificar\u00e1, mientras que Mercedes qued\u00f3 a un punto de poder hacerlo. San Marcos, pelear\u00e1 palmo a palmo con Costa Brava, que qued\u00f3 a un partido y con Estudiantes y Pabell\u00f3n. En el caso de que los de Vola ganen el adeudado, tambi\u00e9n quedar\u00e1n a tres puntos, mientras que SAPA debe el partido ante su cl\u00e1sico rival y de ganarlo, tambi\u00e9n se meter\u00e1 en la conversaci\u00f3n.<\/p>\n<p>V\u00e9lez, Ateneo, El Tim\u00f3n y Palometas, s\u00f3lo jugar\u00e1n para cumplir.<\/p>\n<p>&nbsp;<\/p>\n<table width=\"639\">\n<tbody>\n<tr>\n<td colspan=\"3\" width=\"639\">Fecha 12<\/td>\n<\/tr>\n<tr>\n<td>Quilmes<\/td>\n<td>3<\/td>\n<td>Rosales, Vel\u00e1zquez, Gallo<\/td>\n<\/tr>\n<tr>\n<td>El Tim\u00f3n<\/td>\n<td>0<\/td>\n<td><\/td>\n<\/tr>\n<tr>\n<td><\/td>\n<td><\/td>\n<td><\/td>\n<\/tr>\n<tr>\n<td>Pabell\u00f3n<\/td>\n<td>4<\/td>\n<td>Mateo Hourquebie Bernardo Paulerena Rafael Gagliardi y Fernando Garitonandia<\/td>\n<\/tr>\n<tr>\n<td>Comunicaciones<\/td>\n<td>3<\/td>\n<td>Diego S\u00e1nchez, Jonathan paj\u00f3n y Marcos Paj\u00f3n<\/td>\n<\/tr>\n<tr>\n<td><\/td>\n<td><\/td>\n<td><\/td>\n<\/tr>\n<tr>\n<td>Trocha<\/td>\n<td>3<\/td>\n<td>Salinas, Gonzalez, Reyne<\/td>\n<\/tr>\n<tr>\n<td>Ateneo<\/td>\n<td><\/td>\n<td><\/td>\n<\/tr>\n<tr>\n<td><\/td>\n<td><\/td>\n<td><\/td>\n<\/tr>\n<tr>\n<td>Velez<\/td>\n<td>0<\/td>\n<td><\/td>\n<\/tr>\n<tr>\n<td>El Front\u00f3n<\/td>\n<td>2<\/td>\n<td>Jos\u00e9 Mansilla y Federico Grosso<\/td>\n<\/tr>\n<tr>\n<td><\/td>\n<td><\/td>\n<td><\/td>\n<\/tr>\n<tr>\n<td>Costa Brava<\/td>\n<td>2<\/td>\n<td>Machado (2)<\/td>\n<\/tr>\n<tr>\n<td>Mercedes<\/td>\n<td>2<\/td>\n<td>Portessi y Rivas<\/td>\n<\/tr>\n<tr>\n<td><\/td>\n<td><\/td>\n<td><\/td>\n<\/tr>\n<tr>\n<td>Juventud<\/td>\n<td>4<\/td>\n<td>Nicol\u00e1s Minetti 2, Joaqu\u00edn Sosa y Luis Lawler.<\/td>\n<\/tr>\n<tr>\n<td>San Marcos<\/td>\n<td>0<\/td>\n<td><\/td>\n<\/tr>\n<tr>\n<td colspan=\"3\">Libres: Estudiantes y Palometas<\/td>\n<\/tr>\n<\/tbody>\n<\/table>\n<p>&nbsp;<\/p>\n<p><img loading=\"lazy\" decoding=\"async\" data-attachment-id=\"56778\" data-permalink=\"https:\/\/www.hoymercedes.com.ar\/principal\/2016\/11\/07\/trocha-gano-y-clasifico-al-federal-c-y-a-semifinales\/goleadores-19\/#main\" data-orig-file=\"https:\/\/www.hoymercedes.com.ar\/principal\/wp-content\/uploads\/2016\/11\/Goleadores.png\" data-orig-size=\"312,533\" data-comments-opened=\"0\" data-image-meta=\"{&quot;aperture&quot;:&quot;0&quot;,&quot;credit&quot;:&quot;&quot;,&quot;camera&quot;:&quot;&quot;,&quot;caption&quot;:&quot;&quot;,&quot;created_timestamp&quot;:&quot;0&quot;,&quot;copyright&quot;:&quot;&quot;,&quot;focal_length&quot;:&quot;0&quot;,&quot;iso&quot;:&quot;0&quot;,&quot;shutter_speed&quot;:&quot;0&quot;,&quot;title&quot;:&quot;&quot;,&quot;orientation&quot;:&quot;0&quot;}\" data-image-title=\"goleadores\" data-image-description=\"\" data-image-caption=\"\" data-large-file=\"https:\/\/www.hoymercedes.com.ar\/principal\/wp-content\/uploads\/2016\/11\/Goleadores.png\" class=\"aligncenter size-full wp-image-56778\" src=\"https:\/\/www.hoymercedes.com.ar\/principal\/wp-content\/uploads\/2016\/11\/Goleadores.png\" alt=\"goleadores\" width=\"312\" height=\"533\" srcset=\"https:\/\/www.hoymercedes.com.ar\/principal\/wp-content\/uploads\/2016\/11\/Goleadores.png 312w, https:\/\/www.hoymercedes.com.ar\/principal\/wp-content\/uploads\/2016\/11\/Goleadores-88x150.png 88w\" sizes=\"auto, (max-width: 312px) 100vw, 312px\" \/><\/p>\n","protected":false},"excerpt":{"rendered":"<p>La inmejorable campa\u00f1a que Trocha hizo en este 2016 hizo que se cumpliera lo que sus propios rivales anunciaron hace &#8230; <a title=\"Trocha gan\u00f3 y clasific\u00f3 al Federal C y a semifinales\" class=\"read-more\" href=\"https:\/\/www.hoymercedes.com.ar\/principal\/2016\/11\/07\/trocha-gano-y-clasifico-al-federal-c-y-a-semifinales\/\" aria-label=\"Leer m\u00e1s sobre Trocha gan\u00f3 y clasific\u00f3 al Federal C y a semifinales\">Leer m\u00e1s<\/a><\/p>\n","protected":false},"author":1,"featured_media":56775,"comment_status":"closed","ping_status":"open","sticky":false,"template":"","format":"standard","meta":{"_monsterinsights_skip_tracking":false,"_monsterinsights_sitenote_active":false,"_monsterinsights_sitenote_note":"","_monsterinsights_sitenote_category":0,"jetpack_post_was_ever_published":false,"_jetpack_newsletter_access":"","_jetpack_dont_email_post_to_subs":false,"_jetpack_newsletter_tier_id":0,"_jetpack_memberships_contains_paywalled_content":false,"_jetpack_memberships_contains_paid_content":false,"footnotes":"","jetpack_publicize_message":"","jetpack_publicize_feature_enabled":true,"jetpack_social_post_already_shared":true,"jetpack_social_options":{"image_generator_settings":{"template":"highway","default_image_id":0,"font":"","enabled":false},"version":2},"_wpas_customize_per_network":false},"categories":[21],"tags":[],"class_list":["post-56774","post","type-post","status-publish","format-standard","has-post-thumbnail","hentry","category-deportes","generate-columns","tablet-grid-50","mobile-grid-100","grid-parent","grid-50"],"jetpack_publicize_connections":[],"jetpack_featured_media_url":"https:\/\/www.hoymercedes.com.ar\/principal\/wp-content\/uploads\/2016\/11\/General.png","wps_subtitle":"Dos objetivos en un solo partido","jetpack_sharing_enabled":true,"_links":{"self":[{"href":"https:\/\/www.hoymercedes.com.ar\/principal\/wp-json\/wp\/v2\/posts\/56774","targetHints":{"allow":["GET"]}}],"collection":[{"href":"https:\/\/www.hoymercedes.com.ar\/principal\/wp-json\/wp\/v2\/posts"}],"about":[{"href":"https:\/\/www.hoymercedes.com.ar\/principal\/wp-json\/wp\/v2\/types\/post"}],"author":[{"embeddable":true,"href":"https:\/\/www.hoymercedes.com.ar\/principal\/wp-json\/wp\/v2\/users\/1"}],"replies":[{"embeddable":true,"href":"https:\/\/www.hoymercedes.com.ar\/principal\/wp-json\/wp\/v2\/comments?post=56774"}],"version-history":[{"count":0,"href":"https:\/\/www.hoymercedes.com.ar\/principal\/wp-json\/wp\/v2\/posts\/56774\/revisions"}],"wp:featuredmedia":[{"embeddable":true,"href":"https:\/\/www.hoymercedes.com.ar\/principal\/wp-json\/wp\/v2\/media\/56775"}],"wp:attachment":[{"href":"https:\/\/www.hoymercedes.com.ar\/principal\/wp-json\/wp\/v2\/media?parent=56774"}],"wp:term":[{"taxonomy":"category","embeddable":true,"href":"https:\/\/www.hoymercedes.com.ar\/principal\/wp-json\/wp\/v2\/categories?post=56774"},{"taxonomy":"post_tag","embeddable":true,"href":"https:\/\/www.hoymercedes.com.ar\/principal\/wp-json\/wp\/v2\/tags?post=56774"}],"curies":[{"name":"wp","href":"https:\/\/api.w.org\/{rel}","templated":true}]}}