{"id":56785,"date":"2016-11-07T18:04:44","date_gmt":"2016-11-07T21:04:44","guid":{"rendered":"http:\/\/www.hoymercedes.com.ar\/principal\/?p=56785"},"modified":"2016-11-07T18:04:44","modified_gmt":"2016-11-07T21:04:44","slug":"denuncia-publica-ambiental-por-el-estado-del-arroyo-balta","status":"publish","type":"post","link":"https:\/\/www.hoymercedes.com.ar\/principal\/2016\/11\/07\/denuncia-publica-ambiental-por-el-estado-del-arroyo-balta\/","title":{"rendered":"Denuncia p\u00fablica ambiental por el estado del Arroyo Balta"},"content":{"rendered":"<p>El pasado viernes, integrantes de la Asociaci\u00f3n fueron a recorrer el predio que se solicita se declare de una vez por todas como Reserva Natural Arroyo Balta.<\/p>\n<p>All\u00ed han podido apreciar la fauna y la flora diversa que embellecen las 30 hect\u00e1reas que alguna vez fueron utilizadas para sacar tierra para la construcci\u00f3n de la Ruta N\u00b0 5, paralizada luego de haber encontrado restos f\u00f3siles recolectados por el Museo de Ciencias Naturales \u00abCarlos Ameghino\u00bb, pero a\u00fan pertenecientes a dependencias del Estado Nacional.<\/p>\n<p>Con el paso del tiempo fue cobrando vida con el avance de la vegetaci\u00f3n en el terreno y la creaci\u00f3n de lagunas en las canteras abandonadas, adem\u00e1s de la aparici\u00f3n de aves y animales diversos. En esta \u00e9poca del a\u00f1o, nos encontramos con la oportunidad de disfrutar de los animales y las flores, especialmente margaritas, que le dan color y aportan beneficios ecosist\u00e9micos a la regi\u00f3n.<\/p>\n<p><img loading=\"lazy\" decoding=\"async\" data-attachment-id=\"56786\" data-permalink=\"https:\/\/www.hoymercedes.com.ar\/principal\/2016\/11\/07\/denuncia-publica-ambiental-por-el-estado-del-arroyo-balta\/07-arroyo-balta-3\/#main\" data-orig-file=\"https:\/\/www.hoymercedes.com.ar\/principal\/wp-content\/uploads\/2016\/11\/07-Arroyo-balta-3.jpg\" data-orig-size=\"630,420\" data-comments-opened=\"0\" data-image-meta=\"{&quot;aperture&quot;:&quot;0&quot;,&quot;credit&quot;:&quot;&quot;,&quot;camera&quot;:&quot;&quot;,&quot;caption&quot;:&quot;&quot;,&quot;created_timestamp&quot;:&quot;0&quot;,&quot;copyright&quot;:&quot;&quot;,&quot;focal_length&quot;:&quot;0&quot;,&quot;iso&quot;:&quot;0&quot;,&quot;shutter_speed&quot;:&quot;0&quot;,&quot;title&quot;:&quot;&quot;,&quot;orientation&quot;:&quot;0&quot;}\" data-image-title=\"07-arroyo-balta-3\" data-image-description=\"\" data-image-caption=\"\" data-large-file=\"https:\/\/www.hoymercedes.com.ar\/principal\/wp-content\/uploads\/2016\/11\/07-Arroyo-balta-3.jpg\" class=\"aligncenter size-medium wp-image-56786\" src=\"https:\/\/www.hoymercedes.com.ar\/principal\/wp-content\/uploads\/2016\/11\/07-Arroyo-balta-3-630x420.jpg\" alt=\"07-arroyo-balta-3\" width=\"630\" height=\"420\" srcset=\"https:\/\/www.hoymercedes.com.ar\/principal\/wp-content\/uploads\/2016\/11\/07-Arroyo-balta-3.jpg 630w, https:\/\/www.hoymercedes.com.ar\/principal\/wp-content\/uploads\/2016\/11\/07-Arroyo-balta-3-150x100.jpg 150w, https:\/\/www.hoymercedes.com.ar\/principal\/wp-content\/uploads\/2016\/11\/07-Arroyo-balta-3-300x200.jpg 300w\" sizes=\"auto, (max-width: 630px) 100vw, 630px\" \/><\/p>\n<p>Sin embargo, las manos del ser humano han vuelto a desvalorizar esta riqueza transformando parte de la misma en un basural. \u00abEn el recorrido hemos visto la apertura de una calle que finaliza en la laguna m\u00e1s grande de all\u00ed, en donde pudimos divisar grandes cantidades de residuos, en especial de poda y de construcci\u00f3n, elementos peligrosos. Asimismo, nos encontramos con residuos domiciliarios, juegos de plaza para ni\u00f1os , y zonas donde han reducido la cantidad de basura con el uso de la quema de los mismos y consigo, una parte de la futura Reserva. Esto no es menor, ya que por reportes de los Bomberos Voluntarios de Mercedes, conocemos que han tenido que ir varias veces para sofocar el incendio intencional\u00bb. explican.<\/p>\n<p>\u00abEs por ello que realizamos una <strong>DENUNCIA P\u00daBLICA AMBIENTAL<\/strong> con el fin de que todos conozcan que este lugar distante de la ciudad y tan importante por los beneficios ecosist\u00e9micos que brindan a la regi\u00f3n, est\u00e1 siendo degradado por ciertas personas que utilizan ese lugar para la disposici\u00f3n final de residuos\u00bb, agregan.<\/p>\n<p>\u00abTuvimos la posibilidad de encontrarnos con uno de los camiones volcadores que iba en direcci\u00f3n a desechar lo que se puede observar como restos de poda, aunque no se pod\u00eda divisar su contenido por completo. Pudimos tomar nota de la marca, patente y nombre del transporte\u00bb, contaron desde SOS H\u00e1bitat.<\/p>\n<p><img loading=\"lazy\" decoding=\"async\" data-attachment-id=\"56787\" data-permalink=\"https:\/\/www.hoymercedes.com.ar\/principal\/2016\/11\/07\/denuncia-publica-ambiental-por-el-estado-del-arroyo-balta\/07-arroyo-balta-1\/#main\" data-orig-file=\"https:\/\/www.hoymercedes.com.ar\/principal\/wp-content\/uploads\/2016\/11\/07-Arroyo-balta-1.jpg\" data-orig-size=\"630,420\" data-comments-opened=\"0\" data-image-meta=\"{&quot;aperture&quot;:&quot;0&quot;,&quot;credit&quot;:&quot;&quot;,&quot;camera&quot;:&quot;&quot;,&quot;caption&quot;:&quot;&quot;,&quot;created_timestamp&quot;:&quot;0&quot;,&quot;copyright&quot;:&quot;&quot;,&quot;focal_length&quot;:&quot;0&quot;,&quot;iso&quot;:&quot;0&quot;,&quot;shutter_speed&quot;:&quot;0&quot;,&quot;title&quot;:&quot;&quot;,&quot;orientation&quot;:&quot;0&quot;}\" data-image-title=\"07-arroyo-balta-1\" data-image-description=\"\" data-image-caption=\"\" data-large-file=\"https:\/\/www.hoymercedes.com.ar\/principal\/wp-content\/uploads\/2016\/11\/07-Arroyo-balta-1.jpg\" class=\"aligncenter size-medium wp-image-56787\" src=\"https:\/\/www.hoymercedes.com.ar\/principal\/wp-content\/uploads\/2016\/11\/07-Arroyo-balta-1-630x420.jpg\" alt=\"07-arroyo-balta-1\" width=\"630\" height=\"420\" srcset=\"https:\/\/www.hoymercedes.com.ar\/principal\/wp-content\/uploads\/2016\/11\/07-Arroyo-balta-1.jpg 630w, https:\/\/www.hoymercedes.com.ar\/principal\/wp-content\/uploads\/2016\/11\/07-Arroyo-balta-1-150x100.jpg 150w, https:\/\/www.hoymercedes.com.ar\/principal\/wp-content\/uploads\/2016\/11\/07-Arroyo-balta-1-300x200.jpg 300w\" sizes=\"auto, (max-width: 630px) 100vw, 630px\" \/><\/p>\n<p>\u00abAs\u00ed como realizamos esta <strong>DENUNCIA P\u00daBLICA AMBIENTAL,<\/strong> llevaremos a cabo las instancias formales correspondientes para que se pueda controlar este hecho. Lamentablemente, no es el \u00fanico, muchos no est\u00e1n al alcance de la vista de todos, por lo que se aprovechan para actuar sin conciencia, respeto y sin control alguno por las autoridades gubernamentales nacionales, provinciales y municipales\u00bb, concluyeron desde la organizaci\u00f3n ambientalista.<\/p>\n<p>&nbsp;<\/p>\n<p>Fuente: SOS H\u00e1bitat<\/p>\n","protected":false},"excerpt":{"rendered":"<p>El pasado viernes, integrantes de la Asociaci\u00f3n fueron a recorrer el predio que se solicita se declare de una vez &#8230; <a title=\"Denuncia p\u00fablica ambiental por el estado del Arroyo Balta\" class=\"read-more\" href=\"https:\/\/www.hoymercedes.com.ar\/principal\/2016\/11\/07\/denuncia-publica-ambiental-por-el-estado-del-arroyo-balta\/\" aria-label=\"Leer m\u00e1s sobre Denuncia p\u00fablica ambiental por el estado del Arroyo Balta\">Leer m\u00e1s<\/a><\/p>\n","protected":false},"author":1,"featured_media":56786,"comment_status":"closed","ping_status":"open","sticky":false,"template":"","format":"standard","meta":{"_monsterinsights_skip_tracking":false,"_monsterinsights_sitenote_active":false,"_monsterinsights_sitenote_note":"","_monsterinsights_sitenote_category":0,"jetpack_post_was_ever_published":false,"_jetpack_newsletter_access":"","_jetpack_dont_email_post_to_subs":false,"_jetpack_newsletter_tier_id":0,"_jetpack_memberships_contains_paywalled_content":false,"_jetpack_memberships_contains_paid_content":false,"footnotes":"","jetpack_publicize_message":"","jetpack_publicize_feature_enabled":true,"jetpack_social_post_already_shared":true,"jetpack_social_options":{"image_generator_settings":{"template":"highway","default_image_id":0,"font":"","enabled":false},"version":2},"_wpas_customize_per_network":false},"categories":[8],"tags":[10202,887],"class_list":["post-56785","post","type-post","status-publish","format-standard","has-post-thumbnail","hentry","category-sociedad","tag-denuncia-ambiental","tag-sos-habitat","generate-columns","tablet-grid-50","mobile-grid-100","grid-parent","grid-50"],"jetpack_publicize_connections":[],"jetpack_featured_media_url":"https:\/\/www.hoymercedes.com.ar\/principal\/wp-content\/uploads\/2016\/11\/07-Arroyo-balta-3.jpg","wps_subtitle":"S.O.S. H\u00e1bitat","jetpack_sharing_enabled":true,"_links":{"self":[{"href":"https:\/\/www.hoymercedes.com.ar\/principal\/wp-json\/wp\/v2\/posts\/56785","targetHints":{"allow":["GET"]}}],"collection":[{"href":"https:\/\/www.hoymercedes.com.ar\/principal\/wp-json\/wp\/v2\/posts"}],"about":[{"href":"https:\/\/www.hoymercedes.com.ar\/principal\/wp-json\/wp\/v2\/types\/post"}],"author":[{"embeddable":true,"href":"https:\/\/www.hoymercedes.com.ar\/principal\/wp-json\/wp\/v2\/users\/1"}],"replies":[{"embeddable":true,"href":"https:\/\/www.hoymercedes.com.ar\/principal\/wp-json\/wp\/v2\/comments?post=56785"}],"version-history":[{"count":0,"href":"https:\/\/www.hoymercedes.com.ar\/principal\/wp-json\/wp\/v2\/posts\/56785\/revisions"}],"wp:featuredmedia":[{"embeddable":true,"href":"https:\/\/www.hoymercedes.com.ar\/principal\/wp-json\/wp\/v2\/media\/56786"}],"wp:attachment":[{"href":"https:\/\/www.hoymercedes.com.ar\/principal\/wp-json\/wp\/v2\/media?parent=56785"}],"wp:term":[{"taxonomy":"category","embeddable":true,"href":"https:\/\/www.hoymercedes.com.ar\/principal\/wp-json\/wp\/v2\/categories?post=56785"},{"taxonomy":"post_tag","embeddable":true,"href":"https:\/\/www.hoymercedes.com.ar\/principal\/wp-json\/wp\/v2\/tags?post=56785"}],"curies":[{"name":"wp","href":"https:\/\/api.w.org\/{rel}","templated":true}]}}