{"id":56790,"date":"2016-11-07T18:45:01","date_gmt":"2016-11-07T21:45:01","guid":{"rendered":"http:\/\/www.hoymercedes.com.ar\/principal\/?p=56790"},"modified":"2016-11-07T18:21:51","modified_gmt":"2016-11-07T21:21:51","slug":"se-distinguio-a-empleados-municipales-por-sus-25-anos-de-servicios","status":"publish","type":"post","link":"https:\/\/www.hoymercedes.com.ar\/principal\/2016\/11\/07\/se-distinguio-a-empleados-municipales-por-sus-25-anos-de-servicios\/","title":{"rendered":"Se distingui\u00f3 a empleados municipales por sus 25 a\u00f1os de servicios"},"content":{"rendered":"<p>Por la ma\u00f1ana de \u00e9ste lunes se realiz\u00f3 el reconocimiento a los agentes municipales que durante 2016 cumplieron 25 a\u00f1os trabajando en la Municipalidad de Mercedes.<\/p>\n<p>En v\u00edsperas de los festejos por el D\u00eda del Empleado Municipal, la Municipalidad de Mercedes hizo entrega de una medalla para destacar el compromiso cotidiano de cada trabajador en el festejo de sus Bodas de Plata.<\/p>\n<p><img loading=\"lazy\" decoding=\"async\" data-attachment-id=\"56791\" data-permalink=\"https:\/\/www.hoymercedes.com.ar\/principal\/2016\/11\/07\/se-distinguio-a-empleados-municipales-por-sus-25-anos-de-servicios\/07-municipales-25-anos\/#main\" data-orig-file=\"https:\/\/www.hoymercedes.com.ar\/principal\/wp-content\/uploads\/2016\/11\/07-municipales-25-a\u00f1os.jpg\" data-orig-size=\"630,420\" data-comments-opened=\"0\" data-image-meta=\"{&quot;aperture&quot;:&quot;3.5&quot;,&quot;credit&quot;:&quot;&quot;,&quot;camera&quot;:&quot;NIKON D3100&quot;,&quot;caption&quot;:&quot;&quot;,&quot;created_timestamp&quot;:&quot;1478518514&quot;,&quot;copyright&quot;:&quot;&quot;,&quot;focal_length&quot;:&quot;18&quot;,&quot;iso&quot;:&quot;900&quot;,&quot;shutter_speed&quot;:&quot;0.016666666666667&quot;,&quot;title&quot;:&quot;&quot;,&quot;orientation&quot;:&quot;1&quot;}\" data-image-title=\"07-municipales-25-anos\" data-image-description=\"\" data-image-caption=\"\" data-large-file=\"https:\/\/www.hoymercedes.com.ar\/principal\/wp-content\/uploads\/2016\/11\/07-municipales-25-a\u00f1os.jpg\" class=\"aligncenter size-medium wp-image-56791\" src=\"https:\/\/www.hoymercedes.com.ar\/principal\/wp-content\/uploads\/2016\/11\/07-municipales-25-a\u00f1os-630x420.jpg\" alt=\"07-municipales-25-anos\" width=\"630\" height=\"420\" srcset=\"https:\/\/www.hoymercedes.com.ar\/principal\/wp-content\/uploads\/2016\/11\/07-municipales-25-a\u00f1os.jpg 630w, https:\/\/www.hoymercedes.com.ar\/principal\/wp-content\/uploads\/2016\/11\/07-municipales-25-a\u00f1os-150x100.jpg 150w, https:\/\/www.hoymercedes.com.ar\/principal\/wp-content\/uploads\/2016\/11\/07-municipales-25-a\u00f1os-300x200.jpg 300w\" sizes=\"auto, (max-width: 630px) 100vw, 630px\" \/><\/p>\n<p>En esta oportunidad el Jefe Comunal\u00a0 Juan Ignacio Ustarroz decidi\u00f3 entregar a los agasajados un voucher v\u00e1lido por un almuerzo para dos personas en el Restaurante de Campo \u201cSanta Victoria\u201d de Tom\u00e1s Jofr\u00e9.<\/p>\n<p>Los encargados de entregar los reconocimientos fueron el intendente Juan Ignacio Ustarroz, junto al Secretario de Gobierno Juan Pablo L\u00f3pez y al Presidente del Honorable Concejo Deliberante Mat\u00edas Dematei.<\/p>\n<p><img loading=\"lazy\" decoding=\"async\" data-attachment-id=\"56794\" data-permalink=\"https:\/\/www.hoymercedes.com.ar\/principal\/2016\/11\/07\/se-distinguio-a-empleados-municipales-por-sus-25-anos-de-servicios\/07-municipales-25-anos-3\/#main\" data-orig-file=\"https:\/\/www.hoymercedes.com.ar\/principal\/wp-content\/uploads\/2016\/11\/07-municipales-25-a\u00f1os-3.jpg\" data-orig-size=\"630,420\" data-comments-opened=\"0\" data-image-meta=\"{&quot;aperture&quot;:&quot;5.3&quot;,&quot;credit&quot;:&quot;&quot;,&quot;camera&quot;:&quot;NIKON D3100&quot;,&quot;caption&quot;:&quot;&quot;,&quot;created_timestamp&quot;:&quot;1478517911&quot;,&quot;copyright&quot;:&quot;&quot;,&quot;focal_length&quot;:&quot;42&quot;,&quot;iso&quot;:&quot;1400&quot;,&quot;shutter_speed&quot;:&quot;0.016666666666667&quot;,&quot;title&quot;:&quot;&quot;,&quot;orientation&quot;:&quot;1&quot;}\" data-image-title=\"07-municipales-25-anos-3\" data-image-description=\"\" data-image-caption=\"\" data-large-file=\"https:\/\/www.hoymercedes.com.ar\/principal\/wp-content\/uploads\/2016\/11\/07-municipales-25-a\u00f1os-3.jpg\" class=\"aligncenter size-medium wp-image-56794\" src=\"https:\/\/www.hoymercedes.com.ar\/principal\/wp-content\/uploads\/2016\/11\/07-municipales-25-a\u00f1os-3-630x420.jpg\" alt=\"07-municipales-25-anos-3\" width=\"630\" height=\"420\" srcset=\"https:\/\/www.hoymercedes.com.ar\/principal\/wp-content\/uploads\/2016\/11\/07-municipales-25-a\u00f1os-3.jpg 630w, https:\/\/www.hoymercedes.com.ar\/principal\/wp-content\/uploads\/2016\/11\/07-municipales-25-a\u00f1os-3-150x100.jpg 150w, https:\/\/www.hoymercedes.com.ar\/principal\/wp-content\/uploads\/2016\/11\/07-municipales-25-a\u00f1os-3-300x200.jpg 300w\" sizes=\"auto, (max-width: 630px) 100vw, 630px\" \/><\/p>\n<p>Los agentes municipales que recibieron su medalla fueron: Roberto Flores (Procurador); Claudio Bounassie (Servicios P\u00fablicos); Eduardo Biagini (Servicios P\u00fablicos); Laura Moles (Recaudaci\u00f3n); Liliana Villamor (Catastro); H\u00e9ctor Litardo (Desarrollo Social); Hugo Salvarezza (Servicios P\u00fablicos); Liliana Cisneros (Inspecci\u00f3n General); Patricia Cordal (Centro Integrador Comunitario); C\u00e9sar G\u00f3mez (Sistemas); Stella Maria De Andrea (Tesorer\u00eda); Alfredo Ronanduano (Obras Sanitarias); Silvio Ag\u00fcero (Deportes) y Salvador Sosa (Servicios P\u00fablicos).<\/p>\n<p><img loading=\"lazy\" decoding=\"async\" data-attachment-id=\"56793\" data-permalink=\"https:\/\/www.hoymercedes.com.ar\/principal\/2016\/11\/07\/se-distinguio-a-empleados-municipales-por-sus-25-anos-de-servicios\/07-municipales-25-anos-2\/#main\" data-orig-file=\"https:\/\/www.hoymercedes.com.ar\/principal\/wp-content\/uploads\/2016\/11\/07-municipales-25-a\u00f1os-2.jpg\" data-orig-size=\"630,420\" data-comments-opened=\"0\" data-image-meta=\"{&quot;aperture&quot;:&quot;5.6&quot;,&quot;credit&quot;:&quot;&quot;,&quot;camera&quot;:&quot;NIKON D3100&quot;,&quot;caption&quot;:&quot;&quot;,&quot;created_timestamp&quot;:&quot;1478518064&quot;,&quot;copyright&quot;:&quot;&quot;,&quot;focal_length&quot;:&quot;55&quot;,&quot;iso&quot;:&quot;1800&quot;,&quot;shutter_speed&quot;:&quot;0.016666666666667&quot;,&quot;title&quot;:&quot;&quot;,&quot;orientation&quot;:&quot;1&quot;}\" data-image-title=\"07-municipales-25-anos-2\" data-image-description=\"\" data-image-caption=\"\" data-large-file=\"https:\/\/www.hoymercedes.com.ar\/principal\/wp-content\/uploads\/2016\/11\/07-municipales-25-a\u00f1os-2.jpg\" class=\"aligncenter size-medium wp-image-56793\" src=\"https:\/\/www.hoymercedes.com.ar\/principal\/wp-content\/uploads\/2016\/11\/07-municipales-25-a\u00f1os-2-630x420.jpg\" alt=\"07-municipales-25-anos-2\" width=\"630\" height=\"420\" srcset=\"https:\/\/www.hoymercedes.com.ar\/principal\/wp-content\/uploads\/2016\/11\/07-municipales-25-a\u00f1os-2.jpg 630w, https:\/\/www.hoymercedes.com.ar\/principal\/wp-content\/uploads\/2016\/11\/07-municipales-25-a\u00f1os-2-150x100.jpg 150w, https:\/\/www.hoymercedes.com.ar\/principal\/wp-content\/uploads\/2016\/11\/07-municipales-25-a\u00f1os-2-300x200.jpg 300w\" sizes=\"auto, (max-width: 630px) 100vw, 630px\" \/><\/p>\n<p>Para finalizar el\u00a0 intendente Juan Ignacio Ustarroz sostuvo que \u201cdebo agradecerles por el compromiso, porque despu\u00e9s de 25 a\u00f1os seguimos contando con cada uno de ustedes y no nosotros, no la gesti\u00f3n, sino el pueblo de Mercedes. Desde un primer d\u00eda les planteamos a los trabajadores que los aciertos son de ustedes y los errores nuestros. Debemos trabajar mancomunadamente para mejorar nuestra ciudad, a base de esfuerzo y de compartir cosas\u201d remarc\u00f3 a la vez que destac\u00f3 que \u201cqueremos agradecer mucho y que sepan que estamos pronto a firmar un convenio colectivo de trabajo para que podamos avanzar un escal\u00f3n m\u00e1s en sus derechos\u201d entre otros conceptos.<\/p>\n<p><img loading=\"lazy\" decoding=\"async\" data-attachment-id=\"56792\" data-permalink=\"https:\/\/www.hoymercedes.com.ar\/principal\/2016\/11\/07\/se-distinguio-a-empleados-municipales-por-sus-25-anos-de-servicios\/07-municipales-25-anos-1\/#main\" data-orig-file=\"https:\/\/www.hoymercedes.com.ar\/principal\/wp-content\/uploads\/2016\/11\/07-municipales-25-a\u00f1os-1.jpg\" data-orig-size=\"630,420\" data-comments-opened=\"0\" data-image-meta=\"{&quot;aperture&quot;:&quot;5.6&quot;,&quot;credit&quot;:&quot;&quot;,&quot;camera&quot;:&quot;NIKON D3100&quot;,&quot;caption&quot;:&quot;&quot;,&quot;created_timestamp&quot;:&quot;1478518022&quot;,&quot;copyright&quot;:&quot;&quot;,&quot;focal_length&quot;:&quot;55&quot;,&quot;iso&quot;:&quot;1400&quot;,&quot;shutter_speed&quot;:&quot;0.016666666666667&quot;,&quot;title&quot;:&quot;&quot;,&quot;orientation&quot;:&quot;1&quot;}\" data-image-title=\"07-municipales-25-anos-1\" data-image-description=\"\" data-image-caption=\"\" data-large-file=\"https:\/\/www.hoymercedes.com.ar\/principal\/wp-content\/uploads\/2016\/11\/07-municipales-25-a\u00f1os-1.jpg\" class=\"aligncenter size-medium wp-image-56792\" src=\"https:\/\/www.hoymercedes.com.ar\/principal\/wp-content\/uploads\/2016\/11\/07-municipales-25-a\u00f1os-1-630x420.jpg\" alt=\"07-municipales-25-anos-1\" width=\"630\" height=\"420\" srcset=\"https:\/\/www.hoymercedes.com.ar\/principal\/wp-content\/uploads\/2016\/11\/07-municipales-25-a\u00f1os-1.jpg 630w, https:\/\/www.hoymercedes.com.ar\/principal\/wp-content\/uploads\/2016\/11\/07-municipales-25-a\u00f1os-1-150x100.jpg 150w, https:\/\/www.hoymercedes.com.ar\/principal\/wp-content\/uploads\/2016\/11\/07-municipales-25-a\u00f1os-1-300x200.jpg 300w\" sizes=\"auto, (max-width: 630px) 100vw, 630px\" \/><\/p>\n<p>Estuvieron en el encuentro los representantes sindicales y familiares de quienes recibieron las medallas por su tarea cotidiana durante tantos a\u00f1os.<\/p>\n<p>&nbsp;<\/p>\n<p>Fuente: Prensa Municipal<\/p>\n","protected":false},"excerpt":{"rendered":"<p>Por la ma\u00f1ana de \u00e9ste lunes se realiz\u00f3 el reconocimiento a los agentes municipales que durante 2016 cumplieron 25 a\u00f1os &#8230; <a title=\"Se distingui\u00f3 a empleados municipales por sus 25 a\u00f1os de servicios\" class=\"read-more\" href=\"https:\/\/www.hoymercedes.com.ar\/principal\/2016\/11\/07\/se-distinguio-a-empleados-municipales-por-sus-25-anos-de-servicios\/\" aria-label=\"Leer m\u00e1s sobre Se distingui\u00f3 a empleados municipales por sus 25 a\u00f1os de servicios\">Leer m\u00e1s<\/a><\/p>\n","protected":false},"author":1,"featured_media":56791,"comment_status":"closed","ping_status":"open","sticky":false,"template":"","format":"standard","meta":{"_monsterinsights_skip_tracking":false,"_monsterinsights_sitenote_active":false,"_monsterinsights_sitenote_note":"","_monsterinsights_sitenote_category":0,"jetpack_post_was_ever_published":false,"_jetpack_newsletter_access":"","_jetpack_dont_email_post_to_subs":false,"_jetpack_newsletter_tier_id":0,"_jetpack_memberships_contains_paywalled_content":false,"_jetpack_memberships_contains_paid_content":false,"footnotes":"","jetpack_publicize_message":"","jetpack_publicize_feature_enabled":true,"jetpack_social_post_already_shared":true,"jetpack_social_options":{"image_generator_settings":{"template":"highway","default_image_id":0,"font":"","enabled":false},"version":2},"_wpas_customize_per_network":false},"categories":[30],"tags":[10203,9956,924,244],"class_list":["post-56790","post","type-post","status-publish","format-standard","has-post-thumbnail","hentry","category-municipio","tag-25-anos","tag-distincion","tag-municipales","tag-municipio-2","generate-columns","tablet-grid-50","mobile-grid-100","grid-parent","grid-50"],"jetpack_publicize_connections":[],"jetpack_featured_media_url":"https:\/\/www.hoymercedes.com.ar\/principal\/wp-content\/uploads\/2016\/11\/07-municipales-25-a\u00f1os.jpg","wps_subtitle":"Emotivo encuentro","jetpack_sharing_enabled":true,"_links":{"self":[{"href":"https:\/\/www.hoymercedes.com.ar\/principal\/wp-json\/wp\/v2\/posts\/56790","targetHints":{"allow":["GET"]}}],"collection":[{"href":"https:\/\/www.hoymercedes.com.ar\/principal\/wp-json\/wp\/v2\/posts"}],"about":[{"href":"https:\/\/www.hoymercedes.com.ar\/principal\/wp-json\/wp\/v2\/types\/post"}],"author":[{"embeddable":true,"href":"https:\/\/www.hoymercedes.com.ar\/principal\/wp-json\/wp\/v2\/users\/1"}],"replies":[{"embeddable":true,"href":"https:\/\/www.hoymercedes.com.ar\/principal\/wp-json\/wp\/v2\/comments?post=56790"}],"version-history":[{"count":0,"href":"https:\/\/www.hoymercedes.com.ar\/principal\/wp-json\/wp\/v2\/posts\/56790\/revisions"}],"wp:featuredmedia":[{"embeddable":true,"href":"https:\/\/www.hoymercedes.com.ar\/principal\/wp-json\/wp\/v2\/media\/56791"}],"wp:attachment":[{"href":"https:\/\/www.hoymercedes.com.ar\/principal\/wp-json\/wp\/v2\/media?parent=56790"}],"wp:term":[{"taxonomy":"category","embeddable":true,"href":"https:\/\/www.hoymercedes.com.ar\/principal\/wp-json\/wp\/v2\/categories?post=56790"},{"taxonomy":"post_tag","embeddable":true,"href":"https:\/\/www.hoymercedes.com.ar\/principal\/wp-json\/wp\/v2\/tags?post=56790"}],"curies":[{"name":"wp","href":"https:\/\/api.w.org\/{rel}","templated":true}]}}