{"id":56808,"date":"2016-11-07T20:26:37","date_gmt":"2016-11-07T23:26:37","guid":{"rendered":"http:\/\/www.hoymercedes.com.ar\/principal\/?p=56808"},"modified":"2016-11-07T20:26:37","modified_gmt":"2016-11-07T23:26:37","slug":"empato-flandria-y-goleo-brown-de-madryn","status":"publish","type":"post","link":"https:\/\/www.hoymercedes.com.ar\/principal\/2016\/11\/07\/empato-flandria-y-goleo-brown-de-madryn\/","title":{"rendered":"Empat\u00f3 Flandria y gole\u00f3 Brown de Madryn"},"content":{"rendered":"<p><em><strong>El Canario sum\u00f3 un buen empate en el Carlos V tras ir perdiendo frente a Los Andes. Williams Riveros de cabeza convirti\u00f3 la igualdad en el arranque del complemento. El pr\u00f3ximo domingo visitar\u00e1 a Gimnasia de Jujuy.<\/strong><\/em><\/p>\n<p><img loading=\"lazy\" decoding=\"async\" data-attachment-id=\"56809\" data-permalink=\"https:\/\/www.hoymercedes.com.ar\/principal\/2016\/11\/07\/empato-flandria-y-goleo-brown-de-madryn\/flandria-brown-23\/#main\" data-orig-file=\"https:\/\/www.hoymercedes.com.ar\/principal\/wp-content\/uploads\/2016\/11\/flandria-brown-23.jpg\" data-orig-size=\"900,575\" data-comments-opened=\"0\" data-image-meta=\"{&quot;aperture&quot;:&quot;0&quot;,&quot;credit&quot;:&quot;&quot;,&quot;camera&quot;:&quot;&quot;,&quot;caption&quot;:&quot;&quot;,&quot;created_timestamp&quot;:&quot;0&quot;,&quot;copyright&quot;:&quot;&quot;,&quot;focal_length&quot;:&quot;0&quot;,&quot;iso&quot;:&quot;0&quot;,&quot;shutter_speed&quot;:&quot;0&quot;,&quot;title&quot;:&quot;&quot;,&quot;orientation&quot;:&quot;0&quot;}\" data-image-title=\"flandria-brown-23\" data-image-description=\"\" data-image-caption=\"\" data-large-file=\"https:\/\/www.hoymercedes.com.ar\/principal\/wp-content\/uploads\/2016\/11\/flandria-brown-23.jpg\" class=\"aligncenter size-medium wp-image-56809\" src=\"https:\/\/www.hoymercedes.com.ar\/principal\/wp-content\/uploads\/2016\/11\/flandria-brown-23-630x403.jpg\" alt=\"flandria-brown-23\" width=\"630\" height=\"403\" srcset=\"https:\/\/www.hoymercedes.com.ar\/principal\/wp-content\/uploads\/2016\/11\/flandria-brown-23-630x403.jpg 630w, https:\/\/www.hoymercedes.com.ar\/principal\/wp-content\/uploads\/2016\/11\/flandria-brown-23-150x96.jpg 150w, https:\/\/www.hoymercedes.com.ar\/principal\/wp-content\/uploads\/2016\/11\/flandria-brown-23.jpg 900w\" sizes=\"auto, (max-width: 630px) 100vw, 630px\" \/><\/p>\n<p>Por su parte, Estudiantes de San Luis\u00a0cay\u00f3 por goleada en Puerto Madryn, por 4 a 1 ante Guillermo Brown, en el marco de la 13\u00aa fecha del Nacional \u201cB\u201d. Estudiantes no pudo sumar en sus \u00faltimas dos presentaciones y el pr\u00f3ximo fin de semana recibir\u00e1 en el \u201cJuan Gilberto Funes\u201d a All Boys. En el cuadro patag\u00f3nico fue titular Nicol\u00e1s Dematei, mientras que Ignacio J\u00e1uregui no ingres\u00f3 en el puntano.<\/p>\n<p>En Primera Divisi\u00f3n, Belgrano de C\u00f3rdoba, con Federico L\u00e9rtora jugando todo el segundo tiempo, cay\u00f3 2 a 1 ante Tigre en Victoria y sigue en los \u00faltimos puestos del torneo y preocupando por su nivel de juego.<\/p>\n<p>En el Federal B, Sportsman de Carmen de Areco perdi\u00f3 como local 1 a 0 ante Everton de La Plata, pero se salv\u00f3 del descenso, que le toc\u00f3 a Racing Bavio. El equipo donde Cristian Biglia es titular qued\u00f3 en la ante\u00faltima posici\u00f3n con 12 puntos, 4 por encima del que perdi\u00f3 la categor\u00eda.<\/p>\n<p>Por su parte, Independiente de Chivilcoy perdi\u00f3 2 a 0 como local ante El Linque\u00f1o y no pudo ser el l\u00edder del grupo, que termin\u00f3 siendo Camioneros. Entonces, en el cuadro en que juega Tom\u00e1s Schenone, que termin\u00f3 clasificando segundo a la pr\u00f3xima instancia, le tocar\u00e1 jugar ante Belgrano de San Nicol\u00e1s. Primero como local y luego como visitante.<\/p>\n<p>&nbsp;<\/p>\n","protected":false},"excerpt":{"rendered":"<p>El Canario sum\u00f3 un buen empate en el Carlos V tras ir perdiendo frente a Los Andes. Williams Riveros de &#8230; <a title=\"Empat\u00f3 Flandria y gole\u00f3 Brown de Madryn\" class=\"read-more\" href=\"https:\/\/www.hoymercedes.com.ar\/principal\/2016\/11\/07\/empato-flandria-y-goleo-brown-de-madryn\/\" aria-label=\"Leer m\u00e1s sobre Empat\u00f3 Flandria y gole\u00f3 Brown de Madryn\">Leer m\u00e1s<\/a><\/p>\n","protected":false},"author":1,"featured_media":56809,"comment_status":"closed","ping_status":"open","sticky":false,"template":"","format":"standard","meta":{"_monsterinsights_skip_tracking":false,"_monsterinsights_sitenote_active":false,"_monsterinsights_sitenote_note":"","_monsterinsights_sitenote_category":0,"jetpack_post_was_ever_published":false,"_jetpack_newsletter_access":"","_jetpack_dont_email_post_to_subs":false,"_jetpack_newsletter_tier_id":0,"_jetpack_memberships_contains_paywalled_content":false,"_jetpack_memberships_contains_paid_content":false,"footnotes":"","jetpack_publicize_message":"","jetpack_publicize_feature_enabled":true,"jetpack_social_post_already_shared":true,"jetpack_social_options":{"image_generator_settings":{"template":"highway","default_image_id":0,"font":"","enabled":false},"version":2},"_wpas_customize_per_network":false},"categories":[21],"tags":[],"class_list":["post-56808","post","type-post","status-publish","format-standard","has-post-thumbnail","hentry","category-deportes","generate-columns","tablet-grid-50","mobile-grid-100","grid-parent","grid-50"],"jetpack_publicize_connections":[],"jetpack_featured_media_url":"https:\/\/www.hoymercedes.com.ar\/principal\/wp-content\/uploads\/2016\/11\/flandria-brown-23.jpg","wps_subtitle":"Nacional B","jetpack_sharing_enabled":true,"_links":{"self":[{"href":"https:\/\/www.hoymercedes.com.ar\/principal\/wp-json\/wp\/v2\/posts\/56808","targetHints":{"allow":["GET"]}}],"collection":[{"href":"https:\/\/www.hoymercedes.com.ar\/principal\/wp-json\/wp\/v2\/posts"}],"about":[{"href":"https:\/\/www.hoymercedes.com.ar\/principal\/wp-json\/wp\/v2\/types\/post"}],"author":[{"embeddable":true,"href":"https:\/\/www.hoymercedes.com.ar\/principal\/wp-json\/wp\/v2\/users\/1"}],"replies":[{"embeddable":true,"href":"https:\/\/www.hoymercedes.com.ar\/principal\/wp-json\/wp\/v2\/comments?post=56808"}],"version-history":[{"count":0,"href":"https:\/\/www.hoymercedes.com.ar\/principal\/wp-json\/wp\/v2\/posts\/56808\/revisions"}],"wp:featuredmedia":[{"embeddable":true,"href":"https:\/\/www.hoymercedes.com.ar\/principal\/wp-json\/wp\/v2\/media\/56809"}],"wp:attachment":[{"href":"https:\/\/www.hoymercedes.com.ar\/principal\/wp-json\/wp\/v2\/media?parent=56808"}],"wp:term":[{"taxonomy":"category","embeddable":true,"href":"https:\/\/www.hoymercedes.com.ar\/principal\/wp-json\/wp\/v2\/categories?post=56808"},{"taxonomy":"post_tag","embeddable":true,"href":"https:\/\/www.hoymercedes.com.ar\/principal\/wp-json\/wp\/v2\/tags?post=56808"}],"curies":[{"name":"wp","href":"https:\/\/api.w.org\/{rel}","templated":true}]}}