{"id":5682,"date":"2011-07-20T03:42:57","date_gmt":"2011-07-20T03:42:57","guid":{"rendered":"http:\/\/www.hoymercedes.com.ar\/principal\/?p=5682"},"modified":"2011-07-20T03:44:18","modified_gmt":"2011-07-20T03:44:18","slug":"carlos-selva-en-acto-junto-a-scioli-que-entrego-fondos-a-municipios","status":"publish","type":"post","link":"https:\/\/www.hoymercedes.com.ar\/principal\/2011\/07\/20\/carlos-selva-en-acto-junto-a-scioli-que-entrego-fondos-a-municipios\/","title":{"rendered":"Carlos Selva en acto junto a Scioli que entreg\u00f3 fondos a municipios"},"content":{"rendered":"<p>El gobernador Daniel Scioli destac\u00f3 \u201cel trabajo en equipo con la Naci\u00f3n y los Municipios\u201d y sostuvo que \u201cestamos unidos por las necesidades de la gente\u201d al entregar hoy en el Sal\u00f3n de Usos M\u00faltiples de Casa de Gobierno, inversiones para obras de infraestructura por 25 millones de pesos destinadas a 45 municipios en el marco del Programa Soluciones Ya!<\/p>\n<p>Junto a 40 jefes comunales, Scioli detall\u00f3 que esta iniciativa que coordina Eduardo Aparicio se \u201cimplementa r\u00e1pidamente de acuerdo a las necesidades m\u00e1s urgentes que ha planteado cada intendente\u201d y agreg\u00f3 que \u201cel gran desaf\u00edo hacia el futuro es multiplicar a\u00fan m\u00e1s los alcances de este programa que ya alcanz\u00f3 a 250 barrios\u201d.<\/p>\n<p>El viceministro de Desarrollo Social de la Naci\u00f3n, Carlos Castagneto, destac\u00f3 la importancia de trabajar \u201cen conjunto\u201d y felicit\u00f3 al Gobernador \u201cpor esta apertura hacia los intendentes y hacia toda la sociedad\u201d, en referencia a las m\u00faltiples actividades que se realizan en Casa de Gobierno y que permiti\u00f3 hoy el reconocimiento a vecinos de cinco cooperativas que trabajan en los barrios.<\/p>\n<p>Por su parte, el jefe comunal de Saladillo, Carlos Gorosito indic\u00f3 que \u201csi bien soy un intendente de la oposici\u00f3n, vengo a agradecer de coraz\u00f3n la apertura que constantemente demuestra el gobernador de la Provincia\u201d, y expres\u00f3 que \u201cnos trata a todos por igual, porque \u00e9l sabe que detr\u00e1s de cada intendente no hay un partido pol\u00edtico determinado, detr\u00e1s de cada intendente est\u00e1 la gente, y el gobernador se preocupa por la gente\u201d.<\/p>\n<p>El intendente de Florencio Varela y presidente de la Federaci\u00f3n Argentina de Municipios, Julio Pereyra coment\u00f3 que \u201clas plazas, la luz, la vivienda, todas esas cuestiones que van a hacer que los barrios comiencen a crecer tienen que ver con lo que la sociedad est\u00e1 demandando: m\u00e1s seguridad, m\u00e1s inclusi\u00f3n\u201d.<\/p>\n<p>El dinero ser\u00e1 destinado a trabajos de refacci\u00f3n en espacios p\u00fablicos, como reparaci\u00f3n de veredas, cord\u00f3n cuneta y plazas, instalaci\u00f3n de luminarias, y a la construcci\u00f3n de hospitales y centros de disposici\u00f3n de residuos, entre otros edificios deportivos y de asistencia social.<\/p>\n<p>Los intendentes que recibieron los aportes fueron Daniel Bolinaga (Arrecifes), Aldo San Pedro (Bragado), Oscar Ostoich (Capit\u00e1n Sarmiento), Mar\u00eda Gianini (Carlos Tejedor), Marcelo Skansi (Carmen de Areco), Juan Patricio Mussi (Berazategui), Jorge Ferraresi (Avellaneda), Julio Pereyra (Florencio Varela), Cristian Breitenstein (Bah\u00eda Blanca), Patricio Hogan (Gral. Alvarado), Juan Pablo Anghileri (Gral. Rodr\u00edguez) y Luis Acu\u00f1a (Hurlingham).<\/p>\n<p>Tambi\u00e9n Alberto Descalzo (Ituzaing\u00f3), Graciela Rosso (Luj\u00e1n), <span style=\"color: #003366;\"><strong>Carlos Selva (Mercedes),<\/strong><\/span> Fernando Carballo (Magdalena), Ricardo Curuchet (Marcos Paz), Jorge Paredi (Mar Chiquita), y Jos\u00e9 Medina (Gral. Arenales), Aldo Carossi (Baradero), Juan Carlos Pellita (Gral. La Madrid) y Alexis Guerrera (Gral. Pinto), Andr\u00e9s Arregui (Moreno), Ricardo Curetti (Patagones), Pablo Zurro (Pehuaj\u00f3), Blas Altieri (Pinamar) y Osvaldo Amieiro (San Fernando).<\/p>\n<p>Adem\u00e1s, Humberto Z\u00faccaro (Pilar), Joaqu\u00edn De La Torre (San Miguel), Antonio Di Sabatino (San Vicente), Carlos Gorosito (Saladillo), Antonio Delfino (Suipacha), Hugo Curto (Tres de Febrero), Ra\u00fal Feito (T. Lauquen), Carlos S\u00e1nchez (Tres Arroyos), Gustavo Arrieta (Ca\u00f1uelas), Ricardo Casi (Col\u00f3n), N\u00e9stor Starc (Cnel. Rosales), Juan Carlos Cal\u00f3 (Gral. Las Heras) y Marcelo Carignani (San Nicol\u00e1s).<\/p>\n<p>Asimismo, acompa\u00f1aron al Gobernador el presidente de la C\u00e1mara de Diputados provincial, Horacio Gonz\u00e1lez, gran parte del gabinete provincial y representantes de los municipios de Escobar, Merlo, Partido de la Costa, Salto y Quilmes (prensa1945).<\/p>\n<p>&nbsp;<\/p>\n<p><span style=\"color: #888888;\">Fuente: Prensa Provincia de Buenos Aires<\/span><\/p>\n<p>&nbsp;<\/p>\n","protected":false},"excerpt":{"rendered":"<p>El gobernador Daniel Scioli destac\u00f3 \u201cel trabajo en equipo con la Naci\u00f3n y los Municipios\u201d y sostuvo que \u201cestamos unidos &#8230; <a title=\"Carlos Selva en acto junto a Scioli que entreg\u00f3 fondos a municipios\" class=\"read-more\" href=\"https:\/\/www.hoymercedes.com.ar\/principal\/2011\/07\/20\/carlos-selva-en-acto-junto-a-scioli-que-entrego-fondos-a-municipios\/\" aria-label=\"Leer m\u00e1s sobre Carlos Selva en acto junto a Scioli que entreg\u00f3 fondos a municipios\">Leer m\u00e1s<\/a><\/p>\n","protected":false},"author":1,"featured_media":0,"comment_status":"open","ping_status":"open","sticky":false,"template":"","format":"standard","meta":{"_monsterinsights_skip_tracking":false,"_monsterinsights_sitenote_active":false,"_monsterinsights_sitenote_note":"","_monsterinsights_sitenote_category":0,"jetpack_post_was_ever_published":false,"_jetpack_newsletter_access":"","_jetpack_dont_email_post_to_subs":false,"_jetpack_newsletter_tier_id":0,"_jetpack_memberships_contains_paywalled_content":false,"_jetpack_memberships_contains_paid_content":false,"footnotes":"","jetpack_publicize_message":"","jetpack_publicize_feature_enabled":true,"jetpack_social_post_already_shared":false,"jetpack_social_options":{"image_generator_settings":{"template":"highway","default_image_id":0,"font":"","enabled":false},"version":2},"_wpas_customize_per_network":false},"categories":[1],"tags":[10,721,18],"class_list":["post-5682","post","type-post","status-publish","format-standard","hentry","category-opinion","tag-mercedes","tag-scioli","tag-selva","generate-columns","tablet-grid-50","mobile-grid-100","grid-parent","grid-50"],"jetpack_publicize_connections":[],"jetpack_featured_media_url":"","wps_subtitle":"","jetpack_sharing_enabled":true,"_links":{"self":[{"href":"https:\/\/www.hoymercedes.com.ar\/principal\/wp-json\/wp\/v2\/posts\/5682","targetHints":{"allow":["GET"]}}],"collection":[{"href":"https:\/\/www.hoymercedes.com.ar\/principal\/wp-json\/wp\/v2\/posts"}],"about":[{"href":"https:\/\/www.hoymercedes.com.ar\/principal\/wp-json\/wp\/v2\/types\/post"}],"author":[{"embeddable":true,"href":"https:\/\/www.hoymercedes.com.ar\/principal\/wp-json\/wp\/v2\/users\/1"}],"replies":[{"embeddable":true,"href":"https:\/\/www.hoymercedes.com.ar\/principal\/wp-json\/wp\/v2\/comments?post=5682"}],"version-history":[{"count":0,"href":"https:\/\/www.hoymercedes.com.ar\/principal\/wp-json\/wp\/v2\/posts\/5682\/revisions"}],"wp:attachment":[{"href":"https:\/\/www.hoymercedes.com.ar\/principal\/wp-json\/wp\/v2\/media?parent=5682"}],"wp:term":[{"taxonomy":"category","embeddable":true,"href":"https:\/\/www.hoymercedes.com.ar\/principal\/wp-json\/wp\/v2\/categories?post=5682"},{"taxonomy":"post_tag","embeddable":true,"href":"https:\/\/www.hoymercedes.com.ar\/principal\/wp-json\/wp\/v2\/tags?post=5682"}],"curies":[{"name":"wp","href":"https:\/\/api.w.org\/{rel}","templated":true}]}}