{"id":56966,"date":"2016-11-11T21:37:53","date_gmt":"2016-11-12T00:37:53","guid":{"rendered":"http:\/\/www.hoymercedes.com.ar\/principal\/?p=56966"},"modified":"2016-11-11T21:37:53","modified_gmt":"2016-11-12T00:37:53","slug":"la-rpm-festeja-sus-cuatro-anos-en-el-aire","status":"publish","type":"post","link":"https:\/\/www.hoymercedes.com.ar\/principal\/2016\/11\/11\/la-rpm-festeja-sus-cuatro-anos-en-el-aire\/","title":{"rendered":"La RPM festeja sus cuatro a\u00f1os en el aire"},"content":{"rendered":"<p>Este domingo el Complejo Cultural La Trocha ser\u00e1 escenario de actividades para toda la familia. Feria, m\u00fasica y fiesta en el marco de una nueva Feria Municipal y la celebraci\u00f3n del 4\u00ba aniversario de la Radio P\u00fablica Mercedes.<\/p>\n<p>La Radio conmemorar\u00e1 un nuevo aniversario de su fundaci\u00f3n y lo har\u00e1 a todo ritmo con propuestas musicales. Habr\u00e1 adem\u00e1s un recorrido por la programaci\u00f3n actual y un reconocimiento a cada uno de los participantes.<\/p>\n<p>\u201cNosotros pensamos en que la radio p\u00fablica es un espacio de todos los mercedinos, de sus instituciones, de los barrios y por eso entendimos que nada mejor que celebrar en La Trocha con una fiesta para que la familia se acerque y sea parte. Habr\u00e1 m\u00fasica y espect\u00e1culos en vivo con Lucas Maidana y Alejandra Garc\u00eda y estamos viendo si podemos sumar alguna sorpresa. El intendente en este sentido nos insta constantemente a realizar acciones que nos permitan encontrarnos, que la familia, los amigos, los mercedinos podamos estar juntos y La Trocha es un espacio ideal\u201d afirm\u00f3 Anal\u00eda C\u00e1ceres.<\/p>\n<p>Por su parte, el intendente Juan Ignacio Ustarroz mencion\u00f3 que \u201cpara nosotros es muy valioso generar momentos par las familias, que se disfrute cada propuesta cultural que generamos, que son muchas, constantes y variadas y, adem\u00e1s, en esta ocasi\u00f3n con el agregado de que contaremos con la Feria Municipal y la celebraci\u00f3n de la Radio P\u00fablica, apostando siempre a lo local\u201d, entre otros conceptos.<\/p>\n<p>La Feria Municipal estar\u00e1 desde temprano, pasado el mediod\u00eda, en la jornada del domingo mientras que la fiesta musical ser\u00e1 desde 15.00hs con m\u00fasica funcional y ya a las 18.00hs el escenario se convertir\u00e1 el en centro de la escena con los artistas convocados.<\/p>\n<p>&nbsp;<\/p>\n<p>Fuente: Prensa Municipal<\/p>\n","protected":false},"excerpt":{"rendered":"<p>Este domingo el Complejo Cultural La Trocha ser\u00e1 escenario de actividades para toda la familia. Feria, m\u00fasica y fiesta en &#8230; <a title=\"La RPM festeja sus cuatro a\u00f1os en el aire\" class=\"read-more\" href=\"https:\/\/www.hoymercedes.com.ar\/principal\/2016\/11\/11\/la-rpm-festeja-sus-cuatro-anos-en-el-aire\/\" aria-label=\"Leer m\u00e1s sobre La RPM festeja sus cuatro a\u00f1os en el aire\">Leer m\u00e1s<\/a><\/p>\n","protected":false},"author":1,"featured_media":56967,"comment_status":"closed","ping_status":"open","sticky":false,"template":"","format":"standard","meta":{"_monsterinsights_skip_tracking":false,"_monsterinsights_sitenote_active":false,"_monsterinsights_sitenote_note":"","_monsterinsights_sitenote_category":0,"jetpack_post_was_ever_published":false,"_jetpack_newsletter_access":"","_jetpack_dont_email_post_to_subs":false,"_jetpack_newsletter_tier_id":0,"_jetpack_memberships_contains_paywalled_content":false,"_jetpack_memberships_contains_paid_content":false,"footnotes":"","jetpack_publicize_message":"","jetpack_publicize_feature_enabled":true,"jetpack_social_post_already_shared":true,"jetpack_social_options":{"image_generator_settings":{"template":"highway","default_image_id":0,"font":"","enabled":false},"version":2},"_wpas_customize_per_network":false},"categories":[30],"tags":[8829,3959,244,4142],"class_list":["post-56966","post","type-post","status-publish","format-standard","has-post-thumbnail","hentry","category-municipio","tag-aniversario","tag-la-trocha","tag-municipio-2","tag-rpm","generate-columns","tablet-grid-50","mobile-grid-100","grid-parent","grid-50"],"jetpack_publicize_connections":[],"jetpack_featured_media_url":"https:\/\/www.hoymercedes.com.ar\/principal\/wp-content\/uploads\/2016\/11\/11-RadioPublica.jpg","wps_subtitle":"Este domingo","jetpack_sharing_enabled":true,"_links":{"self":[{"href":"https:\/\/www.hoymercedes.com.ar\/principal\/wp-json\/wp\/v2\/posts\/56966","targetHints":{"allow":["GET"]}}],"collection":[{"href":"https:\/\/www.hoymercedes.com.ar\/principal\/wp-json\/wp\/v2\/posts"}],"about":[{"href":"https:\/\/www.hoymercedes.com.ar\/principal\/wp-json\/wp\/v2\/types\/post"}],"author":[{"embeddable":true,"href":"https:\/\/www.hoymercedes.com.ar\/principal\/wp-json\/wp\/v2\/users\/1"}],"replies":[{"embeddable":true,"href":"https:\/\/www.hoymercedes.com.ar\/principal\/wp-json\/wp\/v2\/comments?post=56966"}],"version-history":[{"count":0,"href":"https:\/\/www.hoymercedes.com.ar\/principal\/wp-json\/wp\/v2\/posts\/56966\/revisions"}],"wp:featuredmedia":[{"embeddable":true,"href":"https:\/\/www.hoymercedes.com.ar\/principal\/wp-json\/wp\/v2\/media\/56967"}],"wp:attachment":[{"href":"https:\/\/www.hoymercedes.com.ar\/principal\/wp-json\/wp\/v2\/media?parent=56966"}],"wp:term":[{"taxonomy":"category","embeddable":true,"href":"https:\/\/www.hoymercedes.com.ar\/principal\/wp-json\/wp\/v2\/categories?post=56966"},{"taxonomy":"post_tag","embeddable":true,"href":"https:\/\/www.hoymercedes.com.ar\/principal\/wp-json\/wp\/v2\/tags?post=56966"}],"curies":[{"name":"wp","href":"https:\/\/api.w.org\/{rel}","templated":true}]}}