{"id":56992,"date":"2016-11-13T08:53:14","date_gmt":"2016-11-13T11:53:14","guid":{"rendered":"http:\/\/www.hoymercedes.com.ar\/principal\/?p=56992"},"modified":"2016-11-12T21:04:07","modified_gmt":"2016-11-13T00:04:07","slug":"la-comuna-pide-por-el-tratamiento-responsable-de-los-residuos","status":"publish","type":"post","link":"https:\/\/www.hoymercedes.com.ar\/principal\/2016\/11\/13\/la-comuna-pide-por-el-tratamiento-responsable-de-los-residuos\/","title":{"rendered":"Tras reuniones, municipio aclar\u00f3 situaci\u00f3n con comerciantes"},"content":{"rendered":"<p id=\"yui_3_16_0_ym19_1_1478994394700_6008\" class=\"yiv1178090168MsoNormal\">El intendente Juan Ustarroz volvi\u00f3 a referirse al tema de la basura y la importancia de que tengamos un rol activo, consciente y responsable todos los vecinos a la vez que expres\u00f3 que no es un asunto en el cual se individualice a ning\u00fan sector, sino que es social. Hubo reuniones y encuentros positivos.<\/p>\n<p id=\"yui_3_16_0_ym19_1_1478994394700_5949\" class=\"yiv1178090168MsoNormal\">El primer mandatario comunal aprovech\u00f3 el di\u00e1logo con los medios para disculparse por si con la difusi\u00f3n de im\u00e1genes alg\u00fan sector o individuo pudo sentirse ofendido, como el caso de los comerciantes, destacando que nuestra pol\u00edtica de ciudad limpia abarca a todos los sectores y \u201clo que buscamos es el compromiso de todos para tener una ciudad m\u00e1s limpia donde se respeten las ordenanzas vigentes y que no es en contra de ning\u00fan sector, sino a favor de toda la ciudad\u201d<\/p>\n<p id=\"yui_3_16_0_ym19_1_1478994394700_5948\" class=\"yiv1178090168MsoNormal\">\u201cCuando alguien saca la basura a destiempo o de manera incorrecta genera que desde la Comuna tengan que salir a resolver el tema dejando a su vez nuevos reclamos ya que es l\u00f3gico los vecinos empiecen a llamar\u201d, se expres\u00f3 destacando que \u201cestamos dando un paso importante en t\u00e9rminos de ense\u00f1anza efectuando convenios con instituciones educativas\u201d donde se trabaja para que haya m\u00e1s educaci\u00f3n desde las primeras edades.<\/p>\n<p id=\"yui_3_16_0_ym19_1_1478994394700_6014\" class=\"yiv1178090168MsoNormal\">En el encuentro con la prensa tambi\u00e9n destac\u00f3 el Ustarroz la importancia de que si \u201cun vecino ve que un contenedor est\u00e1 lleno lo prudente es buscar otro, no arrojarlo al costado\u201d porque eso \u201cgenera un perjuicio mayor\u201d.<\/p>\n<p id=\"yui_3_16_0_ym19_1_1478994394700_5944\" class=\"yiv1178090168MsoNormal\">Los residuos y su tratamiento son un tema complejo y la comuna busca se cumplan los horarios y las normas, para todos los vecinos, con una consigna que desde hace un tiempo circula y es que la \u201cciudad m\u00e1s limpia es la que menos se ensucia\u201d tratando de que el compromiso sea social.<\/p>\n<p id=\"yui_3_16_0_ym19_1_1478994394700_5950\" class=\"yiv1178090168MsoNormal\">Recodemos que la actual gesti\u00f3n viene trabajando mucho en el embellecimiento del espacio p\u00fablico, con su recuperaci\u00f3n y puesta en valor, como se ve en los bulevares, accesos y plazas y que lo hace desde recursos propios, sin tercerizaciones. En cuanto a la basura se insiste en cumplir las normas, horarios y no arrojar porque s\u00ed en cualquier lado y es por ello que cada vez se avanza m\u00e1s en los v\u00ednculos y procesos educativos del tema.<\/p>\n<p>&nbsp;<\/p>\n<p>Prensa: Prensa Municipal<\/p>\n<p>&nbsp;<\/p>\n","protected":false},"excerpt":{"rendered":"<p>El intendente Juan Ustarroz volvi\u00f3 a referirse al tema de la basura y la importancia de que tengamos un rol &#8230; <a title=\"Tras reuniones, municipio aclar\u00f3 situaci\u00f3n con comerciantes\" class=\"read-more\" href=\"https:\/\/www.hoymercedes.com.ar\/principal\/2016\/11\/13\/la-comuna-pide-por-el-tratamiento-responsable-de-los-residuos\/\" aria-label=\"Leer m\u00e1s sobre Tras reuniones, municipio aclar\u00f3 situaci\u00f3n con comerciantes\">Leer m\u00e1s<\/a><\/p>\n","protected":false},"author":1,"featured_media":0,"comment_status":"closed","ping_status":"open","sticky":false,"template":"","format":"standard","meta":{"_monsterinsights_skip_tracking":false,"_monsterinsights_sitenote_active":false,"_monsterinsights_sitenote_note":"","_monsterinsights_sitenote_category":0,"jetpack_post_was_ever_published":false,"_jetpack_newsletter_access":"","_jetpack_dont_email_post_to_subs":false,"_jetpack_newsletter_tier_id":0,"_jetpack_memberships_contains_paywalled_content":false,"_jetpack_memberships_contains_paid_content":false,"footnotes":"","jetpack_publicize_message":"","jetpack_publicize_feature_enabled":true,"jetpack_social_post_already_shared":true,"jetpack_social_options":{"image_generator_settings":{"template":"highway","default_image_id":0,"font":"","enabled":false},"version":2},"_wpas_customize_per_network":false},"categories":[11],"tags":[1833,1734,244,10219],"class_list":["post-56992","post","type-post","status-publish","format-standard","hentry","category-ciudad","tag-basura","tag-ciudad-2","tag-municipio-2","tag-recoleccion","generate-columns","tablet-grid-50","mobile-grid-100","grid-parent","grid-50"],"jetpack_publicize_connections":[],"jetpack_featured_media_url":"","wps_subtitle":"","jetpack_sharing_enabled":true,"_links":{"self":[{"href":"https:\/\/www.hoymercedes.com.ar\/principal\/wp-json\/wp\/v2\/posts\/56992","targetHints":{"allow":["GET"]}}],"collection":[{"href":"https:\/\/www.hoymercedes.com.ar\/principal\/wp-json\/wp\/v2\/posts"}],"about":[{"href":"https:\/\/www.hoymercedes.com.ar\/principal\/wp-json\/wp\/v2\/types\/post"}],"author":[{"embeddable":true,"href":"https:\/\/www.hoymercedes.com.ar\/principal\/wp-json\/wp\/v2\/users\/1"}],"replies":[{"embeddable":true,"href":"https:\/\/www.hoymercedes.com.ar\/principal\/wp-json\/wp\/v2\/comments?post=56992"}],"version-history":[{"count":0,"href":"https:\/\/www.hoymercedes.com.ar\/principal\/wp-json\/wp\/v2\/posts\/56992\/revisions"}],"wp:attachment":[{"href":"https:\/\/www.hoymercedes.com.ar\/principal\/wp-json\/wp\/v2\/media?parent=56992"}],"wp:term":[{"taxonomy":"category","embeddable":true,"href":"https:\/\/www.hoymercedes.com.ar\/principal\/wp-json\/wp\/v2\/categories?post=56992"},{"taxonomy":"post_tag","embeddable":true,"href":"https:\/\/www.hoymercedes.com.ar\/principal\/wp-json\/wp\/v2\/tags?post=56992"}],"curies":[{"name":"wp","href":"https:\/\/api.w.org\/{rel}","templated":true}]}}