{"id":57082,"date":"2016-11-16T09:11:03","date_gmt":"2016-11-16T12:11:03","guid":{"rendered":"http:\/\/www.hoymercedes.com.ar\/principal\/?p=57082"},"modified":"2016-11-14T21:26:49","modified_gmt":"2016-11-15T00:26:49","slug":"en-primera-estudiantes-ya-esta-en-la-final","status":"publish","type":"post","link":"https:\/\/www.hoymercedes.com.ar\/principal\/2016\/11\/16\/en-primera-estudiantes-ya-esta-en-la-final\/","title":{"rendered":"En Primera, Estudiantes ya est\u00e1 en la final"},"content":{"rendered":"<p><em><strong>El Pincha jug\u00f3 este fin de semana como local ante Independiente de Capit\u00e1n Sarmiento y lo derrot\u00f3 por 84 a 83 ante un rival que siempre lo complica y que fue el \u00fanico que le gan\u00f3 un partido en tres temporadas que hace que se juega este certamen.<\/strong><\/em><\/p>\n<p><img loading=\"lazy\" decoding=\"async\" data-attachment-id=\"57083\" data-permalink=\"https:\/\/www.hoymercedes.com.ar\/principal\/2016\/11\/16\/en-primera-estudiantes-ya-esta-en-la-final\/basquet-estudiantes-primera\/#main\" data-orig-file=\"https:\/\/www.hoymercedes.com.ar\/principal\/wp-content\/uploads\/2016\/11\/basquet-estudiantes-Primera.jpg\" data-orig-size=\"526,394\" data-comments-opened=\"0\" data-image-meta=\"{&quot;aperture&quot;:&quot;0&quot;,&quot;credit&quot;:&quot;&quot;,&quot;camera&quot;:&quot;&quot;,&quot;caption&quot;:&quot;&quot;,&quot;created_timestamp&quot;:&quot;0&quot;,&quot;copyright&quot;:&quot;&quot;,&quot;focal_length&quot;:&quot;0&quot;,&quot;iso&quot;:&quot;0&quot;,&quot;shutter_speed&quot;:&quot;0&quot;,&quot;title&quot;:&quot;&quot;,&quot;orientation&quot;:&quot;0&quot;}\" data-image-title=\"basquet-estudiantes-primera\" data-image-description=\"\" data-image-caption=\"\" data-large-file=\"https:\/\/www.hoymercedes.com.ar\/principal\/wp-content\/uploads\/2016\/11\/basquet-estudiantes-Primera.jpg\" class=\"aligncenter size-full wp-image-57083\" src=\"https:\/\/www.hoymercedes.com.ar\/principal\/wp-content\/uploads\/2016\/11\/basquet-estudiantes-Primera.jpg\" alt=\"basquet-estudiantes-primera\" width=\"526\" height=\"394\" srcset=\"https:\/\/www.hoymercedes.com.ar\/principal\/wp-content\/uploads\/2016\/11\/basquet-estudiantes-Primera.jpg 526w, https:\/\/www.hoymercedes.com.ar\/principal\/wp-content\/uploads\/2016\/11\/basquet-estudiantes-Primera-150x112.jpg 150w\" sizes=\"auto, (max-width: 526px) 100vw, 526px\" \/><\/p>\n<p>Fue un partido parej\u00f3 en todo momento, porque el primer cuarto fue para el local por 22 a 20 y se fueron al descanso 48 a 42. Sigui\u00f3 siempre arriba en el marcador el Pincha, que termin\u00f3 la primera media hora de juego ganando 73 a 66 pero se qued\u00f3 en el inicio del cuarto final y la historia se empat\u00f3 en 78. A partir de ah\u00ed, fueron punto a punto hasta que con un doble de Sebasti\u00e1n Cejas, Estudiantes gan\u00f3 84 a 83.<\/p>\n<p>En la noche del domingo 13,\u00a0se vivi\u00f3 un cotejo de alto voltaje emotivo, disputad\u00edsimo hasta la chicharra final, entre un elenco local Unlu\u00a0que se apoy\u00f3 en la experiencia de sus jugadores, y un visitante El Tim\u00f3n que present\u00f3 a un juvenil equipo que pele\u00f3 palmo a palmo hasta el final y mostraron que son un conjunto para temer y tener en cuenta en el futuro inmediato. El triunfo qued\u00f3 para Universidad, por 73-66, pero en el cuarto final tuvo que diezmar esfuerzos para superar a los j\u00f3venes dirigidos por el eterno \u00abZorro\u00bb Isasi.<\/p>\n<p>&nbsp;<\/p>\n<p><strong>Por el Intercountry<\/strong><\/p>\n<p>El s\u00e1bado, en cancha de Quilmes, Estudiantes venci\u00f3 con demasiada comodidad a San Diego Rosa por 105 a 49 y ahora definir\u00e1 el torneo ante Los Indios de Moreno o Banco Provincia.<\/p>\n","protected":false},"excerpt":{"rendered":"<p>El Pincha jug\u00f3 este fin de semana como local ante Independiente de Capit\u00e1n Sarmiento y lo derrot\u00f3 por 84 a &#8230; <a title=\"En Primera, Estudiantes ya est\u00e1 en la final\" class=\"read-more\" href=\"https:\/\/www.hoymercedes.com.ar\/principal\/2016\/11\/16\/en-primera-estudiantes-ya-esta-en-la-final\/\" aria-label=\"Leer m\u00e1s sobre En Primera, Estudiantes ya est\u00e1 en la final\">Leer m\u00e1s<\/a><\/p>\n","protected":false},"author":1,"featured_media":57083,"comment_status":"closed","ping_status":"open","sticky":false,"template":"","format":"standard","meta":{"_monsterinsights_skip_tracking":false,"_monsterinsights_sitenote_active":false,"_monsterinsights_sitenote_note":"","_monsterinsights_sitenote_category":0,"jetpack_post_was_ever_published":false,"_jetpack_newsletter_access":"","_jetpack_dont_email_post_to_subs":false,"_jetpack_newsletter_tier_id":0,"_jetpack_memberships_contains_paywalled_content":false,"_jetpack_memberships_contains_paid_content":false,"footnotes":"","jetpack_publicize_message":"","jetpack_publicize_feature_enabled":true,"jetpack_social_post_already_shared":true,"jetpack_social_options":{"image_generator_settings":{"template":"highway","default_image_id":0,"font":"","enabled":false},"version":2},"_wpas_customize_per_network":false},"categories":[21],"tags":[],"class_list":["post-57082","post","type-post","status-publish","format-standard","has-post-thumbnail","hentry","category-deportes","generate-columns","tablet-grid-50","mobile-grid-100","grid-parent","grid-50"],"jetpack_publicize_connections":[],"jetpack_featured_media_url":"https:\/\/www.hoymercedes.com.ar\/principal\/wp-content\/uploads\/2016\/11\/basquet-estudiantes-Primera.jpg","wps_subtitle":"B\u00e1squet LNBA","jetpack_sharing_enabled":true,"_links":{"self":[{"href":"https:\/\/www.hoymercedes.com.ar\/principal\/wp-json\/wp\/v2\/posts\/57082","targetHints":{"allow":["GET"]}}],"collection":[{"href":"https:\/\/www.hoymercedes.com.ar\/principal\/wp-json\/wp\/v2\/posts"}],"about":[{"href":"https:\/\/www.hoymercedes.com.ar\/principal\/wp-json\/wp\/v2\/types\/post"}],"author":[{"embeddable":true,"href":"https:\/\/www.hoymercedes.com.ar\/principal\/wp-json\/wp\/v2\/users\/1"}],"replies":[{"embeddable":true,"href":"https:\/\/www.hoymercedes.com.ar\/principal\/wp-json\/wp\/v2\/comments?post=57082"}],"version-history":[{"count":0,"href":"https:\/\/www.hoymercedes.com.ar\/principal\/wp-json\/wp\/v2\/posts\/57082\/revisions"}],"wp:featuredmedia":[{"embeddable":true,"href":"https:\/\/www.hoymercedes.com.ar\/principal\/wp-json\/wp\/v2\/media\/57083"}],"wp:attachment":[{"href":"https:\/\/www.hoymercedes.com.ar\/principal\/wp-json\/wp\/v2\/media?parent=57082"}],"wp:term":[{"taxonomy":"category","embeddable":true,"href":"https:\/\/www.hoymercedes.com.ar\/principal\/wp-json\/wp\/v2\/categories?post=57082"},{"taxonomy":"post_tag","embeddable":true,"href":"https:\/\/www.hoymercedes.com.ar\/principal\/wp-json\/wp\/v2\/tags?post=57082"}],"curies":[{"name":"wp","href":"https:\/\/api.w.org\/{rel}","templated":true}]}}