{"id":57099,"date":"2016-11-15T17:03:41","date_gmt":"2016-11-15T20:03:41","guid":{"rendered":"http:\/\/www.hoymercedes.com.ar\/principal\/?p=57099"},"modified":"2016-11-15T17:03:41","modified_gmt":"2016-11-15T20:03:41","slug":"vuelve-a-presentarse-la-orquesta-nacional-juan-de-dios-filiberto","status":"publish","type":"post","link":"https:\/\/www.hoymercedes.com.ar\/principal\/2016\/11\/15\/vuelve-a-presentarse-la-orquesta-nacional-juan-de-dios-filiberto\/","title":{"rendered":"Vuelve a presentarse la Orquesta Nacional Juan de Dios Filiberto"},"content":{"rendered":"<p>Durante la ma\u00f1ana del lunes se dio a conocer, mediante conferencia de prensa, la visita de la Orquesta Nacional de M\u00fasica Argentina \u201cJuan de Dios Filiberto\u201d que se estar\u00e1n presentando en nuestra ciudad. La presentaci\u00f3n se realizar\u00e1 el viernes 25 de noviembre, a las 20 en el Centro Cultural Teatro Argentino. Las entradas estar\u00e1n disponibles para retirarlas en forma gratuita en la boleter\u00eda del teatro a partir del d\u00eda 23 por la ma\u00f1ana.\u00a0El programa es organizado por el Centro de Egresados del Colegio Nacional junto a la Municipalidad de Mercedes por medio de su Direcci\u00f3n de Cultura.<\/p>\n<p><img loading=\"lazy\" decoding=\"async\" data-attachment-id=\"57100\" data-permalink=\"https:\/\/www.hoymercedes.com.ar\/principal\/2016\/11\/15\/vuelve-a-presentarse-la-orquesta-nacional-juan-de-dios-filiberto\/15-orquesta_filiberto_1-740x0\/#main\" data-orig-file=\"https:\/\/www.hoymercedes.com.ar\/principal\/wp-content\/uploads\/2016\/11\/15-orquesta_filiberto_1-740x0.jpg\" data-orig-size=\"567,378\" data-comments-opened=\"0\" data-image-meta=\"{&quot;aperture&quot;:&quot;0&quot;,&quot;credit&quot;:&quot;&quot;,&quot;camera&quot;:&quot;&quot;,&quot;caption&quot;:&quot;&quot;,&quot;created_timestamp&quot;:&quot;0&quot;,&quot;copyright&quot;:&quot;&quot;,&quot;focal_length&quot;:&quot;0&quot;,&quot;iso&quot;:&quot;0&quot;,&quot;shutter_speed&quot;:&quot;0&quot;,&quot;title&quot;:&quot;&quot;,&quot;orientation&quot;:&quot;0&quot;}\" data-image-title=\"15-orquesta_filiberto_1-740&amp;#215;0\" data-image-description=\"\" data-image-caption=\"\" data-large-file=\"https:\/\/www.hoymercedes.com.ar\/principal\/wp-content\/uploads\/2016\/11\/15-orquesta_filiberto_1-740x0.jpg\" class=\"aligncenter size-full wp-image-57100\" src=\"https:\/\/www.hoymercedes.com.ar\/principal\/wp-content\/uploads\/2016\/11\/15-orquesta_filiberto_1-740x0.jpg\" alt=\"15-orquesta_filiberto_1-740x0\" width=\"567\" height=\"378\" srcset=\"https:\/\/www.hoymercedes.com.ar\/principal\/wp-content\/uploads\/2016\/11\/15-orquesta_filiberto_1-740x0.jpg 567w, https:\/\/www.hoymercedes.com.ar\/principal\/wp-content\/uploads\/2016\/11\/15-orquesta_filiberto_1-740x0-150x100.jpg 150w, https:\/\/www.hoymercedes.com.ar\/principal\/wp-content\/uploads\/2016\/11\/15-orquesta_filiberto_1-740x0-300x200.jpg 300w\" sizes=\"auto, (max-width: 567px) 100vw, 567px\" \/><\/p>\n<p>En la conferencia estuvo el Intendente Juan Ignacio Ustarroz junto a la Directora de Cultura Lucia Capaccio y Horacio Llanos, miembro del Centro de Egresados del Colegio Nacional. \u00a0El intendente agradeci\u00f3, en nombre de todos los vecinos, el trabajo que Llanos realiza por la cultura y por las gestiones del Centro de Egresados \u201cpara que Mercedes sea casi una parada obligatoria de los diferentes espect\u00e1culos culturales que se presentan en nuestra ciudad, esto se debe al profesionalismo, la seriedad y al compromiso de ustedes para la comunidad. Me gustar\u00eda destacar que Horacio es un trabajador Ad Honorem, una persona que voluntariamente y por amor al arte y la cultura empuja y lleva adelante estas propuestas culturales tan interesantes para nuestra ciudad. Para nosotros en un placer trabajar con ustedes y es realmente muy lindo recibir a personas\u00a0 que lo que vienen a hacer es ofrecer algo para el deleite de nuestra ciudad y ayudar a jerarquizar a Mercedes en t\u00e9rminos de cultura y ofrecerle a nuestros vecinos espect\u00e1culos de un nivel internacional\u201d<\/p>\n<p>\u201cContinuamos con la presentaciones de las Orquesta Nacionales, en el mes de abril vino la Sinf\u00f3nica Nacional, luego vino el Coro Polif\u00f3nico en la iglesia San Patricio esta oportunidad viene la Juan de Dios Filiberto, es decir ya hemos podido trer tres estilos distintos, el coro vino con m\u00fasica sacra, la Sinf\u00f3nica vino con m\u00fasica cl\u00e1sica y en esta oportunidad ser\u00e1 todo de tango y folklore. Lo que se podr\u00e1 apreciar es un primer acto con tango y el segundo acto vendr\u00e1 Gustavo Espotoco, como director invitado, quien manejar\u00e1 la parte del folclore\u201d afirm\u00f3 Llanos y destac\u00f3 que \u201cser\u00e1 un programa realmente interesante, son orquestas internacionales que recorren Latinoam\u00e9rica, Estados Unidos y Europa\u201d.<\/p>\n<p>La presentaci\u00f3n se realizar\u00e1 el viernes 25 de noviembre, a las 20hs en el\u00a0 Centro Cultural Teatro Argentino y las entradas estar\u00e1n disponibles para retirarlas en forma gratuita en la boleter\u00eda del teatro a partir del d\u00eda 23 por la ma\u00f1ana.\u00a0El espect\u00e1culo en libre y gratuita y habr\u00e1 capacidad para 500 personas y se podr\u00e1n retirar hasta dos entradas por personas<\/p>\n","protected":false},"excerpt":{"rendered":"<p>Durante la ma\u00f1ana del lunes se dio a conocer, mediante conferencia de prensa, la visita de la Orquesta Nacional de &#8230; <a title=\"Vuelve a presentarse la Orquesta Nacional Juan de Dios Filiberto\" class=\"read-more\" href=\"https:\/\/www.hoymercedes.com.ar\/principal\/2016\/11\/15\/vuelve-a-presentarse-la-orquesta-nacional-juan-de-dios-filiberto\/\" aria-label=\"Leer m\u00e1s sobre Vuelve a presentarse la Orquesta Nacional Juan de Dios Filiberto\">Leer m\u00e1s<\/a><\/p>\n","protected":false},"author":1,"featured_media":57100,"comment_status":"closed","ping_status":"open","sticky":false,"template":"","format":"standard","meta":{"_monsterinsights_skip_tracking":false,"_monsterinsights_sitenote_active":false,"_monsterinsights_sitenote_note":"","_monsterinsights_sitenote_category":0,"jetpack_post_was_ever_published":false,"_jetpack_newsletter_access":"","_jetpack_dont_email_post_to_subs":false,"_jetpack_newsletter_tier_id":0,"_jetpack_memberships_contains_paywalled_content":false,"_jetpack_memberships_contains_paid_content":false,"footnotes":"","jetpack_publicize_message":"","jetpack_publicize_feature_enabled":true,"jetpack_social_post_already_shared":true,"jetpack_social_options":{"image_generator_settings":{"template":"highway","default_image_id":0,"font":"","enabled":false},"version":2},"_wpas_customize_per_network":false},"categories":[104],"tags":[7805,10228],"class_list":["post-57099","post","type-post","status-publish","format-standard","has-post-thumbnail","hentry","category-cultura","tag-cultura","tag-orquesta-nacional","generate-columns","tablet-grid-50","mobile-grid-100","grid-parent","grid-50"],"jetpack_publicize_connections":[],"jetpack_featured_media_url":"https:\/\/www.hoymercedes.com.ar\/principal\/wp-content\/uploads\/2016\/11\/15-orquesta_filiberto_1-740x0.jpg","wps_subtitle":"El venidero 25 de noviembre","jetpack_sharing_enabled":true,"_links":{"self":[{"href":"https:\/\/www.hoymercedes.com.ar\/principal\/wp-json\/wp\/v2\/posts\/57099","targetHints":{"allow":["GET"]}}],"collection":[{"href":"https:\/\/www.hoymercedes.com.ar\/principal\/wp-json\/wp\/v2\/posts"}],"about":[{"href":"https:\/\/www.hoymercedes.com.ar\/principal\/wp-json\/wp\/v2\/types\/post"}],"author":[{"embeddable":true,"href":"https:\/\/www.hoymercedes.com.ar\/principal\/wp-json\/wp\/v2\/users\/1"}],"replies":[{"embeddable":true,"href":"https:\/\/www.hoymercedes.com.ar\/principal\/wp-json\/wp\/v2\/comments?post=57099"}],"version-history":[{"count":0,"href":"https:\/\/www.hoymercedes.com.ar\/principal\/wp-json\/wp\/v2\/posts\/57099\/revisions"}],"wp:featuredmedia":[{"embeddable":true,"href":"https:\/\/www.hoymercedes.com.ar\/principal\/wp-json\/wp\/v2\/media\/57100"}],"wp:attachment":[{"href":"https:\/\/www.hoymercedes.com.ar\/principal\/wp-json\/wp\/v2\/media?parent=57099"}],"wp:term":[{"taxonomy":"category","embeddable":true,"href":"https:\/\/www.hoymercedes.com.ar\/principal\/wp-json\/wp\/v2\/categories?post=57099"},{"taxonomy":"post_tag","embeddable":true,"href":"https:\/\/www.hoymercedes.com.ar\/principal\/wp-json\/wp\/v2\/tags?post=57099"}],"curies":[{"name":"wp","href":"https:\/\/api.w.org\/{rel}","templated":true}]}}