{"id":57105,"date":"2016-11-15T19:31:12","date_gmt":"2016-11-15T22:31:12","guid":{"rendered":"http:\/\/www.hoymercedes.com.ar\/principal\/?p=57105"},"modified":"2016-11-15T19:31:12","modified_gmt":"2016-11-15T22:31:12","slug":"municipalidad-y-unlu-firman-acuerdo-por-alimentos-espacios-verdes-y-pasantias","status":"publish","type":"post","link":"https:\/\/www.hoymercedes.com.ar\/principal\/2016\/11\/15\/municipalidad-y-unlu-firman-acuerdo-por-alimentos-espacios-verdes-y-pasantias\/","title":{"rendered":"Municipalidad y UNLu firman acuerdo por alimentos, espacios verdes y pasant\u00edas"},"content":{"rendered":"<p>En horas de la ma\u00f1ana de este martes, la Municipalidad de Mercedes y la Universidad de Luj\u00e1n (UNLu) firmaron un convenio que establece nuevos v\u00ednculos entre la Casa de Altos Estudios y la comuna mercedina. Un convenio que establece que el Municipio adquiera yogurt probi\u00f3tico de la planta piloto universitaria, la incorporaci\u00f3n de pasantes mercedinos para capacitaci\u00f3n profesional desde su formaci\u00f3n acad\u00e9mica y la extensi\u00f3n de los v\u00ednculos para pasantes acad\u00e9micos de distintas carreras, as\u00ed como un acuerdo por el \u00e1rea de Espacios Verdes, Extensi\u00f3n Universitaria y sus \u00e1reas acad\u00e9micas vinculados a la agronom\u00eda.<\/p>\n<p>El acuerdo firmado entre el Intendente Municipal Juan Ignacio Ustarroz y el rector de la Universidad Nacional de Luj\u00e1n, Ing. Osvaldo Arizio, junto a la Secretaria de Desarrollo Social Jorgelina Silva, fue presentado en el despacho del jefe comunal en la ma\u00f1ana del martes ante los medios de comunicaci\u00f3n.<\/p>\n<p>Con el fin de explicar de qu\u00e9 se trata el convenio y el alcance del mismo, el Intendente Ustarroz record\u00f3 y reconoci\u00f3 a las universidades p\u00fablicas como un \u00e1mbito de conocimiento y saber que aportan a la construcci\u00f3n de pol\u00edticas p\u00fablicas. \u201cNos valemos del conocimiento, de la experiencia y del aporte de la UNLu para hacer este convenio marco. Un convenio que tiene tres ejes\u201d, dijo el Jefe Comunal.<\/p>\n<p>Es as\u00ed que explic\u00f3 que, en primer t\u00e9rmino, el convenio se relaciona con la planificaci\u00f3n estrat\u00e9gica que el Municipio desarrolla. Un acuerdo para el desarrollo del espacio p\u00fablico y el arbolado de la ciudad. \u201cEsto tendr\u00e1 un impacto real porque est\u00e1 relacionado con el medio ambiente. Brindaremos asesoramiento en lo que hace al arbolado y planificaci\u00f3n urbana, concretamente en los espacios verdes\u201d acot\u00f3 el Ingeniero Arizio.<\/p>\n<p>Tambi\u00e9n, el convenio destaca un trabajo conjunto para los Espacios de Primera Infancia y los comedores con el fin de que la Comuna le compre a la UNLu el yogurt probi\u00f3tico que producen sus investigadores en la Planta Piloto de dicha instituci\u00f3n educativa. \u201cLa UNLu junto al CONICET han desarrollado un yogurt con muchos nutrientes. Esto lo trabajaremos desde las Secretar\u00edas de Desarrollo Social y Salud para darles este alimento a los ni\u00f1os que asisten a los Espacios de Primera Infancia, Comedores, Casa del Ni\u00f1o, y cada lugar donde efectuamos atenci\u00f3n a los menores, a nuestro futuro\u201d, cont\u00f3 el Jefe Comunal enfatizando en la nutrici\u00f3n y la protecci\u00f3n de la salud que dar\u00e1n los productor que los peque\u00f1os recibir\u00e1n con el yogurt producido por la Universidad.<\/p>\n<p>Sobre este tema, el Rector de la UNLu explic\u00f3 que un acuerdo similar se llev\u00f3 adelante con la Municipalidad de Luj\u00e1n y que \u201cTiene que ver con un probi\u00f3tico que fue desarrollado con el CONICET de Tucum\u00e1n que nos proveen ese probi\u00f3tico y nosotros lo formulamos como un yogurt. No es un yogurt com\u00fan como los que se pueden comprar en cualquier lado, ni se puede consumir cu\u00e1nto uno quiere. Sino que debe ser suministrado en dosis concretas y su distribuci\u00f3n debe ser a trav\u00e9s de medios controlados. Por eso con Desarrollo Social acordamos proveer el yogurt para ser entregado en los Espacios de Primera Infancia ya que tendr\u00e1 una relevante repercusi\u00f3n en los chicos en materia de salud\u201d, agreg\u00f3 el Rector.<\/p>\n<p>Por \u00faltimo, Ustarroz cont\u00f3 que el convenio permitir\u00e1 a los estudiantes mercedinos en la UNLu a acceder a los programas de pasant\u00eda. \u201cGenerar un espacio para que los estudiantes hagan la pr\u00e1ctica profesional ya que la formaci\u00f3n es te\u00f3rico pr\u00e1ctica. Al Municipio le vendr\u00e1 bien tener espacios para los estudiantes\u201d, agreg\u00f3 el Intendente que adem\u00e1s sostuvo que \u201csabemos que son casi mil los vecinos que se educan en la UNLu y queremos acompa\u00f1arlos as\u00ed como a principio de a\u00f1o lo hicimos en la lucha porque no saquen las frecuencias del tren y luego con la a\u00fan vigente comisi\u00f3n de vinculaci\u00f3n t\u00e9cnica que nos permite avanzar en tantos temas en com\u00fan\u201d<\/p>\n<p>&nbsp;<\/p>\n<p><strong>La firma<\/strong><\/p>\n<p>La denominada \u201ccarta de intenci\u00f3n\u201d se incorporar\u00e1, tras las l\u00f3gicas revisiones legales de cada instituci\u00f3n, al convenio marco que ya tiene la Comuna firmado con la UNLu, pero, dar\u00e1 ampliaci\u00f3n a tareas en conjunto en los planos mencionados: alimentos saludables para la ni\u00f1ez protegiendo la salud de los peque\u00f1os, regulaci\u00f3n de pasantes por medio del Servicio de Pasant\u00edas y Empleos de la universidad y la Municipalidad y dar un valor profesional agregado a nuestros estudiantes.<\/p>\n<p>&nbsp;<\/p>\n<p><strong>Beneficio<\/strong><\/p>\n<p>Tanto la universidad como el municipio dar\u00e1n as\u00ed un valor agregado a sus relaciones. El yogurt probi\u00f3tico actuar\u00e1 y ser\u00e1 un valioso elementos de prevenci\u00f3n, ser\u00e1 un aporta para adelantarse a los hechos y pensar en futuro, pensar en nuestros ni\u00f1os. No es casualidad que sea una universidad p\u00fablica la que trabaje en un tema tan valioso y sensible y que sea una gesti\u00f3n como la actual en Mercedes que piense en la ni\u00f1ez como un aspecto central del desarrollo social.<\/p>\n<p>&nbsp;<\/p>\n<p>Fuente: Prensa Municipal<\/p>\n<p>&nbsp;<\/p>\n","protected":false},"excerpt":{"rendered":"<p>En horas de la ma\u00f1ana de este martes, la Municipalidad de Mercedes y la Universidad de Luj\u00e1n (UNLu) firmaron un &#8230; <a title=\"Municipalidad y UNLu firman acuerdo por alimentos, espacios verdes y pasant\u00edas\" class=\"read-more\" href=\"https:\/\/www.hoymercedes.com.ar\/principal\/2016\/11\/15\/municipalidad-y-unlu-firman-acuerdo-por-alimentos-espacios-verdes-y-pasantias\/\" aria-label=\"Leer m\u00e1s sobre Municipalidad y UNLu firman acuerdo por alimentos, espacios verdes y pasant\u00edas\">Leer m\u00e1s<\/a><\/p>\n","protected":false},"author":1,"featured_media":57106,"comment_status":"closed","ping_status":"open","sticky":false,"template":"","format":"standard","meta":{"_monsterinsights_skip_tracking":false,"_monsterinsights_sitenote_active":false,"_monsterinsights_sitenote_note":"","_monsterinsights_sitenote_category":0,"jetpack_post_was_ever_published":false,"_jetpack_newsletter_access":"","_jetpack_dont_email_post_to_subs":false,"_jetpack_newsletter_tier_id":0,"_jetpack_memberships_contains_paywalled_content":false,"_jetpack_memberships_contains_paid_content":false,"footnotes":"","jetpack_publicize_message":"","jetpack_publicize_feature_enabled":true,"jetpack_social_post_already_shared":true,"jetpack_social_options":{"image_generator_settings":{"template":"highway","default_image_id":0,"font":"","enabled":false},"version":2},"_wpas_customize_per_network":false},"categories":[30],"tags":[9504,244,54],"class_list":["post-57105","post","type-post","status-publish","format-standard","has-post-thumbnail","hentry","category-municipio","tag-convenio","tag-municipio-2","tag-unlu","generate-columns","tablet-grid-50","mobile-grid-100","grid-parent","grid-50"],"jetpack_publicize_connections":[],"jetpack_featured_media_url":"https:\/\/www.hoymercedes.com.ar\/principal\/wp-content\/uploads\/2016\/11\/15-unlu-municipio.jpg","wps_subtitle":"Ustarroz y el Rector Arizio","jetpack_sharing_enabled":true,"_links":{"self":[{"href":"https:\/\/www.hoymercedes.com.ar\/principal\/wp-json\/wp\/v2\/posts\/57105","targetHints":{"allow":["GET"]}}],"collection":[{"href":"https:\/\/www.hoymercedes.com.ar\/principal\/wp-json\/wp\/v2\/posts"}],"about":[{"href":"https:\/\/www.hoymercedes.com.ar\/principal\/wp-json\/wp\/v2\/types\/post"}],"author":[{"embeddable":true,"href":"https:\/\/www.hoymercedes.com.ar\/principal\/wp-json\/wp\/v2\/users\/1"}],"replies":[{"embeddable":true,"href":"https:\/\/www.hoymercedes.com.ar\/principal\/wp-json\/wp\/v2\/comments?post=57105"}],"version-history":[{"count":0,"href":"https:\/\/www.hoymercedes.com.ar\/principal\/wp-json\/wp\/v2\/posts\/57105\/revisions"}],"wp:featuredmedia":[{"embeddable":true,"href":"https:\/\/www.hoymercedes.com.ar\/principal\/wp-json\/wp\/v2\/media\/57106"}],"wp:attachment":[{"href":"https:\/\/www.hoymercedes.com.ar\/principal\/wp-json\/wp\/v2\/media?parent=57105"}],"wp:term":[{"taxonomy":"category","embeddable":true,"href":"https:\/\/www.hoymercedes.com.ar\/principal\/wp-json\/wp\/v2\/categories?post=57105"},{"taxonomy":"post_tag","embeddable":true,"href":"https:\/\/www.hoymercedes.com.ar\/principal\/wp-json\/wp\/v2\/tags?post=57105"}],"curies":[{"name":"wp","href":"https:\/\/api.w.org\/{rel}","templated":true}]}}