{"id":5711,"date":"2011-07-22T02:43:00","date_gmt":"2011-07-22T02:43:00","guid":{"rendered":"http:\/\/www.hoymercedes.com.ar\/principal\/?p=5711"},"modified":"2011-07-22T02:43:00","modified_gmt":"2011-07-22T02:43:00","slug":"benitez-solicito-al-ejecutivo-revise-presentacion-del-balance-semestral-enero-julio-2011","status":"publish","type":"post","link":"https:\/\/www.hoymercedes.com.ar\/principal\/2011\/07\/22\/benitez-solicito-al-ejecutivo-revise-presentacion-del-balance-semestral-enero-julio-2011\/","title":{"rendered":"Benitez solicit\u00f3 al ejecutivo revise presentaci\u00f3n del balance semestral enero-julio 2011"},"content":{"rendered":"<p>El edil sostuvo que hay datos confusos, otros que se mezclan y algunos que no coinciden por lo cual si se demuestra alg\u00fan error el mismo sea rectificado a trav\u00e9s de una nueva publicaci\u00f3n en el mismo medio en el que apareci\u00f3 el balance del primer semestre del a\u00f1o<\/p>\n<p>A trav\u00e9s de un proyecto de Resoluci\u00f3n, el actual concejal Juan Carlos Ben\u00edtez, integrante del bloque Uni\u00f3n Pro present\u00f3 un pedido de informes relacionado con la publicaci\u00f3n por parte de la Municipalidad de tradicional informe semestral que debe ser publicado en al menos un medio de prensa local relacionado con lo proyectado, lo programado y lo ejecutado en materia de obras con relaci\u00f3n a lo presupuestado al ser votado el C\u00e1lculo de gastos y recursos para el Ejercicio.<\/p>\n<p>Ben\u00edtez sostuvo ayer \u201csiempre a lo largo de la gesti\u00f3n que me cupo como concejal, no solo en este periodo tengo la costumbre de leer el informe que se publica cada seis meses desde el Municipio relacionado con las actividades que se programaron para el semestre y las que realmente se concretaron.<\/p>\n<p>Ya el a\u00f1o pasado encontr\u00e9 algunos datos que no se ajustaban a la realidad por lo cual hice las observaciones correspondientes y el Departamento Ejecutivo tras admitir el error producido tuvo que volver a publicar dicho balance.<\/p>\n<p>Ahora pasa algo muy parecido ya que al leer lo publicado en el Diario me encontr\u00e9 por ejemplo con que hay una mala interpretaci\u00f3n en algunos de los puntos en los que se mezclan actividades deportivas con cantidad de kil\u00f3metros recorridos de caminos reparados como as\u00ed tambi\u00e9n en los datos que muestran un extremado consumo de agua en los primeros seis meses de a\u00f1o sin que se encuentre una informaci\u00f3n al respecto desde el Departamento Ejecutivo.<\/p>\n<p>Por eso ser\u00eda m\u00e1s que importante que el gobierno municipal aclare si se saben los motivos de tal consumo, que casi se puede decir que ha sido un verdadero despilfarro y que medidas se piensan adoptar para poner punto final a dicha pr\u00e1ctica\u201d<\/p>\n<p>M\u00e1s adelante el edil se refiri\u00f3 a los datos aportados acerca del funcionamiento de la Planta Depuradora de Residuos L\u00edquidos precisando \u201cen el informe se desprende que se tratan 26.400.000 litros por d\u00eda, que se tienen funcionado tres motores de entrada de l\u00edquido cloacal a raz\u00f3n de 300.000 litros por hora cada uno es decir 21.600.000 litros diarios por lo cual existe una diferencia entre lo informado y lo realmente publicado de 4.800.000 litros.<\/p>\n<p>Por ello es que pido que en el caso de constatarse alg\u00fan tipo de equivocaci\u00f3n involuntaria al momento de volcarlos datos se proceda a efectuar a correcci\u00f3n correspondiente a trav\u00e9s de una nueva publicaci\u00f3n en el mismo medio en el que se efectuara la publicaci\u00f3n original para que de esa manera los vecinos de nuestra ciudad tengan la posibilidad cierta de manejar datos reales relacionados con el funcionamiento del municipio\u201d.<\/p>\n<p>El proyecto de Resoluci\u00f3n elaborado por Juan Carlos Ben\u00edtez ingres\u00f3 ayer en la Secretar\u00eda del Concejo Deliberante para ser incluido en el temario del Orden del D\u00eda para la Sesi\u00f3n ordinaria que se llevar\u00e1 cabo el lunes venidero.<\/p>\n","protected":false},"excerpt":{"rendered":"<p>El edil sostuvo que hay datos confusos, otros que se mezclan y algunos que no coinciden por lo cual si &#8230; <a title=\"Benitez solicit\u00f3 al ejecutivo revise presentaci\u00f3n del balance semestral enero-julio 2011\" class=\"read-more\" href=\"https:\/\/www.hoymercedes.com.ar\/principal\/2011\/07\/22\/benitez-solicito-al-ejecutivo-revise-presentacion-del-balance-semestral-enero-julio-2011\/\" aria-label=\"Leer m\u00e1s sobre Benitez solicit\u00f3 al ejecutivo revise presentaci\u00f3n del balance semestral enero-julio 2011\">Leer m\u00e1s<\/a><\/p>\n","protected":false},"author":1,"featured_media":0,"comment_status":"open","ping_status":"open","sticky":false,"template":"","format":"standard","meta":{"_monsterinsights_skip_tracking":false,"_monsterinsights_sitenote_active":false,"_monsterinsights_sitenote_note":"","_monsterinsights_sitenote_category":0,"jetpack_post_was_ever_published":false,"_jetpack_newsletter_access":"","_jetpack_dont_email_post_to_subs":false,"_jetpack_newsletter_tier_id":0,"_jetpack_memberships_contains_paywalled_content":false,"_jetpack_memberships_contains_paid_content":false,"footnotes":"","jetpack_publicize_message":"","jetpack_publicize_feature_enabled":true,"jetpack_social_post_already_shared":false,"jetpack_social_options":{"image_generator_settings":{"template":"highway","default_image_id":0,"font":"","enabled":false},"version":2},"_wpas_customize_per_network":false},"categories":[5],"tags":[313],"class_list":["post-5711","post","type-post","status-publish","format-standard","hentry","category-politica","tag-juan-carlos-benitez","generate-columns","tablet-grid-50","mobile-grid-100","grid-parent","grid-50"],"jetpack_publicize_connections":[],"jetpack_featured_media_url":"","wps_subtitle":"","jetpack_sharing_enabled":true,"_links":{"self":[{"href":"https:\/\/www.hoymercedes.com.ar\/principal\/wp-json\/wp\/v2\/posts\/5711","targetHints":{"allow":["GET"]}}],"collection":[{"href":"https:\/\/www.hoymercedes.com.ar\/principal\/wp-json\/wp\/v2\/posts"}],"about":[{"href":"https:\/\/www.hoymercedes.com.ar\/principal\/wp-json\/wp\/v2\/types\/post"}],"author":[{"embeddable":true,"href":"https:\/\/www.hoymercedes.com.ar\/principal\/wp-json\/wp\/v2\/users\/1"}],"replies":[{"embeddable":true,"href":"https:\/\/www.hoymercedes.com.ar\/principal\/wp-json\/wp\/v2\/comments?post=5711"}],"version-history":[{"count":0,"href":"https:\/\/www.hoymercedes.com.ar\/principal\/wp-json\/wp\/v2\/posts\/5711\/revisions"}],"wp:attachment":[{"href":"https:\/\/www.hoymercedes.com.ar\/principal\/wp-json\/wp\/v2\/media?parent=5711"}],"wp:term":[{"taxonomy":"category","embeddable":true,"href":"https:\/\/www.hoymercedes.com.ar\/principal\/wp-json\/wp\/v2\/categories?post=5711"},{"taxonomy":"post_tag","embeddable":true,"href":"https:\/\/www.hoymercedes.com.ar\/principal\/wp-json\/wp\/v2\/tags?post=5711"}],"curies":[{"name":"wp","href":"https:\/\/api.w.org\/{rel}","templated":true}]}}