{"id":57125,"date":"2016-11-16T08:39:56","date_gmt":"2016-11-16T11:39:56","guid":{"rendered":"http:\/\/www.hoymercedes.com.ar\/principal\/?p=57125"},"modified":"2016-11-16T09:42:38","modified_gmt":"2016-11-16T12:42:38","slug":"detenciones-tras-accionar-policial","status":"publish","type":"post","link":"https:\/\/www.hoymercedes.com.ar\/principal\/2016\/11\/16\/detenciones-tras-accionar-policial\/","title":{"rendered":"Detenciones tras accionar policial"},"content":{"rendered":"<p>La Polic\u00eda Comunal de nuestra ciudad actu\u00f3 r\u00e1pidamente en dos hechos sobre los cuales fue requerido permitiendo detener a sus autores. Ambos detenidos est\u00e1n a disposici\u00f3n de la justicia local. En uno de los hechos particip\u00f3 tambi\u00e9n la Polic\u00eda Local.<\/p>\n<p>Uno de los hechos se concret\u00f3 en avenida 29 entre 6 y 10 donde la polic\u00eda Comunal y la Polic\u00eda Local efectu\u00f3 la detenci\u00f3n de un masculino de 29 a\u00f1os de edad quien poco antes hab\u00eda sustra\u00eddo una billetera con dos mil trescientos pesos y diversa documentaci\u00f3n en 35 y 12 logrando su cometido tras exhibir un cuchillo. El damnificado logr\u00f3 identificar a quien cometi\u00f3 el acto delictivo.<\/p>\n<p>El otro hecho se efectu\u00f3 en 114 entre 29 y 31 donde se detiene a un joven de tan s\u00f3lo 20 a\u00f1os de edad siendo su v\u00edctima una vecina de 65 a\u00f1os de edad.<\/p>\n<p>En esta ocasi\u00f3n el sujeto tras mostrar un arma de fuego sustrae dinero de un comercio ubicado en Acceso Manuel Sanmart\u00edn entre 112 y 112 bis. Avisada la fuerza de seguridad inici\u00f3 un proceso que dio como resultado la detenci\u00f3n de quien comete el il\u00edcito secuestrando un revolver calibre 22 largo y el dinero sustra\u00eddo.<\/p>\n<p>Las actuaciones de ambos hechos fueron remitidas a la U.F.I N\u00b03 a cargo del Dr Illanez.<\/p>\n<p>De esta manera la Polic\u00eda Comunal con participaci\u00f3n de la Local, en un r\u00e1pido actuar y conforme a los distintos protocolos que son parte de su cotidiano accionar pudo dar respuesta a los vecinos que fueron parte de los il\u00edcitos mencionados.<\/p>\n<p>Consultaros, tanto el intendente municipal Juan Ustarroz como la secretar\u00eda de Control Urbano manifestaron su satisfacci\u00f3n y felicitaron el accionar de la Polic\u00eda Comunal a cargo del Comisario Sergio Macedo.<\/p>\n<p>&nbsp;<\/p>\n<p>Fuente: Prensa Municipal<\/p>\n","protected":false},"excerpt":{"rendered":"<p>La Polic\u00eda Comunal de nuestra ciudad actu\u00f3 r\u00e1pidamente en dos hechos sobre los cuales fue requerido permitiendo detener a sus &#8230; <a title=\"Detenciones tras accionar policial\" class=\"read-more\" href=\"https:\/\/www.hoymercedes.com.ar\/principal\/2016\/11\/16\/detenciones-tras-accionar-policial\/\" aria-label=\"Leer m\u00e1s sobre Detenciones tras accionar policial\">Leer m\u00e1s<\/a><\/p>\n","protected":false},"author":1,"featured_media":40661,"comment_status":"closed","ping_status":"open","sticky":false,"template":"","format":"standard","meta":{"_monsterinsights_skip_tracking":false,"_monsterinsights_sitenote_active":false,"_monsterinsights_sitenote_note":"","_monsterinsights_sitenote_category":0,"jetpack_post_was_ever_published":false,"_jetpack_newsletter_access":"","_jetpack_dont_email_post_to_subs":false,"_jetpack_newsletter_tier_id":0,"_jetpack_memberships_contains_paywalled_content":false,"_jetpack_memberships_contains_paid_content":false,"footnotes":"","jetpack_publicize_message":"","jetpack_publicize_feature_enabled":true,"jetpack_social_post_already_shared":true,"jetpack_social_options":{"image_generator_settings":{"template":"highway","default_image_id":0,"font":"","enabled":false},"version":2},"_wpas_customize_per_network":false},"categories":[85],"tags":[10232,215,96,1793],"class_list":["post-57125","post","type-post","status-publish","format-standard","has-post-thumbnail","hentry","category-policial","tag-accionar","tag-detenciones","tag-policial-2","tag-robos","generate-columns","tablet-grid-50","mobile-grid-100","grid-parent","grid-50"],"jetpack_publicize_connections":[],"jetpack_featured_media_url":"https:\/\/www.hoymercedes.com.ar\/principal\/wp-content\/uploads\/2015\/04\/policiabonaerense.jpg","wps_subtitle":"Polic\u00eda Comunal","jetpack_sharing_enabled":true,"_links":{"self":[{"href":"https:\/\/www.hoymercedes.com.ar\/principal\/wp-json\/wp\/v2\/posts\/57125","targetHints":{"allow":["GET"]}}],"collection":[{"href":"https:\/\/www.hoymercedes.com.ar\/principal\/wp-json\/wp\/v2\/posts"}],"about":[{"href":"https:\/\/www.hoymercedes.com.ar\/principal\/wp-json\/wp\/v2\/types\/post"}],"author":[{"embeddable":true,"href":"https:\/\/www.hoymercedes.com.ar\/principal\/wp-json\/wp\/v2\/users\/1"}],"replies":[{"embeddable":true,"href":"https:\/\/www.hoymercedes.com.ar\/principal\/wp-json\/wp\/v2\/comments?post=57125"}],"version-history":[{"count":0,"href":"https:\/\/www.hoymercedes.com.ar\/principal\/wp-json\/wp\/v2\/posts\/57125\/revisions"}],"wp:featuredmedia":[{"embeddable":true,"href":"https:\/\/www.hoymercedes.com.ar\/principal\/wp-json\/wp\/v2\/media\/40661"}],"wp:attachment":[{"href":"https:\/\/www.hoymercedes.com.ar\/principal\/wp-json\/wp\/v2\/media?parent=57125"}],"wp:term":[{"taxonomy":"category","embeddable":true,"href":"https:\/\/www.hoymercedes.com.ar\/principal\/wp-json\/wp\/v2\/categories?post=57125"},{"taxonomy":"post_tag","embeddable":true,"href":"https:\/\/www.hoymercedes.com.ar\/principal\/wp-json\/wp\/v2\/tags?post=57125"}],"curies":[{"name":"wp","href":"https:\/\/api.w.org\/{rel}","templated":true}]}}