{"id":57138,"date":"2016-11-17T08:53:47","date_gmt":"2016-11-17T11:53:47","guid":{"rendered":"http:\/\/www.hoymercedes.com.ar\/principal\/?p=57138"},"modified":"2016-11-17T10:03:42","modified_gmt":"2016-11-17T13:03:42","slug":"compactaron-y-destruyeron-autos-y-motos-retenidas-los-ultimos-anos","status":"publish","type":"post","link":"https:\/\/www.hoymercedes.com.ar\/principal\/2016\/11\/17\/compactaron-y-destruyeron-autos-y-motos-retenidas-los-ultimos-anos\/","title":{"rendered":"Compactaron y destruyeron autos y motos retenidas los \u00faltimos a\u00f1os"},"content":{"rendered":"<p>Una jornada hist\u00f3rica se vivi\u00f3 en nuestra ciudad durante \u00e9ste mi\u00e9rcoles con la primera compactaci\u00f3n de chatarra y tratamiento de motos y veh\u00edculos fuera de circulaci\u00f3n que se realiz\u00f3 en la regi\u00f3n. El intendente Ustarroz encabez\u00f3 el proceso acompa\u00f1ado de la secretaria de Control Urbano, Josefina Kelly y el Juez de Faltas, Mat\u00edas Maresca. Previo al proceso de destrucci\u00f3n que se realiz\u00f3 en el predio del ex Mart\u00edn Rodr\u00edguez hubo una reuni\u00f3n en La Trocha donde se analizaron los alcances de la ley que habilita el procedimiento.<\/p>\n<p><img loading=\"lazy\" decoding=\"async\" data-attachment-id=\"57139\" data-permalink=\"https:\/\/www.hoymercedes.com.ar\/principal\/2016\/11\/17\/compactaron-y-destruyeron-autos-y-motos-retenidas-los-ultimos-anos\/17-compactacion-2\/#main\" data-orig-file=\"https:\/\/www.hoymercedes.com.ar\/principal\/wp-content\/uploads\/2016\/11\/17-compactacion-2.jpg\" data-orig-size=\"630,354\" data-comments-opened=\"0\" data-image-meta=\"{&quot;aperture&quot;:&quot;0&quot;,&quot;credit&quot;:&quot;&quot;,&quot;camera&quot;:&quot;&quot;,&quot;caption&quot;:&quot;&quot;,&quot;created_timestamp&quot;:&quot;0&quot;,&quot;copyright&quot;:&quot;&quot;,&quot;focal_length&quot;:&quot;0&quot;,&quot;iso&quot;:&quot;0&quot;,&quot;shutter_speed&quot;:&quot;0&quot;,&quot;title&quot;:&quot;&quot;,&quot;orientation&quot;:&quot;0&quot;}\" data-image-title=\"17-compactacion-2\" data-image-description=\"\" data-image-caption=\"\" data-large-file=\"https:\/\/www.hoymercedes.com.ar\/principal\/wp-content\/uploads\/2016\/11\/17-compactacion-2.jpg\" class=\"aligncenter size-medium wp-image-57139\" src=\"https:\/\/www.hoymercedes.com.ar\/principal\/wp-content\/uploads\/2016\/11\/17-compactacion-2-630x354.jpg\" alt=\"17-compactacion-2\" width=\"630\" height=\"354\" srcset=\"https:\/\/www.hoymercedes.com.ar\/principal\/wp-content\/uploads\/2016\/11\/17-compactacion-2.jpg 630w, https:\/\/www.hoymercedes.com.ar\/principal\/wp-content\/uploads\/2016\/11\/17-compactacion-2-150x84.jpg 150w\" sizes=\"auto, (max-width: 630px) 100vw, 630px\" \/><\/p>\n<p>\u201cEs la primera compactaci\u00f3n que vamos a realizar en la ciudad y entendemos es un hecho trascendental, muy importante, con una perspectiva que se enmarca en pensar en un ambiente sustentable, adem\u00e1s de dar cumplimiento a la ley y nuestras normativas internas\u201d, afirm\u00f3 el primer mandatario local Juan Ignacio Ustarroz \u201cquiero agradecer a los funcionarios nacionales, de ciudades vecinas y a los trabajadores que est\u00e1n presentes y han trabajado para esta jornada de compactaci\u00f3n de centenares de motos, veh\u00edculos y chatarras\u201d afirm\u00f3.<\/p>\n<p>En el encuentro que tuvo distintos momentos, hubo una instancia informativa brindada por integrantes del Ministerio de Seguridad quienes narraron detalles legales y de procedimientos. Ellos fueron Valeria Caricatti, Diego Casullo y Damian Ravozo.<\/p>\n<p>La responsable de Control Urbano destac\u00f3 que son ocho los predios que albergan las motos y autos secuestrados por la Municipalidad. Veh\u00edculos que, de acuerdo a las \u00f3rdenes del Intendente Ustarroz y a la colaboraci\u00f3n con los Juzgados de Faltas, son y ser\u00e1n parte de un proceso de \u201cdescontaminaci\u00f3n ambiental\u201d con el fin de compactar y convertirlos en chatarra cuya venta ser\u00e1 destinada a organismos de bien p\u00fablico y solidarios.<\/p>\n<p>Tambi\u00e9n estuvieron el Director de Seguridad Esteban Rossi y la Sub Secretaria de Control Urbano, Clara Zunino, entre otros representantes de la Comuna.<\/p>\n<p><img loading=\"lazy\" decoding=\"async\" data-attachment-id=\"57140\" data-permalink=\"https:\/\/www.hoymercedes.com.ar\/principal\/2016\/11\/17\/compactaron-y-destruyeron-autos-y-motos-retenidas-los-ultimos-anos\/17-compactacion-1\/#main\" data-orig-file=\"https:\/\/www.hoymercedes.com.ar\/principal\/wp-content\/uploads\/2016\/11\/17-compactaci\u00f3n-1.jpg\" data-orig-size=\"630,419\" data-comments-opened=\"0\" data-image-meta=\"{&quot;aperture&quot;:&quot;4&quot;,&quot;credit&quot;:&quot;???????????????????&quot;,&quot;camera&quot;:&quot;&quot;,&quot;caption&quot;:&quot;????????????????????????????????????&quot;,&quot;created_timestamp&quot;:&quot;0&quot;,&quot;copyright&quot;:&quot;Sebastian Ambrossio_&quot;,&quot;focal_length&quot;:&quot;32&quot;,&quot;iso&quot;:&quot;0&quot;,&quot;shutter_speed&quot;:&quot;0.001&quot;,&quot;title&quot;:&quot;&quot;,&quot;orientation&quot;:&quot;1&quot;}\" data-image-title=\"17-compactacion-1\" data-image-description=\"\" data-image-caption=\"\" data-large-file=\"https:\/\/www.hoymercedes.com.ar\/principal\/wp-content\/uploads\/2016\/11\/17-compactaci\u00f3n-1.jpg\" class=\"aligncenter wp-image-57140 size-medium\" src=\"https:\/\/www.hoymercedes.com.ar\/principal\/wp-content\/uploads\/2016\/11\/17-compactaci\u00f3n-1-630x419.jpg\" width=\"630\" height=\"419\" srcset=\"https:\/\/www.hoymercedes.com.ar\/principal\/wp-content\/uploads\/2016\/11\/17-compactaci\u00f3n-1.jpg 630w, https:\/\/www.hoymercedes.com.ar\/principal\/wp-content\/uploads\/2016\/11\/17-compactaci\u00f3n-1-150x100.jpg 150w, https:\/\/www.hoymercedes.com.ar\/principal\/wp-content\/uploads\/2016\/11\/17-compactaci\u00f3n-1-300x200.jpg 300w\" sizes=\"auto, (max-width: 630px) 100vw, 630px\" \/><\/p>\n<p>Hubo participaci\u00f3n de funcionarios de otras localidades e incluso el intendente de Suipacha quienes se acercaron tras la invitaci\u00f3n de nuestra municipalidad para vivir de cerca lo que fue un acontecimiento \u00fanico en la regi\u00f3n.<\/p>\n<p>Recordemos que todo el proceso de compactaci\u00f3n se dio en el marco de la legalidad, de las ordenanzas locales y de la protecci\u00f3n del medio ambiente, adem\u00e1s del cuidado de la salud de los trabajadores.<\/p>\n<p>Actualmente en nuestra ciudad son ocho los galpones que alojan veh\u00edculos, muchos de ellos ciclomotores, que fueron en distintos momentos secuestrados. Dos de estos est\u00e1n siendo alquilados generando el respectivo gasto a las arcas municipales. Algunas de las motos ten\u00edan diez a\u00f1os de alojamiento generando la contaminaci\u00f3n ambiental l\u00f3gica.<\/p>\n<p><img loading=\"lazy\" decoding=\"async\" data-attachment-id=\"57141\" data-permalink=\"https:\/\/www.hoymercedes.com.ar\/principal\/2016\/11\/17\/compactaron-y-destruyeron-autos-y-motos-retenidas-los-ultimos-anos\/17-compactacion-3\/#main\" data-orig-file=\"https:\/\/www.hoymercedes.com.ar\/principal\/wp-content\/uploads\/2016\/11\/17-compactaci\u00f3n-3.jpg\" data-orig-size=\"630,419\" data-comments-opened=\"0\" data-image-meta=\"{&quot;aperture&quot;:&quot;4&quot;,&quot;credit&quot;:&quot;???????????????????&quot;,&quot;camera&quot;:&quot;&quot;,&quot;caption&quot;:&quot;????????????????????????????????????&quot;,&quot;created_timestamp&quot;:&quot;0&quot;,&quot;copyright&quot;:&quot;Sebastian Ambrossio_&quot;,&quot;focal_length&quot;:&quot;36&quot;,&quot;iso&quot;:&quot;0&quot;,&quot;shutter_speed&quot;:&quot;0.002&quot;,&quot;title&quot;:&quot;&quot;,&quot;orientation&quot;:&quot;1&quot;}\" data-image-title=\"17-compactacion-3\" data-image-description=\"\" data-image-caption=\"\" data-large-file=\"https:\/\/www.hoymercedes.com.ar\/principal\/wp-content\/uploads\/2016\/11\/17-compactaci\u00f3n-3.jpg\" class=\"aligncenter wp-image-57141 size-medium\" src=\"https:\/\/www.hoymercedes.com.ar\/principal\/wp-content\/uploads\/2016\/11\/17-compactaci\u00f3n-3-630x419.jpg\" width=\"630\" height=\"419\" srcset=\"https:\/\/www.hoymercedes.com.ar\/principal\/wp-content\/uploads\/2016\/11\/17-compactaci\u00f3n-3.jpg 630w, https:\/\/www.hoymercedes.com.ar\/principal\/wp-content\/uploads\/2016\/11\/17-compactaci\u00f3n-3-150x100.jpg 150w, https:\/\/www.hoymercedes.com.ar\/principal\/wp-content\/uploads\/2016\/11\/17-compactaci\u00f3n-3-300x200.jpg 300w\" sizes=\"auto, (max-width: 630px) 100vw, 630px\" \/><\/p>\n<p>La compactadora lleg\u00f3 a Mercedes \u00e9ste mi\u00e9rcoles por la ma\u00f1ana, tal como estaba planeado y d\u00edas atr\u00e1s Kelly y Ustarroz hab\u00edan anunciado en la recorrida que hab\u00edan efectuado con los medios de comunicaci\u00f3n por los dep\u00f3sitos, y continuar\u00e1 trabajando al menos dos d\u00edas m\u00e1s, se estima, compactando lo que hay en los galpones, m\u00e1s lo que se encontr\u00f3 en el Corral\u00f3n, la Planta Depuradora y en la v\u00eda p\u00fablica, incluso autom\u00f3viles aportados por la Polic\u00eda Federal que estaban bajo su guarda.<\/p>\n<p>\u201cNosotros entendemos que es el procedimiento correcto, tanto para el medio ambiente como para el cumplimiento de la ley. Es algo nuevo en la ciudad que en el futuro ser\u00e1 normal dado que iniciamos un proceso que continuar\u00e1\u201d sostuvo Ustarroz.<\/p>\n<p>Fuente: Prensa Municipal<\/p>\n","protected":false},"excerpt":{"rendered":"<p>Una jornada hist\u00f3rica se vivi\u00f3 en nuestra ciudad durante \u00e9ste mi\u00e9rcoles con la primera compactaci\u00f3n de chatarra y tratamiento de &#8230; <a title=\"Compactaron y destruyeron autos y motos retenidas los \u00faltimos a\u00f1os\" class=\"read-more\" href=\"https:\/\/www.hoymercedes.com.ar\/principal\/2016\/11\/17\/compactaron-y-destruyeron-autos-y-motos-retenidas-los-ultimos-anos\/\" aria-label=\"Leer m\u00e1s sobre Compactaron y destruyeron autos y motos retenidas los \u00faltimos a\u00f1os\">Leer m\u00e1s<\/a><\/p>\n","protected":false},"author":1,"featured_media":57141,"comment_status":"closed","ping_status":"open","sticky":false,"template":"","format":"standard","meta":{"_monsterinsights_skip_tracking":false,"_monsterinsights_sitenote_active":false,"_monsterinsights_sitenote_note":"","_monsterinsights_sitenote_category":0,"jetpack_post_was_ever_published":false,"_jetpack_newsletter_access":"","_jetpack_dont_email_post_to_subs":false,"_jetpack_newsletter_tier_id":0,"_jetpack_memberships_contains_paywalled_content":false,"_jetpack_memberships_contains_paid_content":false,"footnotes":"","jetpack_publicize_message":"","jetpack_publicize_feature_enabled":true,"jetpack_social_post_already_shared":true,"jetpack_social_options":{"image_generator_settings":{"template":"highway","default_image_id":0,"font":"","enabled":false},"version":2},"_wpas_customize_per_network":false},"categories":[30],"tags":[1624,10198,1616,1629,1623,244],"class_list":["post-57138","post","type-post","status-publish","format-standard","has-post-thumbnail","hentry","category-municipio","tag-autos","tag-compactacion","tag-control-urbano","tag-juzgado-de-faltas","tag-motos","tag-municipio-2","generate-columns","tablet-grid-50","mobile-grid-100","grid-parent","grid-50"],"jetpack_publicize_connections":[],"jetpack_featured_media_url":"https:\/\/www.hoymercedes.com.ar\/principal\/wp-content\/uploads\/2016\/11\/17-compactaci\u00f3n-3.jpg","wps_subtitle":"Alcances de la ley y la ordenanza","jetpack_sharing_enabled":true,"_links":{"self":[{"href":"https:\/\/www.hoymercedes.com.ar\/principal\/wp-json\/wp\/v2\/posts\/57138","targetHints":{"allow":["GET"]}}],"collection":[{"href":"https:\/\/www.hoymercedes.com.ar\/principal\/wp-json\/wp\/v2\/posts"}],"about":[{"href":"https:\/\/www.hoymercedes.com.ar\/principal\/wp-json\/wp\/v2\/types\/post"}],"author":[{"embeddable":true,"href":"https:\/\/www.hoymercedes.com.ar\/principal\/wp-json\/wp\/v2\/users\/1"}],"replies":[{"embeddable":true,"href":"https:\/\/www.hoymercedes.com.ar\/principal\/wp-json\/wp\/v2\/comments?post=57138"}],"version-history":[{"count":0,"href":"https:\/\/www.hoymercedes.com.ar\/principal\/wp-json\/wp\/v2\/posts\/57138\/revisions"}],"wp:featuredmedia":[{"embeddable":true,"href":"https:\/\/www.hoymercedes.com.ar\/principal\/wp-json\/wp\/v2\/media\/57141"}],"wp:attachment":[{"href":"https:\/\/www.hoymercedes.com.ar\/principal\/wp-json\/wp\/v2\/media?parent=57138"}],"wp:term":[{"taxonomy":"category","embeddable":true,"href":"https:\/\/www.hoymercedes.com.ar\/principal\/wp-json\/wp\/v2\/categories?post=57138"},{"taxonomy":"post_tag","embeddable":true,"href":"https:\/\/www.hoymercedes.com.ar\/principal\/wp-json\/wp\/v2\/tags?post=57138"}],"curies":[{"name":"wp","href":"https:\/\/api.w.org\/{rel}","templated":true}]}}