{"id":5722,"date":"2011-07-22T02:53:22","date_gmt":"2011-07-22T02:53:22","guid":{"rendered":"http:\/\/www.hoymercedes.com.ar\/principal\/?p=5722"},"modified":"2011-07-22T02:53:22","modified_gmt":"2011-07-22T02:53:22","slug":"son-algo-mas-de-49-500-los-vecinos-habilitados-para-votar-el-14-de-agosto","status":"publish","type":"post","link":"https:\/\/www.hoymercedes.com.ar\/principal\/2011\/07\/22\/son-algo-mas-de-49-500-los-vecinos-habilitados-para-votar-el-14-de-agosto\/","title":{"rendered":"Son algo m\u00e1s de 49.500 los vecinos habilitados para votar el 14 de agosto"},"content":{"rendered":"<p>Este a\u00f1o las mesas no se encuentran divididas en masculinas y femeninas. Los padrones son mixtos y se respeta el orden alfab\u00e9tico. En total se habilitaran, con la de extranjeros, 145 mesas receptoras de votos. Los lugares para el 14 de agosto ser\u00e1n los mismos para cada vecino para el 23 de octubre<\/p>\n<p>Voceros de la Municipalidad vinculados con las elecciones primarias que se llevar\u00e1n a cabo el 14 del pr\u00f3ximo mes, dieron a conocer algunos detalles que son realmente de inter\u00e9s con la cantidad de electores que en definitiva tiene nuestra ciudad, la cantidad de mesas receptoras de votos que se instalar\u00e1n, las modificaciones que este a\u00f1o se implementar\u00e1n ya que no habr\u00e1 m\u00e1s mesas masculinas separadas de las femeninas sino que el padr\u00f3n es mixto y por abecedario.<\/p>\n<p>Concretamente expresaron \u201cfinalmente hemos recibido el padr\u00f3n definitivo de nuestra ciudad para las elecciones primarias de 14 de agosto con una muestra de la documentaci\u00f3n que vendr\u00e1n en el interior de las urnas que deber\u00e1 ser completada una vez que concluya el escrutinio en cada una de las mesas anticip\u00e1ndoles desde ya que si bien no es una tarea complicada, poder llenar los diferentes formularios llevar\u00e1 un tiempo adicional al que habitualmente se emplea en cualquier otra elecciones legislativas o para cargos de gobierno.<\/p>\n<p>Este se debe especialmente a lo que se debe demorar con aquellos partidos que dentro de la interna simultanea nacional tengan a su vez su propia interna partidaria permiti\u00e9ndose de acuerdo al modelo de formulario que recibimos hasta tres listas diferentes por cada partido, entonces a las planillas hay que volcar en primer t\u00e9rmino los datos individuales de cada lista partidaria interna y luego la suma final de las tres en el casillero reservado al partido o frente electoral\u201d.<\/p>\n<p>Posteriormente informaron \u201chasta el momento en padr\u00f3n tiene para la ciudad de Mercedes habilitados para poder votar 48 900 pero en el mismo no se encuentra el denominado padr\u00f3n de electores extranjeros que se han inscripto tal como lo estipula la ley vigente para poder sufragar que calculamos est\u00e1n en el orden de los cuatrocientos cincuenta vecinos.<\/p>\n<p>Pero tambi\u00e9n hay que tener en cuenta que deben sumarse a todos aquellos que desde el momento en que se cerraron los padrones hasta el mismo d\u00eda del acto eleccionario cumplen 18 lo cual los habilita autom\u00e1ticamente present\u00e1ndose en cualquier mesa con su documento para que lo incluyan en el padr\u00f3n individual de la misma y le permitan votar por lo cual en mercedes superaremos el n\u00famero de 49 500 electores.<\/p>\n<p>Para este a\u00f1o se deber\u00e1n tener en cuenta algunos detalles que hasta el momento nunca se hab\u00edan presentado, uno de ellos es que no se ha dispuesto la utilizaci\u00f3n del Palacio Municipal para ubicar mesas receptoras, por otra parte ya no se dividen dichas mesas en masculinas y femeninas como antes, ahora son \u00fanicas, es decir por ejemplo que un padre y su hija mujer van a votar en la misma.<\/p>\n<p>Cada mesa, o mejor dicho, cada urna tendr\u00e1 un padr\u00f3n de algo m\u00e1s de 360 electores es decir algo menos que lo ocurrido en las \u00faltimas elecciones del 2009.<\/p>\n<p>La Escuela Normal \u201cJusto Jos\u00e9 de Urquiza ser\u00e1 el establecimiento en el que se instale la mayor cantidad de de mesas, ser\u00e1n doce, y luego el Colegio Nacional con 11 y la Escuela Industrial con nueve\u201d<\/p>\n<p>Por ultimo se estim\u00f3 que para los primeros d\u00edas de agosto comenzar\u00e1n a recibirse en nuestra ciudad las correspondientes notificaciones a aquellas personas que fueron designadas presidentes o vice presidentes de mesa, seguramente con el tiempo necesario para que aquel que pretenda excusarse con dicha obligaci\u00f3n c\u00edvica pueda presentar los certificados necesarios en tiempo y forma ante la Junta Electoral<\/p>\n","protected":false},"excerpt":{"rendered":"<p>Este a\u00f1o las mesas no se encuentran divididas en masculinas y femeninas. Los padrones son mixtos y se respeta el &#8230; <a title=\"Son algo m\u00e1s de 49.500 los vecinos habilitados para votar el 14 de agosto\" class=\"read-more\" href=\"https:\/\/www.hoymercedes.com.ar\/principal\/2011\/07\/22\/son-algo-mas-de-49-500-los-vecinos-habilitados-para-votar-el-14-de-agosto\/\" aria-label=\"Leer m\u00e1s sobre Son algo m\u00e1s de 49.500 los vecinos habilitados para votar el 14 de agosto\">Leer m\u00e1s<\/a><\/p>\n","protected":false},"author":1,"featured_media":0,"comment_status":"open","ping_status":"open","sticky":false,"template":"","format":"standard","meta":{"_monsterinsights_skip_tracking":false,"_monsterinsights_sitenote_active":false,"_monsterinsights_sitenote_note":"","_monsterinsights_sitenote_category":0,"jetpack_post_was_ever_published":false,"_jetpack_newsletter_access":"","_jetpack_dont_email_post_to_subs":false,"_jetpack_newsletter_tier_id":0,"_jetpack_memberships_contains_paywalled_content":false,"_jetpack_memberships_contains_paid_content":false,"footnotes":"","jetpack_publicize_message":"","jetpack_publicize_feature_enabled":true,"jetpack_social_post_already_shared":false,"jetpack_social_options":{"image_generator_settings":{"template":"highway","default_image_id":0,"font":"","enabled":false},"version":2},"_wpas_customize_per_network":false},"categories":[1],"tags":[957,10],"class_list":["post-5722","post","type-post","status-publish","format-standard","hentry","category-opinion","tag-elecciones-2011-2","tag-mercedes","generate-columns","tablet-grid-50","mobile-grid-100","grid-parent","grid-50"],"jetpack_publicize_connections":[],"jetpack_featured_media_url":"","wps_subtitle":"","jetpack_sharing_enabled":true,"_links":{"self":[{"href":"https:\/\/www.hoymercedes.com.ar\/principal\/wp-json\/wp\/v2\/posts\/5722","targetHints":{"allow":["GET"]}}],"collection":[{"href":"https:\/\/www.hoymercedes.com.ar\/principal\/wp-json\/wp\/v2\/posts"}],"about":[{"href":"https:\/\/www.hoymercedes.com.ar\/principal\/wp-json\/wp\/v2\/types\/post"}],"author":[{"embeddable":true,"href":"https:\/\/www.hoymercedes.com.ar\/principal\/wp-json\/wp\/v2\/users\/1"}],"replies":[{"embeddable":true,"href":"https:\/\/www.hoymercedes.com.ar\/principal\/wp-json\/wp\/v2\/comments?post=5722"}],"version-history":[{"count":0,"href":"https:\/\/www.hoymercedes.com.ar\/principal\/wp-json\/wp\/v2\/posts\/5722\/revisions"}],"wp:attachment":[{"href":"https:\/\/www.hoymercedes.com.ar\/principal\/wp-json\/wp\/v2\/media?parent=5722"}],"wp:term":[{"taxonomy":"category","embeddable":true,"href":"https:\/\/www.hoymercedes.com.ar\/principal\/wp-json\/wp\/v2\/categories?post=5722"},{"taxonomy":"post_tag","embeddable":true,"href":"https:\/\/www.hoymercedes.com.ar\/principal\/wp-json\/wp\/v2\/tags?post=5722"}],"curies":[{"name":"wp","href":"https:\/\/api.w.org\/{rel}","templated":true}]}}