{"id":57251,"date":"2016-11-20T09:25:15","date_gmt":"2016-11-20T12:25:15","guid":{"rendered":"http:\/\/www.hoymercedes.com.ar\/principal\/?p=57251"},"modified":"2016-11-20T10:28:35","modified_gmt":"2016-11-20T13:28:35","slug":"proteccion-civil-mercedes-convocado-para-disertar-y-capacitar-en-la-plata","status":"publish","type":"post","link":"https:\/\/www.hoymercedes.com.ar\/principal\/2016\/11\/20\/proteccion-civil-mercedes-convocado-para-disertar-y-capacitar-en-la-plata\/","title":{"rendered":"Protecci\u00f3n Civil Mercedes convocado para disertar y capacitar en La Plata"},"content":{"rendered":"<p>Una vez m\u00e1s la Direcci\u00f3n de Protecci\u00f3n Civil fue parte de una destacada actividad formativa. En esta ocasi\u00f3n estuvieron encargados de llevar a delante el curso de RCP y disertaci\u00f3n para aspirantes a la Polic\u00eda en la Escuela Vucetich. Esteban Chal\u00e1 encabez\u00f3 la acci\u00f3n en la Capital Provincial.<\/p>\n<p>\u201cEfectivamente, el \u00e1rea de Protecci\u00f3n Civil estuvo realizando una capacitaci\u00f3n de Resucitaci\u00f3n Cardio Pulmonar, RCP, en la Escuela Vucetich en la localidad de La Plata para m\u00e1s de 400 futuros polic\u00edas de la Provincia de Buenos Aires pertenecientes a la Divisi\u00f3n de Infanter\u00eda\u201d, sostuvo Esteban Chal\u00e1, responsable del \u00e1rea local.<\/p>\n<p>\u201cEsta tarea la realizamos yendo todos los voluntarios de Mercedes que d\u00eda a d\u00eda trabajamos y fue por medio de un pedido que nos hizo Defensa Civil de la Provincia de Buenos Aires reconociendo la calidad profesional y calidad de nuestros instructores y es por ello que nos pidi\u00f3 que fu\u00e9ramos a disertar y entrenar a los cadetes que se reciben a fin de a\u00f1o\u201d<\/p>\n<p>La actividad muestra una vez m\u00e1s la calidad de personal con el que cuenta en nuestra ciudad y que son personas con destacada calidad formativa, profesional, de visi\u00f3n sobre la tem\u00e1tica y con una responsabilidad en cada uno de sus actos que los coloca en la posici\u00f3n de ser convocador por instancias m\u00e1s all\u00e1 de la frontera local.<\/p>\n<p>&nbsp;<\/p>\n<p>Fuente: Prensa Municipal<\/p>\n<p>&nbsp;<\/p>\n","protected":false},"excerpt":{"rendered":"<p>Una vez m\u00e1s la Direcci\u00f3n de Protecci\u00f3n Civil fue parte de una destacada actividad formativa. En esta ocasi\u00f3n estuvieron encargados &#8230; <a title=\"Protecci\u00f3n Civil Mercedes convocado para disertar y capacitar en La Plata\" class=\"read-more\" href=\"https:\/\/www.hoymercedes.com.ar\/principal\/2016\/11\/20\/proteccion-civil-mercedes-convocado-para-disertar-y-capacitar-en-la-plata\/\" aria-label=\"Leer m\u00e1s sobre Protecci\u00f3n Civil Mercedes convocado para disertar y capacitar en La Plata\">Leer m\u00e1s<\/a><\/p>\n","protected":false},"author":1,"featured_media":57255,"comment_status":"closed","ping_status":"open","sticky":false,"template":"","format":"standard","meta":{"_monsterinsights_skip_tracking":false,"_monsterinsights_sitenote_active":false,"_monsterinsights_sitenote_note":"","_monsterinsights_sitenote_category":0,"jetpack_post_was_ever_published":false,"_jetpack_newsletter_access":"","_jetpack_dont_email_post_to_subs":false,"_jetpack_newsletter_tier_id":0,"_jetpack_memberships_contains_paywalled_content":false,"_jetpack_memberships_contains_paid_content":false,"footnotes":"","jetpack_publicize_message":"","jetpack_publicize_feature_enabled":true,"jetpack_social_post_already_shared":true,"jetpack_social_options":{"image_generator_settings":{"template":"highway","default_image_id":0,"font":"","enabled":false},"version":2},"_wpas_customize_per_network":false},"categories":[30],"tags":[8656,244,9122],"class_list":["post-57251","post","type-post","status-publish","format-standard","has-post-thumbnail","hentry","category-municipio","tag-capacitacion","tag-municipio-2","tag-proteccion-civil","generate-columns","tablet-grid-50","mobile-grid-100","grid-parent","grid-50"],"jetpack_publicize_connections":[],"jetpack_featured_media_url":"https:\/\/www.hoymercedes.com.ar\/principal\/wp-content\/uploads\/2016\/11\/20-protecci\u00f3n-civil.jpg","wps_subtitle":"Protecci\u00f3n Civil en La Plata","jetpack_sharing_enabled":true,"_links":{"self":[{"href":"https:\/\/www.hoymercedes.com.ar\/principal\/wp-json\/wp\/v2\/posts\/57251","targetHints":{"allow":["GET"]}}],"collection":[{"href":"https:\/\/www.hoymercedes.com.ar\/principal\/wp-json\/wp\/v2\/posts"}],"about":[{"href":"https:\/\/www.hoymercedes.com.ar\/principal\/wp-json\/wp\/v2\/types\/post"}],"author":[{"embeddable":true,"href":"https:\/\/www.hoymercedes.com.ar\/principal\/wp-json\/wp\/v2\/users\/1"}],"replies":[{"embeddable":true,"href":"https:\/\/www.hoymercedes.com.ar\/principal\/wp-json\/wp\/v2\/comments?post=57251"}],"version-history":[{"count":0,"href":"https:\/\/www.hoymercedes.com.ar\/principal\/wp-json\/wp\/v2\/posts\/57251\/revisions"}],"wp:featuredmedia":[{"embeddable":true,"href":"https:\/\/www.hoymercedes.com.ar\/principal\/wp-json\/wp\/v2\/media\/57255"}],"wp:attachment":[{"href":"https:\/\/www.hoymercedes.com.ar\/principal\/wp-json\/wp\/v2\/media?parent=57251"}],"wp:term":[{"taxonomy":"category","embeddable":true,"href":"https:\/\/www.hoymercedes.com.ar\/principal\/wp-json\/wp\/v2\/categories?post=57251"},{"taxonomy":"post_tag","embeddable":true,"href":"https:\/\/www.hoymercedes.com.ar\/principal\/wp-json\/wp\/v2\/tags?post=57251"}],"curies":[{"name":"wp","href":"https:\/\/api.w.org\/{rel}","templated":true}]}}