{"id":57280,"date":"2016-11-21T16:15:59","date_gmt":"2016-11-21T19:15:59","guid":{"rendered":"http:\/\/www.hoymercedes.com.ar\/principal\/?p=57280"},"modified":"2016-11-21T15:49:54","modified_gmt":"2016-11-21T18:49:54","slug":"olimpiadas-judiciales-gran-actuacion-de-la-departamental-mercedes","status":"publish","type":"post","link":"https:\/\/www.hoymercedes.com.ar\/principal\/2016\/11\/21\/olimpiadas-judiciales-gran-actuacion-de-la-departamental-mercedes\/","title":{"rendered":"Olimpiadas Judiciales: Gran actuaci\u00f3n de la Departamental Mercedes"},"content":{"rendered":"<p><em><strong>En esta edici\u00f3n ol\u00edmpica, la Departamental Mercedina fue una de las que m\u00e1s medallas obtuvo entre las 19 delegaciones que participaron de la competencia.\u00a0 Los Juegos llevaron el nombre del mercedino Rub\u00e9n Maldonado, en homenaje al primer aniversario de su fallecimiento.<\/strong><\/em><\/p>\n<p><img loading=\"lazy\" decoding=\"async\" data-attachment-id=\"57285\" data-permalink=\"https:\/\/www.hoymercedes.com.ar\/principal\/2016\/11\/21\/olimpiadas-judiciales-gran-actuacion-de-la-departamental-mercedes\/futbol-plata\/#main\" data-orig-file=\"https:\/\/www.hoymercedes.com.ar\/principal\/wp-content\/uploads\/2016\/11\/F\u00fatbol-Plata.jpg\" data-orig-size=\"1280,720\" data-comments-opened=\"0\" data-image-meta=\"{&quot;aperture&quot;:&quot;0&quot;,&quot;credit&quot;:&quot;&quot;,&quot;camera&quot;:&quot;&quot;,&quot;caption&quot;:&quot;&quot;,&quot;created_timestamp&quot;:&quot;0&quot;,&quot;copyright&quot;:&quot;&quot;,&quot;focal_length&quot;:&quot;0&quot;,&quot;iso&quot;:&quot;0&quot;,&quot;shutter_speed&quot;:&quot;0&quot;,&quot;title&quot;:&quot;&quot;,&quot;orientation&quot;:&quot;0&quot;}\" data-image-title=\"futbol-plata\" data-image-description=\"\" data-image-caption=\"\" data-large-file=\"https:\/\/www.hoymercedes.com.ar\/principal\/wp-content\/uploads\/2016\/11\/F\u00fatbol-Plata-1024x576.jpg\" class=\"aligncenter size-medium wp-image-57285\" src=\"https:\/\/www.hoymercedes.com.ar\/principal\/wp-content\/uploads\/2016\/11\/F\u00fatbol-Plata-630x354.jpg\" alt=\"futbol-plata\" width=\"630\" height=\"354\" srcset=\"https:\/\/www.hoymercedes.com.ar\/principal\/wp-content\/uploads\/2016\/11\/F\u00fatbol-Plata-630x354.jpg 630w, https:\/\/www.hoymercedes.com.ar\/principal\/wp-content\/uploads\/2016\/11\/F\u00fatbol-Plata-150x84.jpg 150w, https:\/\/www.hoymercedes.com.ar\/principal\/wp-content\/uploads\/2016\/11\/F\u00fatbol-Plata-1024x576.jpg 1024w, https:\/\/www.hoymercedes.com.ar\/principal\/wp-content\/uploads\/2016\/11\/F\u00fatbol-Plata.jpg 1280w\" sizes=\"auto, (max-width: 630px) 100vw, 630px\" \/><\/p>\n<p>Durante el fin de semana se vivi\u00f3 una semana a puro deporte en las la XIX edici\u00f3n de las Olimp\u00edadas Judiciales Bonaerenses disputadas en la localidad de Miramar. El pasado jueves comenz\u00f3 la jornada para la Delegaci\u00f3n Mercedes cuando alrededor de un centenar de trabajadores judiciales mercedinos -entre ellos deportistas, acompa\u00f1antes y organizadores- partieron rumbo a la localidad balnearia.<\/p>\n<p><img loading=\"lazy\" decoding=\"async\" data-attachment-id=\"57288\" data-permalink=\"https:\/\/www.hoymercedes.com.ar\/principal\/2016\/11\/21\/olimpiadas-judiciales-gran-actuacion-de-la-departamental-mercedes\/voley-fem-bronce\/#main\" data-orig-file=\"https:\/\/www.hoymercedes.com.ar\/principal\/wp-content\/uploads\/2016\/11\/Voley-Fem.Bronce.jpg\" data-orig-size=\"1280,960\" data-comments-opened=\"0\" data-image-meta=\"{&quot;aperture&quot;:&quot;0&quot;,&quot;credit&quot;:&quot;&quot;,&quot;camera&quot;:&quot;&quot;,&quot;caption&quot;:&quot;&quot;,&quot;created_timestamp&quot;:&quot;0&quot;,&quot;copyright&quot;:&quot;&quot;,&quot;focal_length&quot;:&quot;0&quot;,&quot;iso&quot;:&quot;0&quot;,&quot;shutter_speed&quot;:&quot;0&quot;,&quot;title&quot;:&quot;&quot;,&quot;orientation&quot;:&quot;1&quot;}\" data-image-title=\"voley-fem-bronce\" data-image-description=\"\" data-image-caption=\"\" data-large-file=\"https:\/\/www.hoymercedes.com.ar\/principal\/wp-content\/uploads\/2016\/11\/Voley-Fem.Bronce-1024x768.jpg\" class=\"aligncenter size-medium wp-image-57288\" src=\"https:\/\/www.hoymercedes.com.ar\/principal\/wp-content\/uploads\/2016\/11\/Voley-Fem.Bronce-630x473.jpg\" alt=\"voley-fem-bronce\" width=\"630\" height=\"473\" srcset=\"https:\/\/www.hoymercedes.com.ar\/principal\/wp-content\/uploads\/2016\/11\/Voley-Fem.Bronce-630x473.jpg 630w, https:\/\/www.hoymercedes.com.ar\/principal\/wp-content\/uploads\/2016\/11\/Voley-Fem.Bronce-150x113.jpg 150w, https:\/\/www.hoymercedes.com.ar\/principal\/wp-content\/uploads\/2016\/11\/Voley-Fem.Bronce-1024x768.jpg 1024w, https:\/\/www.hoymercedes.com.ar\/principal\/wp-content\/uploads\/2016\/11\/Voley-Fem.Bronce.jpg 1280w\" sizes=\"auto, (max-width: 630px) 100vw, 630px\" \/><\/p>\n<p>Para destacar que en este a\u00f1o, entre las 19 delegaciones que participaron de la competencia, la Departamental Mercedes fue una de las que obtuvo mayor cantidad de medallas. De esta manera alcanz\u00f3 un mejor performance que a\u00f1os anteriores, ya que los judiciales mercedinos quedaron entre los primeros cinco en el orden del podio final.<\/p>\n<p><img loading=\"lazy\" decoding=\"async\" data-attachment-id=\"57287\" data-permalink=\"https:\/\/www.hoymercedes.com.ar\/principal\/2016\/11\/21\/olimpiadas-judiciales-gran-actuacion-de-la-departamental-mercedes\/fut-fem-premio\/#main\" data-orig-file=\"https:\/\/www.hoymercedes.com.ar\/principal\/wp-content\/uploads\/2016\/11\/Fut.-Fem.-Premio.jpg\" data-orig-size=\"1032,581\" data-comments-opened=\"0\" data-image-meta=\"{&quot;aperture&quot;:&quot;0&quot;,&quot;credit&quot;:&quot;&quot;,&quot;camera&quot;:&quot;&quot;,&quot;caption&quot;:&quot;&quot;,&quot;created_timestamp&quot;:&quot;0&quot;,&quot;copyright&quot;:&quot;&quot;,&quot;focal_length&quot;:&quot;0&quot;,&quot;iso&quot;:&quot;0&quot;,&quot;shutter_speed&quot;:&quot;0&quot;,&quot;title&quot;:&quot;&quot;,&quot;orientation&quot;:&quot;0&quot;}\" data-image-title=\"fut-fem-premio\" data-image-description=\"\" data-image-caption=\"\" data-large-file=\"https:\/\/www.hoymercedes.com.ar\/principal\/wp-content\/uploads\/2016\/11\/Fut.-Fem.-Premio-1024x576.jpg\" class=\"aligncenter size-medium wp-image-57287\" src=\"https:\/\/www.hoymercedes.com.ar\/principal\/wp-content\/uploads\/2016\/11\/Fut.-Fem.-Premio-630x355.jpg\" alt=\"fut-fem-premio\" width=\"630\" height=\"355\" srcset=\"https:\/\/www.hoymercedes.com.ar\/principal\/wp-content\/uploads\/2016\/11\/Fut.-Fem.-Premio-630x355.jpg 630w, https:\/\/www.hoymercedes.com.ar\/principal\/wp-content\/uploads\/2016\/11\/Fut.-Fem.-Premio-150x84.jpg 150w, https:\/\/www.hoymercedes.com.ar\/principal\/wp-content\/uploads\/2016\/11\/Fut.-Fem.-Premio-1024x576.jpg 1024w, https:\/\/www.hoymercedes.com.ar\/principal\/wp-content\/uploads\/2016\/11\/Fut.-Fem.-Premio.jpg 1032w\" sizes=\"auto, (max-width: 630px) 100vw, 630px\" \/><\/p>\n<p>Entre las disciplinas que disputaron los deportistas judiciales por primera vez se conquistaron los siguientes logros: hockey femenino (oro); f\u00fatbol femenino (plata), Ping pong (bronce), Tenis criollo (oro) y V\u00f3ley playa mixto (oro). Semejantes m\u00e9ritos habla del excelente nivel alcanzado por los deportistas que representan a la departamental mercedina.<\/p>\n<p><img loading=\"lazy\" decoding=\"async\" data-attachment-id=\"57286\" data-permalink=\"https:\/\/www.hoymercedes.com.ar\/principal\/2016\/11\/21\/olimpiadas-judiciales-gran-actuacion-de-la-departamental-mercedes\/futbol-fem-plata\/#main\" data-orig-file=\"https:\/\/www.hoymercedes.com.ar\/principal\/wp-content\/uploads\/2016\/11\/Futbol-Fem.-Plata.jpg\" data-orig-size=\"1280,720\" data-comments-opened=\"0\" data-image-meta=\"{&quot;aperture&quot;:&quot;0&quot;,&quot;credit&quot;:&quot;&quot;,&quot;camera&quot;:&quot;&quot;,&quot;caption&quot;:&quot;&quot;,&quot;created_timestamp&quot;:&quot;0&quot;,&quot;copyright&quot;:&quot;&quot;,&quot;focal_length&quot;:&quot;0&quot;,&quot;iso&quot;:&quot;0&quot;,&quot;shutter_speed&quot;:&quot;0&quot;,&quot;title&quot;:&quot;&quot;,&quot;orientation&quot;:&quot;0&quot;}\" data-image-title=\"futbol-fem-plata\" data-image-description=\"\" data-image-caption=\"\" data-large-file=\"https:\/\/www.hoymercedes.com.ar\/principal\/wp-content\/uploads\/2016\/11\/Futbol-Fem.-Plata-1024x576.jpg\" class=\"aligncenter size-medium wp-image-57286\" src=\"https:\/\/www.hoymercedes.com.ar\/principal\/wp-content\/uploads\/2016\/11\/Futbol-Fem.-Plata-630x354.jpg\" alt=\"futbol-fem-plata\" width=\"630\" height=\"354\" srcset=\"https:\/\/www.hoymercedes.com.ar\/principal\/wp-content\/uploads\/2016\/11\/Futbol-Fem.-Plata-630x354.jpg 630w, https:\/\/www.hoymercedes.com.ar\/principal\/wp-content\/uploads\/2016\/11\/Futbol-Fem.-Plata-150x84.jpg 150w, https:\/\/www.hoymercedes.com.ar\/principal\/wp-content\/uploads\/2016\/11\/Futbol-Fem.-Plata-1024x576.jpg 1024w, https:\/\/www.hoymercedes.com.ar\/principal\/wp-content\/uploads\/2016\/11\/Futbol-Fem.-Plata.jpg 1280w\" sizes=\"auto, (max-width: 630px) 100vw, 630px\" \/><\/p>\n<p>En esta oportunidad f\u00fatbol 11, que se puede considerar como una de las disciplinas m\u00e1s atractivas de todas, mercedes cumpli\u00f3 con creces y sigue vigente ya que como de costumbre lleg\u00f3 a las finales, logrando la medalla de plata, luego de una gran actuaci\u00f3n.<\/p>\n<p><img loading=\"lazy\" decoding=\"async\" data-attachment-id=\"57284\" data-permalink=\"https:\/\/www.hoymercedes.com.ar\/principal\/2016\/11\/21\/olimpiadas-judiciales-gran-actuacion-de-la-departamental-mercedes\/voley-playa-mixto-oro\/#main\" data-orig-file=\"https:\/\/www.hoymercedes.com.ar\/principal\/wp-content\/uploads\/2016\/11\/Voley-Playa-Mixto-Oro.jpg\" data-orig-size=\"1280,960\" data-comments-opened=\"0\" data-image-meta=\"{&quot;aperture&quot;:&quot;0&quot;,&quot;credit&quot;:&quot;&quot;,&quot;camera&quot;:&quot;&quot;,&quot;caption&quot;:&quot;&quot;,&quot;created_timestamp&quot;:&quot;0&quot;,&quot;copyright&quot;:&quot;&quot;,&quot;focal_length&quot;:&quot;0&quot;,&quot;iso&quot;:&quot;0&quot;,&quot;shutter_speed&quot;:&quot;0&quot;,&quot;title&quot;:&quot;&quot;,&quot;orientation&quot;:&quot;0&quot;}\" data-image-title=\"voley-playa-mixto-oro\" data-image-description=\"\" data-image-caption=\"\" data-large-file=\"https:\/\/www.hoymercedes.com.ar\/principal\/wp-content\/uploads\/2016\/11\/Voley-Playa-Mixto-Oro-1024x768.jpg\" class=\"aligncenter size-medium wp-image-57284\" src=\"https:\/\/www.hoymercedes.com.ar\/principal\/wp-content\/uploads\/2016\/11\/Voley-Playa-Mixto-Oro-630x473.jpg\" alt=\"voley-playa-mixto-oro\" width=\"630\" height=\"473\" srcset=\"https:\/\/www.hoymercedes.com.ar\/principal\/wp-content\/uploads\/2016\/11\/Voley-Playa-Mixto-Oro-630x473.jpg 630w, https:\/\/www.hoymercedes.com.ar\/principal\/wp-content\/uploads\/2016\/11\/Voley-Playa-Mixto-Oro-150x113.jpg 150w, https:\/\/www.hoymercedes.com.ar\/principal\/wp-content\/uploads\/2016\/11\/Voley-Playa-Mixto-Oro-1024x768.jpg 1024w, https:\/\/www.hoymercedes.com.ar\/principal\/wp-content\/uploads\/2016\/11\/Voley-Playa-Mixto-Oro.jpg 1280w\" sizes=\"auto, (max-width: 630px) 100vw, 630px\" \/><\/p>\n<p>Tambi\u00e9n es para subrayar la espl\u00e9ndida labor de los deportistas abocados a nataci\u00f3n ya que se lograron conquistar dos medallas: una de bronce y una de plata. Asimismo, los corredores en la competencia de marat\u00f3n, que se disput\u00f3 el domingo por la ma\u00f1ana, los atletas locales obtuvieron importantes logros.<\/p>\n<p>Fue una muy buena jornada deportiva para la Departamental Mercedina donde se pudo observar la gran labor colectiva en las competencias grupales, ya que sin dudas fue una de las mejores de los \u00faltimos a\u00f1os en cuanto a medallas. Recordemos que para llegar a estas instancias, los atletas debieron superar las eliminatorias, con su nuevo y m\u00e1s estricto criterio de clasificaci\u00f3n.<\/p>\n<p><img loading=\"lazy\" decoding=\"async\" data-attachment-id=\"57283\" data-permalink=\"https:\/\/www.hoymercedes.com.ar\/principal\/2016\/11\/21\/olimpiadas-judiciales-gran-actuacion-de-la-departamental-mercedes\/hockey-fem-oro-2\/#main\" data-orig-file=\"https:\/\/www.hoymercedes.com.ar\/principal\/wp-content\/uploads\/2016\/11\/Hockey-Fem.-Oro-1.jpg\" data-orig-size=\"1280,720\" data-comments-opened=\"0\" data-image-meta=\"{&quot;aperture&quot;:&quot;0&quot;,&quot;credit&quot;:&quot;&quot;,&quot;camera&quot;:&quot;&quot;,&quot;caption&quot;:&quot;&quot;,&quot;created_timestamp&quot;:&quot;0&quot;,&quot;copyright&quot;:&quot;&quot;,&quot;focal_length&quot;:&quot;0&quot;,&quot;iso&quot;:&quot;0&quot;,&quot;shutter_speed&quot;:&quot;0&quot;,&quot;title&quot;:&quot;&quot;,&quot;orientation&quot;:&quot;0&quot;}\" data-image-title=\"hockey-fem-oro\" data-image-description=\"\" data-image-caption=\"\" data-large-file=\"https:\/\/www.hoymercedes.com.ar\/principal\/wp-content\/uploads\/2016\/11\/Hockey-Fem.-Oro-1-1024x576.jpg\" class=\"aligncenter size-medium wp-image-57283\" src=\"https:\/\/www.hoymercedes.com.ar\/principal\/wp-content\/uploads\/2016\/11\/Hockey-Fem.-Oro-1-630x354.jpg\" alt=\"hockey-fem-oro\" width=\"630\" height=\"354\" srcset=\"https:\/\/www.hoymercedes.com.ar\/principal\/wp-content\/uploads\/2016\/11\/Hockey-Fem.-Oro-1-630x354.jpg 630w, https:\/\/www.hoymercedes.com.ar\/principal\/wp-content\/uploads\/2016\/11\/Hockey-Fem.-Oro-1-150x84.jpg 150w, https:\/\/www.hoymercedes.com.ar\/principal\/wp-content\/uploads\/2016\/11\/Hockey-Fem.-Oro-1-1024x576.jpg 1024w, https:\/\/www.hoymercedes.com.ar\/principal\/wp-content\/uploads\/2016\/11\/Hockey-Fem.-Oro-1.jpg 1280w\" sizes=\"auto, (max-width: 630px) 100vw, 630px\" \/><\/p>\n<p>En estas XIX Olimpiada Judiciales 2016, los representantes locales lograron conquistar 11 medallas: 4 de oro, 4 de plata y 3 de bronce.<\/p>\n<p>En la noche del cierre, adem\u00e1s de la entrega de premios, los organizadores sorprendieron a todos los presentes con la actuaci\u00f3n de la reconocida banda tropical, \u201cTamb\u00f3 Tambo\u201d que brind\u00f3 su m\u00fasica como broche final a puro ritmo para todos los judiciales.<\/p>\n<p><strong>Homenaje a Rub\u00e9n Maldonado<\/strong><\/p>\n<p>En esta ocasi\u00f3n las Olimpiadas llevaron el nombre Rub\u00e9n Maldonado, quien falleci\u00f3 en la localidad de Miramar el a\u00f1o pasado mientras participaba de la competencia de Bochas. Por lo tanto la Comisi\u00f3n Directiva Provincial resolvi\u00f3 que en esta oportunidad la competencia lleve su nombre. Los organizadores del evento realizaron junto a todos los participantes un emotivo homenaje. Rub\u00e9n, jubilado afiliado de la Departamental Mercedes, fue un activo militante del gremio desde su ingreso al Poder Judicial y siempre participaba de los Juegos Ol\u00edmpicos en la disciplina de bochas, en la cual casi siempre era imbatible.<\/p>\n<p><img loading=\"lazy\" decoding=\"async\" data-attachment-id=\"57282\" data-permalink=\"https:\/\/www.hoymercedes.com.ar\/principal\/2016\/11\/21\/olimpiadas-judiciales-gran-actuacion-de-la-departamental-mercedes\/img-20161120-wa0006\/#main\" data-orig-file=\"https:\/\/www.hoymercedes.com.ar\/principal\/wp-content\/uploads\/2016\/11\/IMG-20161120-WA0006.jpg\" data-orig-size=\"1280,720\" data-comments-opened=\"0\" data-image-meta=\"{&quot;aperture&quot;:&quot;0&quot;,&quot;credit&quot;:&quot;&quot;,&quot;camera&quot;:&quot;&quot;,&quot;caption&quot;:&quot;&quot;,&quot;created_timestamp&quot;:&quot;0&quot;,&quot;copyright&quot;:&quot;&quot;,&quot;focal_length&quot;:&quot;0&quot;,&quot;iso&quot;:&quot;0&quot;,&quot;shutter_speed&quot;:&quot;0&quot;,&quot;title&quot;:&quot;&quot;,&quot;orientation&quot;:&quot;0&quot;}\" data-image-title=\"img-20161120-wa0006\" data-image-description=\"\" data-image-caption=\"\" data-large-file=\"https:\/\/www.hoymercedes.com.ar\/principal\/wp-content\/uploads\/2016\/11\/IMG-20161120-WA0006-1024x576.jpg\" class=\"aligncenter size-medium wp-image-57282\" src=\"https:\/\/www.hoymercedes.com.ar\/principal\/wp-content\/uploads\/2016\/11\/IMG-20161120-WA0006-630x354.jpg\" alt=\"img-20161120-wa0006\" width=\"630\" height=\"354\" srcset=\"https:\/\/www.hoymercedes.com.ar\/principal\/wp-content\/uploads\/2016\/11\/IMG-20161120-WA0006-630x354.jpg 630w, https:\/\/www.hoymercedes.com.ar\/principal\/wp-content\/uploads\/2016\/11\/IMG-20161120-WA0006-150x84.jpg 150w, https:\/\/www.hoymercedes.com.ar\/principal\/wp-content\/uploads\/2016\/11\/IMG-20161120-WA0006-1024x576.jpg 1024w, https:\/\/www.hoymercedes.com.ar\/principal\/wp-content\/uploads\/2016\/11\/IMG-20161120-WA0006.jpg 1280w\" sizes=\"auto, (max-width: 630px) 100vw, 630px\" \/><\/p>\n<p><strong>Agradecimientos:<\/strong><\/p>\n<p>Desde la AJB Mercedes, agradecen a los deportistas que representaron a la departamental (compa\u00f1eros de Moreno-Rodr\u00edguez, Lujan y Mercedes). Sin ellos esto no se hubiese desarrollado del modo en que se llev\u00f3 a cabo. Ellos son quienes hacen atractivas las Olimpiadas y quienes han dejado a Mercedes bien parado en cuanto a lo deportivo. Ojala el pr\u00f3ximo a\u00f1o se repita esta gran performance.<\/p>\n<p>&nbsp;<\/p>\n","protected":false},"excerpt":{"rendered":"<p>En esta edici\u00f3n ol\u00edmpica, la Departamental Mercedina fue una de las que m\u00e1s medallas obtuvo entre las 19 delegaciones que &#8230; <a title=\"Olimpiadas Judiciales: Gran actuaci\u00f3n de la Departamental Mercedes\" class=\"read-more\" href=\"https:\/\/www.hoymercedes.com.ar\/principal\/2016\/11\/21\/olimpiadas-judiciales-gran-actuacion-de-la-departamental-mercedes\/\" aria-label=\"Leer m\u00e1s sobre Olimpiadas Judiciales: Gran actuaci\u00f3n de la Departamental Mercedes\">Leer m\u00e1s<\/a><\/p>\n","protected":false},"author":1,"featured_media":57285,"comment_status":"closed","ping_status":"open","sticky":false,"template":"","format":"standard","meta":{"_monsterinsights_skip_tracking":false,"_monsterinsights_sitenote_active":false,"_monsterinsights_sitenote_note":"","_monsterinsights_sitenote_category":0,"jetpack_post_was_ever_published":false,"_jetpack_newsletter_access":"","_jetpack_dont_email_post_to_subs":false,"_jetpack_newsletter_tier_id":0,"_jetpack_memberships_contains_paywalled_content":false,"_jetpack_memberships_contains_paid_content":false,"footnotes":"","jetpack_publicize_message":"","jetpack_publicize_feature_enabled":true,"jetpack_social_post_already_shared":true,"jetpack_social_options":{"image_generator_settings":{"template":"highway","default_image_id":0,"font":"","enabled":false},"version":2},"_wpas_customize_per_network":false},"categories":[21],"tags":[],"class_list":["post-57280","post","type-post","status-publish","format-standard","has-post-thumbnail","hentry","category-deportes","generate-columns","tablet-grid-50","mobile-grid-100","grid-parent","grid-50"],"jetpack_publicize_connections":[],"jetpack_featured_media_url":"https:\/\/www.hoymercedes.com.ar\/principal\/wp-content\/uploads\/2016\/11\/F\u00fatbol-Plata.jpg","wps_subtitle":"Super\u00f3 logros de a\u00f1os anteriores","jetpack_sharing_enabled":true,"_links":{"self":[{"href":"https:\/\/www.hoymercedes.com.ar\/principal\/wp-json\/wp\/v2\/posts\/57280","targetHints":{"allow":["GET"]}}],"collection":[{"href":"https:\/\/www.hoymercedes.com.ar\/principal\/wp-json\/wp\/v2\/posts"}],"about":[{"href":"https:\/\/www.hoymercedes.com.ar\/principal\/wp-json\/wp\/v2\/types\/post"}],"author":[{"embeddable":true,"href":"https:\/\/www.hoymercedes.com.ar\/principal\/wp-json\/wp\/v2\/users\/1"}],"replies":[{"embeddable":true,"href":"https:\/\/www.hoymercedes.com.ar\/principal\/wp-json\/wp\/v2\/comments?post=57280"}],"version-history":[{"count":0,"href":"https:\/\/www.hoymercedes.com.ar\/principal\/wp-json\/wp\/v2\/posts\/57280\/revisions"}],"wp:featuredmedia":[{"embeddable":true,"href":"https:\/\/www.hoymercedes.com.ar\/principal\/wp-json\/wp\/v2\/media\/57285"}],"wp:attachment":[{"href":"https:\/\/www.hoymercedes.com.ar\/principal\/wp-json\/wp\/v2\/media?parent=57280"}],"wp:term":[{"taxonomy":"category","embeddable":true,"href":"https:\/\/www.hoymercedes.com.ar\/principal\/wp-json\/wp\/v2\/categories?post=57280"},{"taxonomy":"post_tag","embeddable":true,"href":"https:\/\/www.hoymercedes.com.ar\/principal\/wp-json\/wp\/v2\/tags?post=57280"}],"curies":[{"name":"wp","href":"https:\/\/api.w.org\/{rel}","templated":true}]}}