{"id":57383,"date":"2016-11-23T09:21:25","date_gmt":"2016-11-23T12:21:25","guid":{"rendered":"http:\/\/www.hoymercedes.com.ar\/principal\/?p=57383"},"modified":"2016-11-23T09:22:30","modified_gmt":"2016-11-23T12:22:30","slug":"pintaron-estrella-amarilla-por-luis-peralta-victima-de-siniestro-viales","status":"publish","type":"post","link":"https:\/\/www.hoymercedes.com.ar\/principal\/2016\/11\/23\/pintaron-estrella-amarilla-por-luis-peralta-victima-de-siniestro-viales\/","title":{"rendered":"Pintaron estrella amarilla por Luis Peralta, v\u00edctima de siniestro viales"},"content":{"rendered":"<p>Conmemorando el d\u00eda internacional de la v\u00edctima de siniestro vial, en la ma\u00f1ana del lunes se pint\u00f3 una nueva estrella amarilla en la ciudad. En esta ocasi\u00f3n \u00a0el s\u00edmbolo que marca donde hubo alg\u00fan tipo de siniestro viales que deriv\u00f3 en el fallecimiento de algunos de los implicados fue por Lu\u00eds Peralta quien perdiera la vida el 9 de marzo de2010. La estrella amarilla se coloc\u00f3 en 18 entre 7 y 9. M\u00e1s tarde se realiz\u00f3 un acto y una suelta de globos en la Plaza San Mart\u00edn.<\/p>\n<p><img loading=\"lazy\" decoding=\"async\" data-attachment-id=\"57385\" data-permalink=\"https:\/\/www.hoymercedes.com.ar\/principal\/2016\/11\/23\/pintaron-estrella-amarilla-por-luis-peralta-victima-de-siniestro-viales\/23-estrella-amarilla-1\/#main\" data-orig-file=\"https:\/\/www.hoymercedes.com.ar\/principal\/wp-content\/uploads\/2016\/11\/23-estrella-amarilla-1.jpg\" data-orig-size=\"630,420\" data-comments-opened=\"0\" data-image-meta=\"{&quot;aperture&quot;:&quot;8&quot;,&quot;credit&quot;:&quot;&quot;,&quot;camera&quot;:&quot;NIKON D3100&quot;,&quot;caption&quot;:&quot;&quot;,&quot;created_timestamp&quot;:&quot;1479722129&quot;,&quot;copyright&quot;:&quot;&quot;,&quot;focal_length&quot;:&quot;48&quot;,&quot;iso&quot;:&quot;100&quot;,&quot;shutter_speed&quot;:&quot;0.004&quot;,&quot;title&quot;:&quot;&quot;,&quot;orientation&quot;:&quot;1&quot;}\" data-image-title=\"23-estrella-amarilla-1\" data-image-description=\"\" data-image-caption=\"\" data-large-file=\"https:\/\/www.hoymercedes.com.ar\/principal\/wp-content\/uploads\/2016\/11\/23-estrella-amarilla-1.jpg\" class=\"aligncenter size-medium wp-image-57385\" src=\"https:\/\/www.hoymercedes.com.ar\/principal\/wp-content\/uploads\/2016\/11\/23-estrella-amarilla-1-630x420.jpg\" alt=\"23-estrella-amarilla-1\" width=\"630\" height=\"420\" srcset=\"https:\/\/www.hoymercedes.com.ar\/principal\/wp-content\/uploads\/2016\/11\/23-estrella-amarilla-1.jpg 630w, https:\/\/www.hoymercedes.com.ar\/principal\/wp-content\/uploads\/2016\/11\/23-estrella-amarilla-1-150x100.jpg 150w, https:\/\/www.hoymercedes.com.ar\/principal\/wp-content\/uploads\/2016\/11\/23-estrella-amarilla-1-300x200.jpg 300w\" sizes=\"auto, (max-width: 630px) 100vw, 630px\" \/><\/p>\n<p>Nancy Okos, titular de TECPREMER y Coordinadora del \u00e1rea de tr\u00e1nsito de Control Urbano, fue una de las responsables en tomar la palabra en el acto. \u201cEl hecho de pintar una estrella amarilla es nada m\u00e1s y nada menos que hacer visible un hecho que sucedi\u00f3 en este lugar y mucha gente que pase por ac\u00e1 preguntar\u00e1 qu\u00e9 es\u00bb, destac\u00f3.<\/p>\n<p>\u00abDe la \u00fanica manera que podemos trabajar juntos y podemos bajar riesgos es visibilizando los hechos que suceden. Ac\u00e1 tambi\u00e9n hay otros familiares de v\u00edctimas y queremos agradecer que est\u00e9n. Debemos decir que pintar una estrella amarilla es una ordenanza municipal. Es un d\u00eda, tambi\u00e9n, que a nivel mundial se instituy\u00f3 por Naciones Unidas y estamos ac\u00e1 tambi\u00e9n haciendo visible que desde nuestra ciudad es posible\u201d sostuvo Okos.<\/p>\n<p>La mam\u00e1 de Luis, Alejandra, sostuvo que estaba \u201catravesada por este d\u00eda, no puedo creer todav\u00eda, quiero agradecer a todos los que me ayudaron a hacer la estrella para mi hijo, \u00a0a la gente de tr\u00e1nsito que me hicieron \u00e9sto posible ya que no sab\u00eda como iniciar el tema\u201d. Visiblemente emocionada coment\u00f3 ante los presentes expresando que \u201cojal\u00e1 alg\u00fan d\u00eda salga la ley que indique que qui\u00e9n mata tenga su pena. Es un arma lo que uno maneja y no es s\u00f3lo te pido perd\u00f3n y el no lo vi, yo no lo creo. A mi me dijeron no lo vi, pero no lo creo. Perder un hijo es perder una vida que tambi\u00e9n te mata, a toda la familia, a mi me mataron\u201d.<\/p>\n<p><img loading=\"lazy\" decoding=\"async\" data-attachment-id=\"57386\" data-permalink=\"https:\/\/www.hoymercedes.com.ar\/principal\/2016\/11\/23\/pintaron-estrella-amarilla-por-luis-peralta-victima-de-siniestro-viales\/23-estrella-amarilla-2\/#main\" data-orig-file=\"https:\/\/www.hoymercedes.com.ar\/principal\/wp-content\/uploads\/2016\/11\/23-estrella-amarilla-2.jpg\" data-orig-size=\"630,420\" data-comments-opened=\"0\" data-image-meta=\"{&quot;aperture&quot;:&quot;9&quot;,&quot;credit&quot;:&quot;&quot;,&quot;camera&quot;:&quot;NIKON D3100&quot;,&quot;caption&quot;:&quot;&quot;,&quot;created_timestamp&quot;:&quot;1479725960&quot;,&quot;copyright&quot;:&quot;&quot;,&quot;focal_length&quot;:&quot;35&quot;,&quot;iso&quot;:&quot;200&quot;,&quot;shutter_speed&quot;:&quot;0.0125&quot;,&quot;title&quot;:&quot;&quot;,&quot;orientation&quot;:&quot;1&quot;}\" data-image-title=\"23-estrella-amarilla-2\" data-image-description=\"\" data-image-caption=\"\" data-large-file=\"https:\/\/www.hoymercedes.com.ar\/principal\/wp-content\/uploads\/2016\/11\/23-estrella-amarilla-2.jpg\" class=\"aligncenter size-medium wp-image-57386\" src=\"https:\/\/www.hoymercedes.com.ar\/principal\/wp-content\/uploads\/2016\/11\/23-estrella-amarilla-2-630x420.jpg\" alt=\"23-estrella-amarilla-2\" width=\"630\" height=\"420\" srcset=\"https:\/\/www.hoymercedes.com.ar\/principal\/wp-content\/uploads\/2016\/11\/23-estrella-amarilla-2.jpg 630w, https:\/\/www.hoymercedes.com.ar\/principal\/wp-content\/uploads\/2016\/11\/23-estrella-amarilla-2-150x100.jpg 150w, https:\/\/www.hoymercedes.com.ar\/principal\/wp-content\/uploads\/2016\/11\/23-estrella-amarilla-2-300x200.jpg 300w\" sizes=\"auto, (max-width: 630px) 100vw, 630px\" \/><\/p>\n<p>El intendente municipal, Juan Ignacio Ustarroz, fue parte de ambos encuentros tomando la palabra en la plaza principal instando que \u201ctodos debemos tomar conciencia, no se trata de creer que a nosotros no nos va a pasar, porque, los accidentes son evitables\u201d y record\u00f3 que \u201cen Mercedes tenemos mucho por hacer, ya lo hemos iniciado, pero, sabemos es una tarea larga y dificil. Basta con mirar algunos datos, como el que s\u00f3lo un 5% usa el casco. Necesitamos m\u00e1s conciencia, m\u00e1s responsabilidad, m\u00e1s educaci\u00f3n. En eso estamos trabajando y ese camino continuaremos construyendo todos juntos\u201d, entre otros conceptos.<\/p>\n<p><img loading=\"lazy\" decoding=\"async\" data-attachment-id=\"57384\" data-permalink=\"https:\/\/www.hoymercedes.com.ar\/principal\/2016\/11\/23\/pintaron-estrella-amarilla-por-luis-peralta-victima-de-siniestro-viales\/23-estrella-amarilla-3\/#main\" data-orig-file=\"https:\/\/www.hoymercedes.com.ar\/principal\/wp-content\/uploads\/2016\/11\/23-estrella-amarilla-3.jpg\" data-orig-size=\"630,420\" data-comments-opened=\"0\" data-image-meta=\"{&quot;aperture&quot;:&quot;9&quot;,&quot;credit&quot;:&quot;&quot;,&quot;camera&quot;:&quot;NIKON D3100&quot;,&quot;caption&quot;:&quot;&quot;,&quot;created_timestamp&quot;:&quot;1479725835&quot;,&quot;copyright&quot;:&quot;&quot;,&quot;focal_length&quot;:&quot;18&quot;,&quot;iso&quot;:&quot;200&quot;,&quot;shutter_speed&quot;:&quot;0.0125&quot;,&quot;title&quot;:&quot;&quot;,&quot;orientation&quot;:&quot;1&quot;}\" data-image-title=\"23-estrella-amarilla-3\" data-image-description=\"\" data-image-caption=\"\" data-large-file=\"https:\/\/www.hoymercedes.com.ar\/principal\/wp-content\/uploads\/2016\/11\/23-estrella-amarilla-3.jpg\" class=\"aligncenter size-medium wp-image-57384\" src=\"https:\/\/www.hoymercedes.com.ar\/principal\/wp-content\/uploads\/2016\/11\/23-estrella-amarilla-3-630x420.jpg\" alt=\"23-estrella-amarilla-3\" width=\"630\" height=\"420\" srcset=\"https:\/\/www.hoymercedes.com.ar\/principal\/wp-content\/uploads\/2016\/11\/23-estrella-amarilla-3.jpg 630w, https:\/\/www.hoymercedes.com.ar\/principal\/wp-content\/uploads\/2016\/11\/23-estrella-amarilla-3-150x100.jpg 150w, https:\/\/www.hoymercedes.com.ar\/principal\/wp-content\/uploads\/2016\/11\/23-estrella-amarilla-3-300x200.jpg 300w\" sizes=\"auto, (max-width: 630px) 100vw, 630px\" \/><\/p>\n<p>Tras las palabras de distintos asistentes se llev\u00f3 a cabo una simb\u00f3lica suelta de globos blancos para recordar a las v\u00edctimas de siniestros viales.<\/p>\n<p>Fuente: Prensa Municipal<\/p>\n","protected":false},"excerpt":{"rendered":"<p>Conmemorando el d\u00eda internacional de la v\u00edctima de siniestro vial, en la ma\u00f1ana del lunes se pint\u00f3 una nueva estrella &#8230; <a title=\"Pintaron estrella amarilla por Luis Peralta, v\u00edctima de siniestro viales\" class=\"read-more\" href=\"https:\/\/www.hoymercedes.com.ar\/principal\/2016\/11\/23\/pintaron-estrella-amarilla-por-luis-peralta-victima-de-siniestro-viales\/\" aria-label=\"Leer m\u00e1s sobre Pintaron estrella amarilla por Luis Peralta, v\u00edctima de siniestro viales\">Leer m\u00e1s<\/a><\/p>\n","protected":false},"author":1,"featured_media":57385,"comment_status":"closed","ping_status":"open","sticky":false,"template":"","format":"standard","meta":{"_monsterinsights_skip_tracking":false,"_monsterinsights_sitenote_active":false,"_monsterinsights_sitenote_note":"","_monsterinsights_sitenote_category":0,"jetpack_post_was_ever_published":false,"_jetpack_newsletter_access":"","_jetpack_dont_email_post_to_subs":false,"_jetpack_newsletter_tier_id":0,"_jetpack_memberships_contains_paywalled_content":false,"_jetpack_memberships_contains_paid_content":false,"footnotes":"","jetpack_publicize_message":"","jetpack_publicize_feature_enabled":true,"jetpack_social_post_already_shared":true,"jetpack_social_options":{"image_generator_settings":{"template":"highway","default_image_id":0,"font":"","enabled":false},"version":2},"_wpas_customize_per_network":false},"categories":[30,8],"tags":[9444,9453],"class_list":["post-57383","post","type-post","status-publish","format-standard","has-post-thumbnail","hentry","category-municipio","category-sociedad","tag-estrella-amarilla","tag-siniestros-viales","generate-columns","tablet-grid-50","mobile-grid-100","grid-parent","grid-50"],"jetpack_publicize_connections":[],"jetpack_featured_media_url":"https:\/\/www.hoymercedes.com.ar\/principal\/wp-content\/uploads\/2016\/11\/23-estrella-amarilla-1.jpg","wps_subtitle":"Recuerdo para las v\u00edctimas de siniestros viales","jetpack_sharing_enabled":true,"_links":{"self":[{"href":"https:\/\/www.hoymercedes.com.ar\/principal\/wp-json\/wp\/v2\/posts\/57383","targetHints":{"allow":["GET"]}}],"collection":[{"href":"https:\/\/www.hoymercedes.com.ar\/principal\/wp-json\/wp\/v2\/posts"}],"about":[{"href":"https:\/\/www.hoymercedes.com.ar\/principal\/wp-json\/wp\/v2\/types\/post"}],"author":[{"embeddable":true,"href":"https:\/\/www.hoymercedes.com.ar\/principal\/wp-json\/wp\/v2\/users\/1"}],"replies":[{"embeddable":true,"href":"https:\/\/www.hoymercedes.com.ar\/principal\/wp-json\/wp\/v2\/comments?post=57383"}],"version-history":[{"count":0,"href":"https:\/\/www.hoymercedes.com.ar\/principal\/wp-json\/wp\/v2\/posts\/57383\/revisions"}],"wp:featuredmedia":[{"embeddable":true,"href":"https:\/\/www.hoymercedes.com.ar\/principal\/wp-json\/wp\/v2\/media\/57385"}],"wp:attachment":[{"href":"https:\/\/www.hoymercedes.com.ar\/principal\/wp-json\/wp\/v2\/media?parent=57383"}],"wp:term":[{"taxonomy":"category","embeddable":true,"href":"https:\/\/www.hoymercedes.com.ar\/principal\/wp-json\/wp\/v2\/categories?post=57383"},{"taxonomy":"post_tag","embeddable":true,"href":"https:\/\/www.hoymercedes.com.ar\/principal\/wp-json\/wp\/v2\/tags?post=57383"}],"curies":[{"name":"wp","href":"https:\/\/api.w.org\/{rel}","templated":true}]}}