{"id":57396,"date":"2016-11-23T16:07:47","date_gmt":"2016-11-23T19:07:47","guid":{"rendered":"http:\/\/www.hoymercedes.com.ar\/principal\/?p=57396"},"modified":"2016-11-23T16:07:47","modified_gmt":"2016-11-23T19:07:47","slug":"charla-sobre-discapacidad-y-derechos-en-el-cdr","status":"publish","type":"post","link":"https:\/\/www.hoymercedes.com.ar\/principal\/2016\/11\/23\/charla-sobre-discapacidad-y-derechos-en-el-cdr\/","title":{"rendered":"Charla sobre discapacidad y derechos en el CDR"},"content":{"rendered":"<p>Organizada por el Centro de Referencia del Ministerio de Desarrollo Social se llev\u00f3 a cabo la primera charla sobre \u201cFamilia, Discapacidad y Derechos\u201d. Estuvo a cargo del Director Ejecutivo del \u00c1rea de Discapacidad y Adultos Mayores, Sergio Nahabetian y la Dra. Gabriela Roca de la Defensor\u00eda del Pueblo de la Provincia de Buenos Aires.<\/p>\n<p>El d\u00eda 30 de noviembre a las 9 horas se realizar\u00e1 la segunda charla a cargo de la Curadur\u00eda Oficial del Departamento Judicial de Mercedes y de la Comisi\u00f3n Nacional de Pensiones Asistenciales<\/p>\n<p>La articuladora del Centro de Referencia, Ana Luna cont\u00f3 que \u201cel Director Ejecutivo explic\u00f3 que el organismo atiende cuestiones vinculadas con la vulneraci\u00f3n de derechos de las personas con discapacidad y a la vez que promueve y protege esos derechos, a fin de garantizar el cumplimiento de la Convenci\u00f3n Internacional sobre los Derechos de las Personas con Discapacidad\u201d.<\/p>\n<p>Asimismo, interviene ante reclamos relacionados con actos, hechos u omisiones de la administraci\u00f3n p\u00fablica provincial y municipal y\/o de prestadores de servicios p\u00fablicos u organismos de Ley que vulneren los derechos.<\/p>\n<p>Los principios de la Defensor\u00eda del Pueblo en lo referente a la tem\u00e1tica de la Discapacidad se enmarcan en los t\u00e9rminos de la Convenci\u00f3n Internacional sobre los Derechos de las Personas con Discapacidad, a la que Argentina suscribi\u00f3 en 2007 y ratific\u00f3 en 2008, que la Ley 26.378 incorpora a la legislaci\u00f3n nacional. La Ley 27.044 le otorg\u00f3 a la Convenci\u00f3n, a partir de 2014, jerarqu\u00eda constitucional en los t\u00e9rminos del art\u00edculo 75, inciso 22 de la Constituci\u00f3n Nacional. Particip\u00f3 tambi\u00e9n de la charla el Defensor local, Fernando Florella.<\/p>\n<p>El d\u00eda 30 de noviembre a las 9 horas se realizar\u00e1 la segunda charla a cargo de la Curadur\u00eda Oficial del Departamento Judicial de Mercedes y de la Comisi\u00f3n Nacional de Pensiones Asistenciales. Est\u00e1 destinada a familiares de personas con discapacidad y p\u00fablico interesado en la tem\u00e1tica.<\/p>\n<p>Se abordar\u00e1n los siguientes temas: curatela, capacidad jur\u00eddica y sistemas de apoyo, acceso a las pensiones asistenciales, requisitos y condiciones, etc. Para informes e inscripci\u00f3n: 435-137 \/420-200 o al mail:\u00a0cdrmercedes@desarrollosocial.gob.ar.<\/p>\n<p>&nbsp;<\/p>\n<p>Fuente: CDR Mercedes<\/p>\n","protected":false},"excerpt":{"rendered":"<p>Organizada por el Centro de Referencia del Ministerio de Desarrollo Social se llev\u00f3 a cabo la primera charla sobre \u201cFamilia, &#8230; <a title=\"Charla sobre discapacidad y derechos en el CDR\" class=\"read-more\" href=\"https:\/\/www.hoymercedes.com.ar\/principal\/2016\/11\/23\/charla-sobre-discapacidad-y-derechos-en-el-cdr\/\" aria-label=\"Leer m\u00e1s sobre Charla sobre discapacidad y derechos en el CDR\">Leer m\u00e1s<\/a><\/p>\n","protected":false},"author":1,"featured_media":57397,"comment_status":"closed","ping_status":"open","sticky":false,"template":"","format":"standard","meta":{"_monsterinsights_skip_tracking":false,"_monsterinsights_sitenote_active":false,"_monsterinsights_sitenote_note":"","_monsterinsights_sitenote_category":0,"jetpack_post_was_ever_published":false,"_jetpack_newsletter_access":"","_jetpack_dont_email_post_to_subs":false,"_jetpack_newsletter_tier_id":0,"_jetpack_memberships_contains_paywalled_content":false,"_jetpack_memberships_contains_paid_content":false,"footnotes":"","jetpack_publicize_message":"","jetpack_publicize_feature_enabled":true,"jetpack_social_post_already_shared":true,"jetpack_social_options":{"image_generator_settings":{"template":"highway","default_image_id":0,"font":"","enabled":false},"version":2},"_wpas_customize_per_network":false},"categories":[8],"tags":[8753,4971],"class_list":["post-57396","post","type-post","status-publish","format-standard","has-post-thumbnail","hentry","category-sociedad","tag-cdr","tag-defensoria-del-pueblo","generate-columns","tablet-grid-50","mobile-grid-100","grid-parent","grid-50"],"jetpack_publicize_connections":[],"jetpack_featured_media_url":"https:\/\/www.hoymercedes.com.ar\/principal\/wp-content\/uploads\/2016\/11\/23-charla.jpg","wps_subtitle":"De la Defensor\u00eda del Pueblo","jetpack_sharing_enabled":true,"_links":{"self":[{"href":"https:\/\/www.hoymercedes.com.ar\/principal\/wp-json\/wp\/v2\/posts\/57396","targetHints":{"allow":["GET"]}}],"collection":[{"href":"https:\/\/www.hoymercedes.com.ar\/principal\/wp-json\/wp\/v2\/posts"}],"about":[{"href":"https:\/\/www.hoymercedes.com.ar\/principal\/wp-json\/wp\/v2\/types\/post"}],"author":[{"embeddable":true,"href":"https:\/\/www.hoymercedes.com.ar\/principal\/wp-json\/wp\/v2\/users\/1"}],"replies":[{"embeddable":true,"href":"https:\/\/www.hoymercedes.com.ar\/principal\/wp-json\/wp\/v2\/comments?post=57396"}],"version-history":[{"count":0,"href":"https:\/\/www.hoymercedes.com.ar\/principal\/wp-json\/wp\/v2\/posts\/57396\/revisions"}],"wp:featuredmedia":[{"embeddable":true,"href":"https:\/\/www.hoymercedes.com.ar\/principal\/wp-json\/wp\/v2\/media\/57397"}],"wp:attachment":[{"href":"https:\/\/www.hoymercedes.com.ar\/principal\/wp-json\/wp\/v2\/media?parent=57396"}],"wp:term":[{"taxonomy":"category","embeddable":true,"href":"https:\/\/www.hoymercedes.com.ar\/principal\/wp-json\/wp\/v2\/categories?post=57396"},{"taxonomy":"post_tag","embeddable":true,"href":"https:\/\/www.hoymercedes.com.ar\/principal\/wp-json\/wp\/v2\/tags?post=57396"}],"curies":[{"name":"wp","href":"https:\/\/api.w.org\/{rel}","templated":true}]}}