{"id":57416,"date":"2016-11-24T17:00:41","date_gmt":"2016-11-24T20:00:41","guid":{"rendered":"http:\/\/www.hoymercedes.com.ar\/principal\/?p=57416"},"modified":"2016-11-24T16:48:35","modified_gmt":"2016-11-24T19:48:35","slug":"trabajos-en-caminos-rurales-y-puesta-en-valor-de-espacios-publicos","status":"publish","type":"post","link":"https:\/\/www.hoymercedes.com.ar\/principal\/2016\/11\/24\/trabajos-en-caminos-rurales-y-puesta-en-valor-de-espacios-publicos\/","title":{"rendered":"Trabajos en caminos rurales y puesta en valor de espacios p\u00fablicos"},"content":{"rendered":"<p>La Comuna contin\u00faa efectuando tareas de mantenimiento del espacio verde. En estos d\u00edas se trabaj\u00f3 en la puesta en valor del playo de actividades deportivas de 1 y 10 y en mejorar y limpiezas de caminos rurales. Algunas de estas cuestiones surgen de las mesas de intercambio vecinal denominadas \u201cLa muni en tu barrio\u201d.<\/p>\n<p>Tras una solicitud emanada en \u201cLa Muni en tu barrio\u201d se llev\u00f3 a cabo una puesta en valor y mejoramiento de la cancha y play\u00f3n de avenida 1 y 10. La actividad fue efectuada con una importante cantidad de j\u00f3venes que acompa\u00f1aron y dieron su aporte para un espacio que es de toda la barriada. La municipalidad no s\u00f3lo efectu\u00f3 tareas de limpieza y pintura sino tambi\u00e9n cambio de su alambrado perimetral.<\/p>\n<p>Por otra parte con participaci\u00f3n de Servicios P\u00fablicos se llev\u00f3 a cabo y continuar\u00e1n trabajando en limpieza y mejoras en espacios rurales. Los trabajos en \u00e9stos d\u00edas aprovechando el clima que lo permite se est\u00e1n efectuando en zonas de Gowland, Agote y Altamira y se planifica continuar con el mantenimiento y recolecci\u00f3n de basuras, ramas y elementos contaminantes de la v\u00eda p\u00fablica.<\/p>\n<p>&nbsp;<\/p>\n<p>Fuente: Prensa Municipal<\/p>\n<p>&nbsp;<\/p>\n","protected":false},"excerpt":{"rendered":"<p>La Comuna contin\u00faa efectuando tareas de mantenimiento del espacio verde. En estos d\u00edas se trabaj\u00f3 en la puesta en valor &#8230; <a title=\"Trabajos en caminos rurales y puesta en valor de espacios p\u00fablicos\" class=\"read-more\" href=\"https:\/\/www.hoymercedes.com.ar\/principal\/2016\/11\/24\/trabajos-en-caminos-rurales-y-puesta-en-valor-de-espacios-publicos\/\" aria-label=\"Leer m\u00e1s sobre Trabajos en caminos rurales y puesta en valor de espacios p\u00fablicos\">Leer m\u00e1s<\/a><\/p>\n","protected":false},"author":1,"featured_media":57420,"comment_status":"closed","ping_status":"open","sticky":false,"template":"","format":"standard","meta":{"_monsterinsights_skip_tracking":false,"_monsterinsights_sitenote_active":false,"_monsterinsights_sitenote_note":"","_monsterinsights_sitenote_category":0,"jetpack_post_was_ever_published":false,"_jetpack_newsletter_access":"","_jetpack_dont_email_post_to_subs":false,"_jetpack_newsletter_tier_id":0,"_jetpack_memberships_contains_paywalled_content":false,"_jetpack_memberships_contains_paid_content":false,"footnotes":"","jetpack_publicize_message":"","jetpack_publicize_feature_enabled":true,"jetpack_social_post_already_shared":true,"jetpack_social_options":{"image_generator_settings":{"template":"highway","default_image_id":0,"font":"","enabled":false},"version":2},"_wpas_customize_per_network":false},"categories":[30],"tags":[10258,244],"class_list":["post-57416","post","type-post","status-publish","format-standard","has-post-thumbnail","hentry","category-municipio","tag-espacios-publicos","tag-municipio-2","generate-columns","tablet-grid-50","mobile-grid-100","grid-parent","grid-50"],"jetpack_publicize_connections":[],"jetpack_featured_media_url":"https:\/\/www.hoymercedes.com.ar\/principal\/wp-content\/uploads\/2016\/11\/24-espacios-publicos.jpg","wps_subtitle":"Servicios P\u00fablicos","jetpack_sharing_enabled":true,"_links":{"self":[{"href":"https:\/\/www.hoymercedes.com.ar\/principal\/wp-json\/wp\/v2\/posts\/57416","targetHints":{"allow":["GET"]}}],"collection":[{"href":"https:\/\/www.hoymercedes.com.ar\/principal\/wp-json\/wp\/v2\/posts"}],"about":[{"href":"https:\/\/www.hoymercedes.com.ar\/principal\/wp-json\/wp\/v2\/types\/post"}],"author":[{"embeddable":true,"href":"https:\/\/www.hoymercedes.com.ar\/principal\/wp-json\/wp\/v2\/users\/1"}],"replies":[{"embeddable":true,"href":"https:\/\/www.hoymercedes.com.ar\/principal\/wp-json\/wp\/v2\/comments?post=57416"}],"version-history":[{"count":0,"href":"https:\/\/www.hoymercedes.com.ar\/principal\/wp-json\/wp\/v2\/posts\/57416\/revisions"}],"wp:featuredmedia":[{"embeddable":true,"href":"https:\/\/www.hoymercedes.com.ar\/principal\/wp-json\/wp\/v2\/media\/57420"}],"wp:attachment":[{"href":"https:\/\/www.hoymercedes.com.ar\/principal\/wp-json\/wp\/v2\/media?parent=57416"}],"wp:term":[{"taxonomy":"category","embeddable":true,"href":"https:\/\/www.hoymercedes.com.ar\/principal\/wp-json\/wp\/v2\/categories?post=57416"},{"taxonomy":"post_tag","embeddable":true,"href":"https:\/\/www.hoymercedes.com.ar\/principal\/wp-json\/wp\/v2\/tags?post=57416"}],"curies":[{"name":"wp","href":"https:\/\/api.w.org\/{rel}","templated":true}]}}