{"id":57424,"date":"2016-11-24T09:50:30","date_gmt":"2016-11-24T12:50:30","guid":{"rendered":"http:\/\/www.hoymercedes.com.ar\/principal\/?p=57424"},"modified":"2016-11-24T16:53:26","modified_gmt":"2016-11-24T19:53:26","slug":"continuan-los-trabajos-por-el-mejor-tratamiento-de-residuos","status":"publish","type":"post","link":"https:\/\/www.hoymercedes.com.ar\/principal\/2016\/11\/24\/continuan-los-trabajos-por-el-mejor-tratamiento-de-residuos\/","title":{"rendered":"Contin\u00faan los trabajos por el mejor tratamiento de residuos"},"content":{"rendered":"<p>Durante la ma\u00f1ana de \u00e9ste mi\u00e9rcoles el intendente Municipal, Juan Ignacio Ustarroz, fue parte de un encuentro con la empresa CEAMSE en su planta central donde se trataron diversos temas y en especial el basural de La Florida.<\/p>\n<p>\u201cEstamos avanzando en los detalles de generar un convenio que nos sirva como municipio para el tratamiento de la basura de manera integral, prolija, con protecci\u00f3n del medio ambiente. Es un tema que no podemos tratar con liviandad y es por ello que vamos realizando consultas, abriendo caminos, buscando siempre medidas \u00fatiles para la sociedad\u201d coment\u00f3 el primer mandatario local quien se reuni\u00f3 con el presidente del CEAMSE, Presidente: Lic. Gustavo Javier Coria.<\/p>\n<p>Las gestiones se suman a otras actividades que viene realizando la comuna en temas vinculados al medio ambiente, como los convenios con instituciones educativas para el reciclaje de cart\u00f3n y pl\u00e1stico y su correcto tratamiento. Acci\u00f3n que para las escuelas ser\u00e1 un potencial ingreso y que adem\u00e1s da lugar al proceso de ense\u00f1anza y aprendizaje con lo cual se apuesta a futuro en educaci\u00f3n y toma de conciencia.<\/p>\n<p>Recordemos que el CEAMSE es la \u201cCoordinaci\u00f3n Ecol\u00f3gica \u00c1rea Metropolitana Sociedad del Estado. Innovaci\u00f3n y tecnolog\u00eda en la Gesti\u00f3n integral de RSU\u201d y que\u00a0 es una empresa creada por los estados de la Provincia de Buenos Aires y la Ciudad de Buenos Aires para realizar la gesti\u00f3n integral de los Residuos s\u00f3lidos urbanos del \u00e1rea metropolitana.<\/p>\n<p>&nbsp;<\/p>\n<p>Fuente: Prensa Municipal<\/p>\n","protected":false},"excerpt":{"rendered":"<p>Durante la ma\u00f1ana de \u00e9ste mi\u00e9rcoles el intendente Municipal, Juan Ignacio Ustarroz, fue parte de un encuentro con la empresa &#8230; <a title=\"Contin\u00faan los trabajos por el mejor tratamiento de residuos\" class=\"read-more\" href=\"https:\/\/www.hoymercedes.com.ar\/principal\/2016\/11\/24\/continuan-los-trabajos-por-el-mejor-tratamiento-de-residuos\/\" aria-label=\"Leer m\u00e1s sobre Contin\u00faan los trabajos por el mejor tratamiento de residuos\">Leer m\u00e1s<\/a><\/p>\n","protected":false},"author":1,"featured_media":57425,"comment_status":"closed","ping_status":"open","sticky":false,"template":"","format":"standard","meta":{"_monsterinsights_skip_tracking":false,"_monsterinsights_sitenote_active":false,"_monsterinsights_sitenote_note":"","_monsterinsights_sitenote_category":0,"jetpack_post_was_ever_published":false,"_jetpack_newsletter_access":"","_jetpack_dont_email_post_to_subs":false,"_jetpack_newsletter_tier_id":0,"_jetpack_memberships_contains_paywalled_content":false,"_jetpack_memberships_contains_paid_content":false,"footnotes":"","jetpack_publicize_message":"","jetpack_publicize_feature_enabled":true,"jetpack_social_post_already_shared":true,"jetpack_social_options":{"image_generator_settings":{"template":"highway","default_image_id":0,"font":"","enabled":false},"version":2},"_wpas_customize_per_network":false},"categories":[30],"tags":[1833,1055,244],"class_list":["post-57424","post","type-post","status-publish","format-standard","has-post-thumbnail","hentry","category-municipio","tag-basura","tag-ceamse","tag-municipio-2","generate-columns","tablet-grid-50","mobile-grid-100","grid-parent","grid-50"],"jetpack_publicize_connections":[],"jetpack_featured_media_url":"https:\/\/www.hoymercedes.com.ar\/principal\/wp-content\/uploads\/2016\/11\/24-ceamse.jpg","wps_subtitle":"Reuni\u00f3n en CEAMSE","jetpack_sharing_enabled":true,"_links":{"self":[{"href":"https:\/\/www.hoymercedes.com.ar\/principal\/wp-json\/wp\/v2\/posts\/57424","targetHints":{"allow":["GET"]}}],"collection":[{"href":"https:\/\/www.hoymercedes.com.ar\/principal\/wp-json\/wp\/v2\/posts"}],"about":[{"href":"https:\/\/www.hoymercedes.com.ar\/principal\/wp-json\/wp\/v2\/types\/post"}],"author":[{"embeddable":true,"href":"https:\/\/www.hoymercedes.com.ar\/principal\/wp-json\/wp\/v2\/users\/1"}],"replies":[{"embeddable":true,"href":"https:\/\/www.hoymercedes.com.ar\/principal\/wp-json\/wp\/v2\/comments?post=57424"}],"version-history":[{"count":0,"href":"https:\/\/www.hoymercedes.com.ar\/principal\/wp-json\/wp\/v2\/posts\/57424\/revisions"}],"wp:featuredmedia":[{"embeddable":true,"href":"https:\/\/www.hoymercedes.com.ar\/principal\/wp-json\/wp\/v2\/media\/57425"}],"wp:attachment":[{"href":"https:\/\/www.hoymercedes.com.ar\/principal\/wp-json\/wp\/v2\/media?parent=57424"}],"wp:term":[{"taxonomy":"category","embeddable":true,"href":"https:\/\/www.hoymercedes.com.ar\/principal\/wp-json\/wp\/v2\/categories?post=57424"},{"taxonomy":"post_tag","embeddable":true,"href":"https:\/\/www.hoymercedes.com.ar\/principal\/wp-json\/wp\/v2\/tags?post=57424"}],"curies":[{"name":"wp","href":"https:\/\/api.w.org\/{rel}","templated":true}]}}