{"id":5743,"date":"2011-07-22T15:10:23","date_gmt":"2011-07-22T15:10:23","guid":{"rendered":"http:\/\/www.hoymercedes.com.ar\/principal\/?p=5743"},"modified":"2011-07-22T15:10:23","modified_gmt":"2011-07-22T15:10:23","slug":"polemica-radical-vienen-dos-dirigentes-provinciales","status":"publish","type":"post","link":"https:\/\/www.hoymercedes.com.ar\/principal\/2011\/07\/22\/polemica-radical-vienen-dos-dirigentes-provinciales\/","title":{"rendered":"Pol\u00e9mica radical: vienen dos dirigentes provinciales"},"content":{"rendered":"<p>El lunes 25 de julio visitar\u00e1n Mercedes dos importantes dirigentes radicales: Miguel Basse, presidente del Comit\u00e9 provincia y candidato a diputado nacional por la lista de UDESO, y Jorge de Antoni, candidato a diputado en quinto t\u00e9rmino por la misma lista.<\/p>\n<p>Los dirigentes ofrecer\u00e1n una conferencia de prensa en horas de la tarde. Se espera que respondan a las acusaciones de \u201cproscripci\u00f3n\u201d realizadas por la lista radical que encabez\u00f3 Ignacio Respuela.<\/p>\n<p><span style=\"color: #888888;\">Fuente: Prensa UCR<\/span><\/p>\n","protected":false},"excerpt":{"rendered":"<p>El lunes 25 de julio visitar\u00e1n Mercedes dos importantes dirigentes radicales: Miguel Basse, presidente del Comit\u00e9 provincia y candidato a &#8230; <a title=\"Pol\u00e9mica radical: vienen dos dirigentes provinciales\" class=\"read-more\" href=\"https:\/\/www.hoymercedes.com.ar\/principal\/2011\/07\/22\/polemica-radical-vienen-dos-dirigentes-provinciales\/\" aria-label=\"Leer m\u00e1s sobre Pol\u00e9mica radical: vienen dos dirigentes provinciales\">Leer m\u00e1s<\/a><\/p>\n","protected":false},"author":1,"featured_media":0,"comment_status":"open","ping_status":"open","sticky":false,"template":"","format":"standard","meta":{"_monsterinsights_skip_tracking":false,"_monsterinsights_sitenote_active":false,"_monsterinsights_sitenote_note":"","_monsterinsights_sitenote_category":0,"jetpack_post_was_ever_published":false,"_jetpack_newsletter_access":"","_jetpack_dont_email_post_to_subs":false,"_jetpack_newsletter_tier_id":0,"_jetpack_memberships_contains_paywalled_content":false,"_jetpack_memberships_contains_paid_content":false,"footnotes":"","jetpack_publicize_message":"","jetpack_publicize_feature_enabled":true,"jetpack_social_post_already_shared":false,"jetpack_social_options":{"image_generator_settings":{"template":"highway","default_image_id":0,"font":"","enabled":false},"version":2},"_wpas_customize_per_network":false},"categories":[5],"tags":[1060,392,217],"class_list":["post-5743","post","type-post","status-publish","format-standard","hentry","category-politica","tag-naco-respuela","tag-pancho-torres","tag-ucr-mercedes","generate-columns","tablet-grid-50","mobile-grid-100","grid-parent","grid-50"],"jetpack_publicize_connections":[],"jetpack_featured_media_url":"","wps_subtitle":"","jetpack_sharing_enabled":true,"_links":{"self":[{"href":"https:\/\/www.hoymercedes.com.ar\/principal\/wp-json\/wp\/v2\/posts\/5743","targetHints":{"allow":["GET"]}}],"collection":[{"href":"https:\/\/www.hoymercedes.com.ar\/principal\/wp-json\/wp\/v2\/posts"}],"about":[{"href":"https:\/\/www.hoymercedes.com.ar\/principal\/wp-json\/wp\/v2\/types\/post"}],"author":[{"embeddable":true,"href":"https:\/\/www.hoymercedes.com.ar\/principal\/wp-json\/wp\/v2\/users\/1"}],"replies":[{"embeddable":true,"href":"https:\/\/www.hoymercedes.com.ar\/principal\/wp-json\/wp\/v2\/comments?post=5743"}],"version-history":[{"count":0,"href":"https:\/\/www.hoymercedes.com.ar\/principal\/wp-json\/wp\/v2\/posts\/5743\/revisions"}],"wp:attachment":[{"href":"https:\/\/www.hoymercedes.com.ar\/principal\/wp-json\/wp\/v2\/media?parent=5743"}],"wp:term":[{"taxonomy":"category","embeddable":true,"href":"https:\/\/www.hoymercedes.com.ar\/principal\/wp-json\/wp\/v2\/categories?post=5743"},{"taxonomy":"post_tag","embeddable":true,"href":"https:\/\/www.hoymercedes.com.ar\/principal\/wp-json\/wp\/v2\/tags?post=5743"}],"curies":[{"name":"wp","href":"https:\/\/api.w.org\/{rel}","templated":true}]}}