{"id":57445,"date":"2016-11-25T10:00:02","date_gmt":"2016-11-25T13:00:02","guid":{"rendered":"http:\/\/www.hoymercedes.com.ar\/principal\/?p=57445"},"modified":"2016-11-25T08:05:55","modified_gmt":"2016-11-25T11:05:55","slug":"nuevas-pensiones-se-entregaron-desde-la-direccion-de-discapacidad","status":"publish","type":"post","link":"https:\/\/www.hoymercedes.com.ar\/principal\/2016\/11\/25\/nuevas-pensiones-se-entregaron-desde-la-direccion-de-discapacidad\/","title":{"rendered":"Nuevas pensiones se entregaron desde la Direcci\u00f3n de Discapacidad"},"content":{"rendered":"<p>La Comuna contin\u00faa efectuando aportes sociales. D\u00edas atr\u00e1s con la presencia de sus beneficiarios, Juan Ustarroz y la Directora de Discapacidad, Tatiana L\u00f3pez, se llev\u00f3 a cabo la\u00a0 entrega de cuatro nuevas pensiones municipales por discapacidad.<\/p>\n<p>Las mismas son otorgadas a personas sin ingreso alguno que han iniciado el tr\u00e1mite de pensi\u00f3n,\u00a0 jubilaci\u00f3n provincial o nacional correspondiente, remarcaron desde el \u00e1rea de discapacidad.<\/p>\n<p>Es una ayuda econ\u00f3mica provisoria de $2000 pesos que permite solventar los gastos que los beneficiarios tienen en diversas cuestiones. Una vez que el vecino comienza a percibir el beneficio previsional la mencionada pensi\u00f3n municipal es dada de baja.<\/p>\n<p>El tr\u00e1mite se da inicio a partir del momento en que el interesado presenta la solicitud en mesa de entrada del municipio, momento en el cual se confecciona el expediente.<\/p>\n<p>\u201cEl proceso de evaluaci\u00f3n y otorgamiento del mismo es realizado en conjunto con la Direcci\u00f3n de Discapacidad y la Secretaria de Desarrollo Social, quienes son los encargados de perpetrar el informe socio econ\u00f3mico, adjuntando certificaci\u00f3n, entre otra documentaci\u00f3n\u201d comentaron.<\/p>\n<p>&nbsp;<\/p>\n<p>Fuente: Prensa Municipal<\/p>\n<p>&nbsp;<\/p>\n","protected":false},"excerpt":{"rendered":"<p>La Comuna contin\u00faa efectuando aportes sociales. D\u00edas atr\u00e1s con la presencia de sus beneficiarios, Juan Ustarroz y la Directora de &#8230; <a title=\"Nuevas pensiones se entregaron desde la Direcci\u00f3n de Discapacidad\" class=\"read-more\" href=\"https:\/\/www.hoymercedes.com.ar\/principal\/2016\/11\/25\/nuevas-pensiones-se-entregaron-desde-la-direccion-de-discapacidad\/\" aria-label=\"Leer m\u00e1s sobre Nuevas pensiones se entregaron desde la Direcci\u00f3n de Discapacidad\">Leer m\u00e1s<\/a><\/p>\n","protected":false},"author":1,"featured_media":57446,"comment_status":"closed","ping_status":"open","sticky":false,"template":"","format":"standard","meta":{"_monsterinsights_skip_tracking":false,"_monsterinsights_sitenote_active":false,"_monsterinsights_sitenote_note":"","_monsterinsights_sitenote_category":0,"jetpack_post_was_ever_published":false,"_jetpack_newsletter_access":"","_jetpack_dont_email_post_to_subs":false,"_jetpack_newsletter_tier_id":0,"_jetpack_memberships_contains_paywalled_content":false,"_jetpack_memberships_contains_paid_content":false,"footnotes":"","jetpack_publicize_message":"","jetpack_publicize_feature_enabled":true,"jetpack_social_post_already_shared":true,"jetpack_social_options":{"image_generator_settings":{"template":"highway","default_image_id":0,"font":"","enabled":false},"version":2},"_wpas_customize_per_network":false},"categories":[30],"tags":[1927,244,9103],"class_list":["post-57445","post","type-post","status-publish","format-standard","has-post-thumbnail","hentry","category-municipio","tag-direccion-de-discapacidad","tag-municipio-2","tag-pensiones","generate-columns","tablet-grid-50","mobile-grid-100","grid-parent","grid-50"],"jetpack_publicize_connections":[],"jetpack_featured_media_url":"https:\/\/www.hoymercedes.com.ar\/principal\/wp-content\/uploads\/2016\/11\/25-discapacitado.jpg","wps_subtitle":"Subsidios pensiones","jetpack_sharing_enabled":true,"_links":{"self":[{"href":"https:\/\/www.hoymercedes.com.ar\/principal\/wp-json\/wp\/v2\/posts\/57445","targetHints":{"allow":["GET"]}}],"collection":[{"href":"https:\/\/www.hoymercedes.com.ar\/principal\/wp-json\/wp\/v2\/posts"}],"about":[{"href":"https:\/\/www.hoymercedes.com.ar\/principal\/wp-json\/wp\/v2\/types\/post"}],"author":[{"embeddable":true,"href":"https:\/\/www.hoymercedes.com.ar\/principal\/wp-json\/wp\/v2\/users\/1"}],"replies":[{"embeddable":true,"href":"https:\/\/www.hoymercedes.com.ar\/principal\/wp-json\/wp\/v2\/comments?post=57445"}],"version-history":[{"count":0,"href":"https:\/\/www.hoymercedes.com.ar\/principal\/wp-json\/wp\/v2\/posts\/57445\/revisions"}],"wp:featuredmedia":[{"embeddable":true,"href":"https:\/\/www.hoymercedes.com.ar\/principal\/wp-json\/wp\/v2\/media\/57446"}],"wp:attachment":[{"href":"https:\/\/www.hoymercedes.com.ar\/principal\/wp-json\/wp\/v2\/media?parent=57445"}],"wp:term":[{"taxonomy":"category","embeddable":true,"href":"https:\/\/www.hoymercedes.com.ar\/principal\/wp-json\/wp\/v2\/categories?post=57445"},{"taxonomy":"post_tag","embeddable":true,"href":"https:\/\/www.hoymercedes.com.ar\/principal\/wp-json\/wp\/v2\/tags?post=57445"}],"curies":[{"name":"wp","href":"https:\/\/api.w.org\/{rel}","templated":true}]}}