{"id":57454,"date":"2016-11-25T16:39:29","date_gmt":"2016-11-25T19:39:29","guid":{"rendered":"http:\/\/www.hoymercedes.com.ar\/principal\/?p=57454"},"modified":"2016-11-25T23:49:33","modified_gmt":"2016-11-26T02:49:33","slug":"la-fundacion-nano-visito-la-unidad-no-5","status":"publish","type":"post","link":"https:\/\/www.hoymercedes.com.ar\/principal\/2016\/11\/25\/la-fundacion-nano-visito-la-unidad-no-5\/","title":{"rendered":"La Fundaci\u00f3n Nano visit\u00f3 la Unidad N\u00ba 5"},"content":{"rendered":"<p>El d\u00eda mi\u00e9rcoles, se realiz\u00f3 un encuentro en la Unidad Penitenciaria N\u00ba 5, entre la Presidenta de la Fundaci\u00f3n\u00a0NANO, Mar\u00eda Casal, dedicada a atender como centro de d\u00eda a personas no videntes,\u00a0 ubicada en la localidad de San Miguel, con los internos que llevan adelante el taller de braille \u201cParte de la Sociedad \u201d que funciona dentro de la Unidad 5 de Mercedes y el corrector de dicho taller, el ciudadano ciego Patricio Defelippe que colabora desde hace 9 meses.<\/p>\n<p>En esta oportunidad, la Presidenta Mar\u00eda Casal se acerco con donaciones de hojas, tablillas nuevas y punzones para que tengan elementos para hacer los trabajos y les pidi\u00f3 que le traduzcan el anuario de la Fundaci\u00f3n.<\/p>\n<p>Por m\u00e1s de dos horas charlaron y comentaban como estaba la situaci\u00f3n de cada uno, ya que con la Fundaci\u00f3n NANO , \u00a0tienen un largo tiempo de colaboraci\u00f3n en conjunto.<\/p>\n<p>El trabajo que realizan los detenidos, consiste en traducir libros al sistema braille, de manera manual y son entregados a lugares que los solicitan o los piden seg\u00fan sus necesidades.<\/p>\n<p>En\u00a0Nano, que lleva el nombre de su fundador el Oftalm\u00f3logo Dr. Nano, atienden a alrededor de 50 adultos y 45 ni\u00f1os, que les realizan estimulaci\u00f3n, contenci\u00f3n y vinculaci\u00f3n familiar, y rehabilitaci\u00f3n al que ve\u00eda y perdi\u00f3 su vista.<\/p>\n<p>Tambi\u00e9n tiene escuelita de f\u00fatbol, y el equipo se llama Estudiantes, cuentan con el permiso del Club Estudiantes de La Plata para llevar su nombre, y les hacen donaciones de indumentaria y elementos deportivos.<\/p>\n<p>Desde la Direcci\u00f3n de la Unidad 5, Adolfo Cers\u00f3simo, destacaron que \u00a0\u00abla visita de la Presidenta de la Fundaci\u00f3n Nano, Maria Casal, es muy bien recibida ya que es muy importante para los internos que participan del Braille, y por todo el crecimiento que tuvo en el presente a\u00f1o el taller, recientemente se otorgo la anilladora por lo que ahora el acabado de los libros es total, y as\u00ed ven que su tarea es valorada y que realmente hacen un aporte para su integraci\u00f3n social\u201d.<\/p>\n<p>&nbsp;<\/p>\n<p>Fuente: Prensa\u00a0Unidad 5<\/p>\n","protected":false},"excerpt":{"rendered":"<p>El d\u00eda mi\u00e9rcoles, se realiz\u00f3 un encuentro en la Unidad Penitenciaria N\u00ba 5, entre la Presidenta de la Fundaci\u00f3n\u00a0NANO, Mar\u00eda &#8230; <a title=\"La Fundaci\u00f3n Nano visit\u00f3 la Unidad N\u00ba 5\" class=\"read-more\" href=\"https:\/\/www.hoymercedes.com.ar\/principal\/2016\/11\/25\/la-fundacion-nano-visito-la-unidad-no-5\/\" aria-label=\"Leer m\u00e1s sobre La Fundaci\u00f3n Nano visit\u00f3 la Unidad N\u00ba 5\">Leer m\u00e1s<\/a><\/p>\n","protected":false},"author":1,"featured_media":57457,"comment_status":"closed","ping_status":"open","sticky":false,"template":"","format":"standard","meta":{"_monsterinsights_skip_tracking":false,"_monsterinsights_sitenote_active":false,"_monsterinsights_sitenote_note":"","_monsterinsights_sitenote_category":0,"jetpack_post_was_ever_published":false,"_jetpack_newsletter_access":"","_jetpack_dont_email_post_to_subs":false,"_jetpack_newsletter_tier_id":0,"_jetpack_memberships_contains_paywalled_content":false,"_jetpack_memberships_contains_paid_content":false,"footnotes":"","jetpack_publicize_message":"","jetpack_publicize_feature_enabled":true,"jetpack_social_post_already_shared":true,"jetpack_social_options":{"image_generator_settings":{"template":"highway","default_image_id":0,"font":"","enabled":false},"version":2},"_wpas_customize_per_network":false},"categories":[8],"tags":[10115,113],"class_list":["post-57454","post","type-post","status-publish","format-standard","has-post-thumbnail","hentry","category-sociedad","tag-taller-de-braille","tag-unidad-5","generate-columns","tablet-grid-50","mobile-grid-100","grid-parent","grid-50"],"jetpack_publicize_connections":[],"jetpack_featured_media_url":"https:\/\/www.hoymercedes.com.ar\/principal\/wp-content\/uploads\/2016\/11\/25-internos-nano.jpg","wps_subtitle":"Para conocer el taller de braile","jetpack_sharing_enabled":true,"_links":{"self":[{"href":"https:\/\/www.hoymercedes.com.ar\/principal\/wp-json\/wp\/v2\/posts\/57454","targetHints":{"allow":["GET"]}}],"collection":[{"href":"https:\/\/www.hoymercedes.com.ar\/principal\/wp-json\/wp\/v2\/posts"}],"about":[{"href":"https:\/\/www.hoymercedes.com.ar\/principal\/wp-json\/wp\/v2\/types\/post"}],"author":[{"embeddable":true,"href":"https:\/\/www.hoymercedes.com.ar\/principal\/wp-json\/wp\/v2\/users\/1"}],"replies":[{"embeddable":true,"href":"https:\/\/www.hoymercedes.com.ar\/principal\/wp-json\/wp\/v2\/comments?post=57454"}],"version-history":[{"count":0,"href":"https:\/\/www.hoymercedes.com.ar\/principal\/wp-json\/wp\/v2\/posts\/57454\/revisions"}],"wp:featuredmedia":[{"embeddable":true,"href":"https:\/\/www.hoymercedes.com.ar\/principal\/wp-json\/wp\/v2\/media\/57457"}],"wp:attachment":[{"href":"https:\/\/www.hoymercedes.com.ar\/principal\/wp-json\/wp\/v2\/media?parent=57454"}],"wp:term":[{"taxonomy":"category","embeddable":true,"href":"https:\/\/www.hoymercedes.com.ar\/principal\/wp-json\/wp\/v2\/categories?post=57454"},{"taxonomy":"post_tag","embeddable":true,"href":"https:\/\/www.hoymercedes.com.ar\/principal\/wp-json\/wp\/v2\/tags?post=57454"}],"curies":[{"name":"wp","href":"https:\/\/api.w.org\/{rel}","templated":true}]}}