{"id":57479,"date":"2016-11-26T15:28:32","date_gmt":"2016-11-26T18:28:32","guid":{"rendered":"http:\/\/www.hoymercedes.com.ar\/principal\/?p=57479"},"modified":"2016-11-27T21:02:14","modified_gmt":"2016-11-28T00:02:14","slug":"comunicaciones-e-internos-de-la-carcel-jugaron-al-futbol","status":"publish","type":"post","link":"https:\/\/www.hoymercedes.com.ar\/principal\/2016\/11\/26\/comunicaciones-e-internos-de-la-carcel-jugaron-al-futbol\/","title":{"rendered":"Comunicaciones e internos de la c\u00e1rcel jugaron al futbol"},"content":{"rendered":"<p><em><strong>Jugadores del Club Comunicaciones pertenecientes a la Primera Divisi\u00f3n y a la Reserva, disputaron un partido de futbol a internos de la c\u00e1rcel local. Los visitantes fueron Santiago Paj\u00f3n, Juli\u00e1n Ag\u00fcero, Nicol\u00e1s Montenegro, Maximiliano Lucero, Joaqu\u00edn Torre y Rolando Mariano.<\/strong><\/em><\/p>\n<p><img loading=\"lazy\" decoding=\"async\" data-attachment-id=\"57480\" data-permalink=\"https:\/\/www.hoymercedes.com.ar\/principal\/2016\/11\/26\/comunicaciones-e-internos-de-la-carcel-jugaron-al-futbol\/26-futbol-unidad\/#main\" data-orig-file=\"https:\/\/www.hoymercedes.com.ar\/principal\/wp-content\/uploads\/2016\/11\/26-futbol-unidad.jpg\" data-orig-size=\"630,354\" data-comments-opened=\"0\" data-image-meta=\"{&quot;aperture&quot;:&quot;0&quot;,&quot;credit&quot;:&quot;&quot;,&quot;camera&quot;:&quot;&quot;,&quot;caption&quot;:&quot;&quot;,&quot;created_timestamp&quot;:&quot;0&quot;,&quot;copyright&quot;:&quot;&quot;,&quot;focal_length&quot;:&quot;0&quot;,&quot;iso&quot;:&quot;0&quot;,&quot;shutter_speed&quot;:&quot;0&quot;,&quot;title&quot;:&quot;&quot;,&quot;orientation&quot;:&quot;0&quot;}\" data-image-title=\"26-futbol-unidad\" data-image-description=\"\" data-image-caption=\"\" data-large-file=\"https:\/\/www.hoymercedes.com.ar\/principal\/wp-content\/uploads\/2016\/11\/26-futbol-unidad.jpg\" class=\"aligncenter size-medium wp-image-57480\" src=\"https:\/\/www.hoymercedes.com.ar\/principal\/wp-content\/uploads\/2016\/11\/26-futbol-unidad-630x354.jpg\" alt=\"26-futbol-unidad\" width=\"630\" height=\"354\" srcset=\"https:\/\/www.hoymercedes.com.ar\/principal\/wp-content\/uploads\/2016\/11\/26-futbol-unidad.jpg 630w, https:\/\/www.hoymercedes.com.ar\/principal\/wp-content\/uploads\/2016\/11\/26-futbol-unidad-150x84.jpg 150w\" sizes=\"auto, (max-width: 630px) 100vw, 630px\" \/><\/p>\n<p>En horas de la tarde, se\u00a0llegaron hasta el penal los jugadores, y luego de las presentaciones y los agradecimientos los j\u00f3venes visitantes empezaron a jugar un partido amistoso de f\u00fatbol, actu\u00f3\u00a0de refer\u00ed\u00a0y planteo las reglas el Profesor de Educaci\u00f3n\u00a0F\u00edsica\u00a0Diego Mole.<\/p>\n<p>La tarde fue muy calurosa y la cancha de la Unidad es muy r\u00e1pida por lo que se organizo en \u00a0dos tiempos de 20 minutos y el resultado anecd\u00f3tico ya que el objetivo principal es la integraci\u00f3n y compartir un buen momento deportivo. Lo destacado fue el clima grato que d\u00f3mino todo el encuentro.<\/p>\n<p>Culminando el partido entre todos los participantes \u00a0compartiendo una gaseosas y algo para comer.<\/p>\n<p>Lo destacable de los jugadores visitantes, es que a pesar de su juventud, todos ellos chicos de 18 y 19 a\u00f1os, piensen en pasar parte de su tiempo con personas privadas de la libertad, como un s\u00edmbolo de acompa\u00f1ar, y colaborar en mejorar la vida de \u00e9stas personas. Un gesto muy bueno de estos j\u00f3venes, para destacar.<\/p>\n<p>&nbsp;<\/p>\n<p>Fuente; Prensa Unidad 5<\/p>\n","protected":false},"excerpt":{"rendered":"<p>Jugadores del Club Comunicaciones pertenecientes a la Primera Divisi\u00f3n y a la Reserva, disputaron un partido de futbol a internos &#8230; <a title=\"Comunicaciones e internos de la c\u00e1rcel jugaron al futbol\" class=\"read-more\" href=\"https:\/\/www.hoymercedes.com.ar\/principal\/2016\/11\/26\/comunicaciones-e-internos-de-la-carcel-jugaron-al-futbol\/\" aria-label=\"Leer m\u00e1s sobre Comunicaciones e internos de la c\u00e1rcel jugaron al futbol\">Leer m\u00e1s<\/a><\/p>\n","protected":false},"author":1,"featured_media":57480,"comment_status":"closed","ping_status":"open","sticky":false,"template":"","format":"standard","meta":{"_monsterinsights_skip_tracking":false,"_monsterinsights_sitenote_active":false,"_monsterinsights_sitenote_note":"","_monsterinsights_sitenote_category":0,"jetpack_post_was_ever_published":false,"_jetpack_newsletter_access":"","_jetpack_dont_email_post_to_subs":false,"_jetpack_newsletter_tier_id":0,"_jetpack_memberships_contains_paywalled_content":false,"_jetpack_memberships_contains_paid_content":false,"footnotes":"","jetpack_publicize_message":"","jetpack_publicize_feature_enabled":true,"jetpack_social_post_already_shared":true,"jetpack_social_options":{"image_generator_settings":{"template":"highway","default_image_id":0,"font":"","enabled":false},"version":2},"_wpas_customize_per_network":false},"categories":[21,8],"tags":[1006,204,1003,113],"class_list":["post-57479","post","type-post","status-publish","format-standard","has-post-thumbnail","hentry","category-deportes","category-sociedad","tag-club-comunicaciones","tag-deportes-2","tag-futbol","tag-unidad-5","generate-columns","tablet-grid-50","mobile-grid-100","grid-parent","grid-50"],"jetpack_publicize_connections":[],"jetpack_featured_media_url":"https:\/\/www.hoymercedes.com.ar\/principal\/wp-content\/uploads\/2016\/11\/26-futbol-unidad.jpg","wps_subtitle":"Actividad deportiva","jetpack_sharing_enabled":true,"_links":{"self":[{"href":"https:\/\/www.hoymercedes.com.ar\/principal\/wp-json\/wp\/v2\/posts\/57479","targetHints":{"allow":["GET"]}}],"collection":[{"href":"https:\/\/www.hoymercedes.com.ar\/principal\/wp-json\/wp\/v2\/posts"}],"about":[{"href":"https:\/\/www.hoymercedes.com.ar\/principal\/wp-json\/wp\/v2\/types\/post"}],"author":[{"embeddable":true,"href":"https:\/\/www.hoymercedes.com.ar\/principal\/wp-json\/wp\/v2\/users\/1"}],"replies":[{"embeddable":true,"href":"https:\/\/www.hoymercedes.com.ar\/principal\/wp-json\/wp\/v2\/comments?post=57479"}],"version-history":[{"count":0,"href":"https:\/\/www.hoymercedes.com.ar\/principal\/wp-json\/wp\/v2\/posts\/57479\/revisions"}],"wp:featuredmedia":[{"embeddable":true,"href":"https:\/\/www.hoymercedes.com.ar\/principal\/wp-json\/wp\/v2\/media\/57480"}],"wp:attachment":[{"href":"https:\/\/www.hoymercedes.com.ar\/principal\/wp-json\/wp\/v2\/media?parent=57479"}],"wp:term":[{"taxonomy":"category","embeddable":true,"href":"https:\/\/www.hoymercedes.com.ar\/principal\/wp-json\/wp\/v2\/categories?post=57479"},{"taxonomy":"post_tag","embeddable":true,"href":"https:\/\/www.hoymercedes.com.ar\/principal\/wp-json\/wp\/v2\/tags?post=57479"}],"curies":[{"name":"wp","href":"https:\/\/api.w.org\/{rel}","templated":true}]}}