{"id":57507,"date":"2016-11-27T21:15:03","date_gmt":"2016-11-28T00:15:03","guid":{"rendered":"http:\/\/www.hoymercedes.com.ar\/principal\/?p=57507"},"modified":"2016-11-28T01:57:37","modified_gmt":"2016-11-28T04:57:37","slug":"incendio-en-16-entre-1-y-3","status":"publish","type":"post","link":"https:\/\/www.hoymercedes.com.ar\/principal\/2016\/11\/27\/incendio-en-16-entre-1-y-3\/","title":{"rendered":"Incendio con p\u00e9rdidas totales en 16 entre 1 y 3"},"content":{"rendered":"<p><img loading=\"lazy\" decoding=\"async\" data-attachment-id=\"57510\" data-permalink=\"https:\/\/www.hoymercedes.com.ar\/principal\/2016\/11\/27\/incendio-en-16-entre-1-y-3\/img-20161127-wa0026-640x360\/#main\" data-orig-file=\"https:\/\/www.hoymercedes.com.ar\/principal\/wp-content\/uploads\/2016\/11\/IMG-20161127-WA0026-640x360.jpg\" data-orig-size=\"640,360\" data-comments-opened=\"0\" data-image-meta=\"{&quot;aperture&quot;:&quot;0&quot;,&quot;credit&quot;:&quot;&quot;,&quot;camera&quot;:&quot;&quot;,&quot;caption&quot;:&quot;&quot;,&quot;created_timestamp&quot;:&quot;0&quot;,&quot;copyright&quot;:&quot;&quot;,&quot;focal_length&quot;:&quot;0&quot;,&quot;iso&quot;:&quot;0&quot;,&quot;shutter_speed&quot;:&quot;0&quot;,&quot;title&quot;:&quot;&quot;,&quot;orientation&quot;:&quot;0&quot;}\" data-image-title=\"img-20161127-wa0026-640&amp;#215;360\" data-image-description=\"\" data-image-caption=\"\" data-large-file=\"https:\/\/www.hoymercedes.com.ar\/principal\/wp-content\/uploads\/2016\/11\/IMG-20161127-WA0026-640x360.jpg\" class=\"aligncenter size-medium wp-image-57510\" src=\"https:\/\/www.hoymercedes.com.ar\/principal\/wp-content\/uploads\/2016\/11\/IMG-20161127-WA0026-640x360-630x354.jpg\" alt=\"img-20161127-wa0026-640x360\" width=\"630\" height=\"354\" srcset=\"https:\/\/www.hoymercedes.com.ar\/principal\/wp-content\/uploads\/2016\/11\/IMG-20161127-WA0026-640x360-630x354.jpg 630w, https:\/\/www.hoymercedes.com.ar\/principal\/wp-content\/uploads\/2016\/11\/IMG-20161127-WA0026-640x360-150x84.jpg 150w, https:\/\/www.hoymercedes.com.ar\/principal\/wp-content\/uploads\/2016\/11\/IMG-20161127-WA0026-640x360.jpg 640w\" sizes=\"auto, (max-width: 630px) 100vw, 630px\" \/><\/p>\n<p>La jornada del domingo despert\u00f3 todas las preocupaciones y alertas cuando se supo de un gran incendio en calle 16 entre 1 y 3 en una vivienda cuyo \u00fanico habitante es una mujer mayor de edad. Los bomberos intervinieron, sin embargo, las p\u00e9rdidas fueron casi totales. Lo importante: no hubo que lamentar v\u00edctimas.<\/p>\n<p>El hecho r\u00e1pidamente convoc\u00f3 a los vecinos que empezaron a llamar a los bomberos y las fuerzas de seguridad para dar el marco adecuado al lugar.<\/p>\n<p>Seg\u00fan se supo, extra oficialmente, el fuego se inicia con una vela que la mujer mayor encendi\u00f3 para recordar a su marido fallecido hace algunos meses.<\/p>\n<p>Tras los hechos personal del municipio se acerc\u00f3 a la vivienda, incluida la Secretaria de Desarrollo Social, Jorgelina Silva, con el objetivo de brindar asistencia. Fueron varias las \u00e1reas municipales que expresaron su preocupaci\u00f3n.<\/p>\n<p>Del incendio qued\u00f3 un panorama desolador, quedando como destacado que la vecina de nuestra ciudad no sufri\u00f3 consecuencias.<\/p>\n<figure id=\"attachment_57525\" aria-describedby=\"caption-attachment-57525\" style=\"width: 610px\" class=\"wp-caption aligncenter\"><img loading=\"lazy\" decoding=\"async\" data-attachment-id=\"57525\" data-permalink=\"https:\/\/www.hoymercedes.com.ar\/principal\/2016\/11\/27\/incendio-en-16-entre-1-y-3\/incendio-27112016-a\/#main\" data-orig-file=\"https:\/\/www.hoymercedes.com.ar\/principal\/wp-content\/uploads\/2016\/11\/incendio-27112016-a.jpg\" data-orig-size=\"620,412\" data-comments-opened=\"0\" data-image-meta=\"{&quot;aperture&quot;:&quot;0&quot;,&quot;credit&quot;:&quot;&quot;,&quot;camera&quot;:&quot;&quot;,&quot;caption&quot;:&quot;&quot;,&quot;created_timestamp&quot;:&quot;0&quot;,&quot;copyright&quot;:&quot;&quot;,&quot;focal_length&quot;:&quot;0&quot;,&quot;iso&quot;:&quot;0&quot;,&quot;shutter_speed&quot;:&quot;0&quot;,&quot;title&quot;:&quot;&quot;,&quot;orientation&quot;:&quot;0&quot;}\" data-image-title=\"incendio-27112016-a\" data-image-description=\"\" data-image-caption=\"\" data-large-file=\"https:\/\/www.hoymercedes.com.ar\/principal\/wp-content\/uploads\/2016\/11\/incendio-27112016-a.jpg\" class=\"wp-image-57525 size-full\" src=\"https:\/\/www.hoymercedes.com.ar\/principal\/wp-content\/uploads\/2016\/11\/incendio-27112016-a.jpg\" alt=\"incendio-27112016-a\" width=\"620\" height=\"412\" srcset=\"https:\/\/www.hoymercedes.com.ar\/principal\/wp-content\/uploads\/2016\/11\/incendio-27112016-a.jpg 620w, https:\/\/www.hoymercedes.com.ar\/principal\/wp-content\/uploads\/2016\/11\/incendio-27112016-a-150x100.jpg 150w, https:\/\/www.hoymercedes.com.ar\/principal\/wp-content\/uploads\/2016\/11\/incendio-27112016-a-300x200.jpg 300w\" sizes=\"auto, (max-width: 620px) 100vw, 620px\" \/><figcaption id=\"caption-attachment-57525\" class=\"wp-caption-text\">Foto: Mario Moreira<\/figcaption><\/figure>\n<figure id=\"attachment_57526\" aria-describedby=\"caption-attachment-57526\" style=\"width: 620px\" class=\"wp-caption aligncenter\"><img loading=\"lazy\" decoding=\"async\" data-attachment-id=\"57526\" data-permalink=\"https:\/\/www.hoymercedes.com.ar\/principal\/2016\/11\/27\/incendio-en-16-entre-1-y-3\/incendio-27112016-b\/#main\" data-orig-file=\"https:\/\/www.hoymercedes.com.ar\/principal\/wp-content\/uploads\/2016\/11\/incendio-27112016-b.jpg\" data-orig-size=\"630,418\" data-comments-opened=\"0\" data-image-meta=\"{&quot;aperture&quot;:&quot;0&quot;,&quot;credit&quot;:&quot;&quot;,&quot;camera&quot;:&quot;&quot;,&quot;caption&quot;:&quot;&quot;,&quot;created_timestamp&quot;:&quot;0&quot;,&quot;copyright&quot;:&quot;&quot;,&quot;focal_length&quot;:&quot;0&quot;,&quot;iso&quot;:&quot;0&quot;,&quot;shutter_speed&quot;:&quot;0&quot;,&quot;title&quot;:&quot;&quot;,&quot;orientation&quot;:&quot;0&quot;}\" data-image-title=\"incendio-27112016-b\" data-image-description=\"\" data-image-caption=\"\" data-large-file=\"https:\/\/www.hoymercedes.com.ar\/principal\/wp-content\/uploads\/2016\/11\/incendio-27112016-b.jpg\" class=\"wp-image-57526 size-medium\" src=\"https:\/\/www.hoymercedes.com.ar\/principal\/wp-content\/uploads\/2016\/11\/incendio-27112016-b-630x418.jpg\" alt=\"incendio-27112016-b\" width=\"630\" height=\"418\" srcset=\"https:\/\/www.hoymercedes.com.ar\/principal\/wp-content\/uploads\/2016\/11\/incendio-27112016-b.jpg 630w, https:\/\/www.hoymercedes.com.ar\/principal\/wp-content\/uploads\/2016\/11\/incendio-27112016-b-150x100.jpg 150w, https:\/\/www.hoymercedes.com.ar\/principal\/wp-content\/uploads\/2016\/11\/incendio-27112016-b-300x200.jpg 300w\" sizes=\"auto, (max-width: 630px) 100vw, 630px\" \/><figcaption id=\"caption-attachment-57526\" class=\"wp-caption-text\">Foto: Mario Moreira<\/figcaption><\/figure>\n<figure id=\"attachment_57527\" aria-describedby=\"caption-attachment-57527\" style=\"width: 620px\" class=\"wp-caption aligncenter\"><img loading=\"lazy\" decoding=\"async\" data-attachment-id=\"57527\" data-permalink=\"https:\/\/www.hoymercedes.com.ar\/principal\/2016\/11\/27\/incendio-en-16-entre-1-y-3\/incendio-27112016-c\/#main\" data-orig-file=\"https:\/\/www.hoymercedes.com.ar\/principal\/wp-content\/uploads\/2016\/11\/incendio-27112016-c.jpg\" data-orig-size=\"630,418\" data-comments-opened=\"0\" data-image-meta=\"{&quot;aperture&quot;:&quot;0&quot;,&quot;credit&quot;:&quot;&quot;,&quot;camera&quot;:&quot;&quot;,&quot;caption&quot;:&quot;&quot;,&quot;created_timestamp&quot;:&quot;0&quot;,&quot;copyright&quot;:&quot;&quot;,&quot;focal_length&quot;:&quot;0&quot;,&quot;iso&quot;:&quot;0&quot;,&quot;shutter_speed&quot;:&quot;0&quot;,&quot;title&quot;:&quot;&quot;,&quot;orientation&quot;:&quot;0&quot;}\" data-image-title=\"incendio-27112016-c\" data-image-description=\"\" data-image-caption=\"\" data-large-file=\"https:\/\/www.hoymercedes.com.ar\/principal\/wp-content\/uploads\/2016\/11\/incendio-27112016-c.jpg\" class=\"wp-image-57527 size-medium\" src=\"https:\/\/www.hoymercedes.com.ar\/principal\/wp-content\/uploads\/2016\/11\/incendio-27112016-c-630x418.jpg\" alt=\"incendio-27112016-c\" width=\"630\" height=\"418\" srcset=\"https:\/\/www.hoymercedes.com.ar\/principal\/wp-content\/uploads\/2016\/11\/incendio-27112016-c.jpg 630w, https:\/\/www.hoymercedes.com.ar\/principal\/wp-content\/uploads\/2016\/11\/incendio-27112016-c-150x100.jpg 150w, https:\/\/www.hoymercedes.com.ar\/principal\/wp-content\/uploads\/2016\/11\/incendio-27112016-c-300x200.jpg 300w\" sizes=\"auto, (max-width: 630px) 100vw, 630px\" \/><figcaption id=\"caption-attachment-57527\" class=\"wp-caption-text\">Foto: Mario Moreira<\/figcaption><\/figure>\n<p>&nbsp;<\/p>\n<p><span class=\"embed-youtube\" style=\"text-align:center; display: block;\"><iframe loading=\"lazy\" class=\"youtube-player\" width=\"1200\" height=\"675\" src=\"https:\/\/www.youtube.com\/embed\/nyFrTad6vyA?version=3&#038;rel=1&#038;showsearch=0&#038;showinfo=1&#038;iv_load_policy=1&#038;fs=1&#038;hl=es-ES&#038;autohide=2&#038;wmode=transparent\" allowfullscreen=\"true\" style=\"border:0;\" sandbox=\"allow-scripts allow-same-origin allow-popups allow-presentation allow-popups-to-escape-sandbox\"><\/iframe><\/span><\/p>\n","protected":false},"excerpt":{"rendered":"<p>La jornada del domingo despert\u00f3 todas las preocupaciones y alertas cuando se supo de un gran incendio en calle 16 &#8230; <a title=\"Incendio con p\u00e9rdidas totales en 16 entre 1 y 3\" class=\"read-more\" href=\"https:\/\/www.hoymercedes.com.ar\/principal\/2016\/11\/27\/incendio-en-16-entre-1-y-3\/\" aria-label=\"Leer m\u00e1s sobre Incendio con p\u00e9rdidas totales en 16 entre 1 y 3\">Leer m\u00e1s<\/a><\/p>\n","protected":false},"author":1,"featured_media":57510,"comment_status":"closed","ping_status":"open","sticky":false,"template":"","format":"standard","meta":{"_monsterinsights_skip_tracking":false,"_monsterinsights_sitenote_active":false,"_monsterinsights_sitenote_note":"","_monsterinsights_sitenote_category":0,"jetpack_post_was_ever_published":false,"_jetpack_newsletter_access":"","_jetpack_dont_email_post_to_subs":false,"_jetpack_newsletter_tier_id":0,"_jetpack_memberships_contains_paywalled_content":false,"_jetpack_memberships_contains_paid_content":false,"footnotes":"","jetpack_publicize_message":"","jetpack_publicize_feature_enabled":true,"jetpack_social_post_already_shared":true,"jetpack_social_options":{"image_generator_settings":{"template":"highway","default_image_id":0,"font":"","enabled":false},"version":2},"_wpas_customize_per_network":false},"categories":[85],"tags":[10270,10271,286],"class_list":["post-57507","post","type-post","status-publish","format-standard","has-post-thumbnail","hentry","category-policial","tag-foto-mario-moreira","tag-grave-incendio","tag-incendio","generate-columns","tablet-grid-50","mobile-grid-100","grid-parent","grid-50"],"jetpack_publicize_connections":[],"jetpack_featured_media_url":"https:\/\/www.hoymercedes.com.ar\/principal\/wp-content\/uploads\/2016\/11\/IMG-20161127-WA0026-640x360.jpg","wps_subtitle":"En la noche del domingo","jetpack_sharing_enabled":true,"_links":{"self":[{"href":"https:\/\/www.hoymercedes.com.ar\/principal\/wp-json\/wp\/v2\/posts\/57507","targetHints":{"allow":["GET"]}}],"collection":[{"href":"https:\/\/www.hoymercedes.com.ar\/principal\/wp-json\/wp\/v2\/posts"}],"about":[{"href":"https:\/\/www.hoymercedes.com.ar\/principal\/wp-json\/wp\/v2\/types\/post"}],"author":[{"embeddable":true,"href":"https:\/\/www.hoymercedes.com.ar\/principal\/wp-json\/wp\/v2\/users\/1"}],"replies":[{"embeddable":true,"href":"https:\/\/www.hoymercedes.com.ar\/principal\/wp-json\/wp\/v2\/comments?post=57507"}],"version-history":[{"count":0,"href":"https:\/\/www.hoymercedes.com.ar\/principal\/wp-json\/wp\/v2\/posts\/57507\/revisions"}],"wp:featuredmedia":[{"embeddable":true,"href":"https:\/\/www.hoymercedes.com.ar\/principal\/wp-json\/wp\/v2\/media\/57510"}],"wp:attachment":[{"href":"https:\/\/www.hoymercedes.com.ar\/principal\/wp-json\/wp\/v2\/media?parent=57507"}],"wp:term":[{"taxonomy":"category","embeddable":true,"href":"https:\/\/www.hoymercedes.com.ar\/principal\/wp-json\/wp\/v2\/categories?post=57507"},{"taxonomy":"post_tag","embeddable":true,"href":"https:\/\/www.hoymercedes.com.ar\/principal\/wp-json\/wp\/v2\/tags?post=57507"}],"curies":[{"name":"wp","href":"https:\/\/api.w.org\/{rel}","templated":true}]}}