{"id":57540,"date":"2016-11-29T15:42:00","date_gmt":"2016-11-29T18:42:00","guid":{"rendered":"http:\/\/www.hoymercedes.com.ar\/principal\/?p=57540"},"modified":"2016-11-29T09:48:08","modified_gmt":"2016-11-29T12:48:08","slug":"pasiones-en-la-pintura-y-la-fotografia","status":"publish","type":"post","link":"https:\/\/www.hoymercedes.com.ar\/principal\/2016\/11\/29\/pasiones-en-la-pintura-y-la-fotografia\/","title":{"rendered":"Pasiones en la Pintura y la Fotograf\u00eda"},"content":{"rendered":"<p>La pintura y la fotograf\u00eda se vuelven a unir en una muestra colectiva en donde artistas mercedinos e invitados se dar\u00e1n cita para presentar sus trabajos.<\/p>\n<p>\u00abPasiones\u00bb es una muestra en donde la pintura y la fotograf\u00eda se har\u00e1n presentes, y en donde los relatos y la m\u00fasica no faltar\u00e1n el d\u00eda de la inauguraci\u00f3n.<\/p>\n<p>El venidero domingo\u00a04 de diciembre, a parte de la hora 20, abrir\u00e1 la muestra \u00abPasiones\u00bb en el Sal\u00f3n del Consejo Profesional de Ciencias Econ\u00f3micas (26 entre 27 y 29 &#8211; Mercedes Bs. As.).<\/p>\n<p>Exponen:\u00a0Florencia Mallo de Mercedes con sus Pinturas;\u00a0Virginia Cirino de Castelar con m\u00e1s Pinturas;\u00a0AGPR Fotos de Mercedes con sus Fotograf\u00edas; al igual que\u00a0Claudio Kajtek Pietrzykowski y Alberto Brunetti.<\/p>\n<p>El d\u00eda de la inaguraci\u00f3n habr\u00e1 relatos de la mano de Gabriela Bourdieu y m\u00fasica en vivo con Sebasti\u00e1n Cirillo.<\/p>\n<p>La entrada es libre y gratuita.<\/p>\n<p><img loading=\"lazy\" decoding=\"async\" data-attachment-id=\"57541\" data-permalink=\"https:\/\/www.hoymercedes.com.ar\/principal\/2016\/11\/29\/pasiones-en-la-pintura-y-la-fotografia\/29-pasiones\/#main\" data-orig-file=\"https:\/\/www.hoymercedes.com.ar\/principal\/wp-content\/uploads\/2016\/11\/29-pasiones.jpg\" data-orig-size=\"630,233\" data-comments-opened=\"0\" data-image-meta=\"{&quot;aperture&quot;:&quot;0&quot;,&quot;credit&quot;:&quot;&quot;,&quot;camera&quot;:&quot;&quot;,&quot;caption&quot;:&quot;&quot;,&quot;created_timestamp&quot;:&quot;0&quot;,&quot;copyright&quot;:&quot;&quot;,&quot;focal_length&quot;:&quot;0&quot;,&quot;iso&quot;:&quot;0&quot;,&quot;shutter_speed&quot;:&quot;0&quot;,&quot;title&quot;:&quot;&quot;,&quot;orientation&quot;:&quot;0&quot;}\" data-image-title=\"29-pasiones\" data-image-description=\"\" data-image-caption=\"\" data-large-file=\"https:\/\/www.hoymercedes.com.ar\/principal\/wp-content\/uploads\/2016\/11\/29-pasiones.jpg\" class=\"aligncenter size-medium wp-image-57541\" src=\"https:\/\/www.hoymercedes.com.ar\/principal\/wp-content\/uploads\/2016\/11\/29-pasiones-630x233.jpg\" alt=\"29-pasiones\" width=\"630\" height=\"233\" srcset=\"https:\/\/www.hoymercedes.com.ar\/principal\/wp-content\/uploads\/2016\/11\/29-pasiones.jpg 630w, https:\/\/www.hoymercedes.com.ar\/principal\/wp-content\/uploads\/2016\/11\/29-pasiones-150x55.jpg 150w\" sizes=\"auto, (max-width: 630px) 100vw, 630px\" \/><\/p>\n","protected":false},"excerpt":{"rendered":"<p>La pintura y la fotograf\u00eda se vuelven a unir en una muestra colectiva en donde artistas mercedinos e invitados se &#8230; <a title=\"Pasiones en la Pintura y la Fotograf\u00eda\" class=\"read-more\" href=\"https:\/\/www.hoymercedes.com.ar\/principal\/2016\/11\/29\/pasiones-en-la-pintura-y-la-fotografia\/\" aria-label=\"Leer m\u00e1s sobre Pasiones en la Pintura y la Fotograf\u00eda\">Leer m\u00e1s<\/a><\/p>\n","protected":false},"author":1,"featured_media":57541,"comment_status":"closed","ping_status":"open","sticky":false,"template":"","format":"standard","meta":{"_monsterinsights_skip_tracking":false,"_monsterinsights_sitenote_active":false,"_monsterinsights_sitenote_note":"","_monsterinsights_sitenote_category":0,"jetpack_post_was_ever_published":false,"_jetpack_newsletter_access":"","_jetpack_dont_email_post_to_subs":false,"_jetpack_newsletter_tier_id":0,"_jetpack_memberships_contains_paywalled_content":false,"_jetpack_memberships_contains_paid_content":false,"footnotes":"","jetpack_publicize_message":"","jetpack_publicize_feature_enabled":true,"jetpack_social_post_already_shared":true,"jetpack_social_options":{"image_generator_settings":{"template":"highway","default_image_id":0,"font":"","enabled":false},"version":2},"_wpas_customize_per_network":false},"categories":[104],"tags":[10273,7805,8679,10272,9056],"class_list":["post-57540","post","type-post","status-publish","format-standard","has-post-thumbnail","hentry","category-cultura","tag-ciencias-economicas","tag-cultura","tag-fotografias","tag-pasiones","tag-pintura","generate-columns","tablet-grid-50","mobile-grid-100","grid-parent","grid-50"],"jetpack_publicize_connections":[],"jetpack_featured_media_url":"https:\/\/www.hoymercedes.com.ar\/principal\/wp-content\/uploads\/2016\/11\/29-pasiones.jpg","wps_subtitle":"Muestra cultura","jetpack_sharing_enabled":true,"_links":{"self":[{"href":"https:\/\/www.hoymercedes.com.ar\/principal\/wp-json\/wp\/v2\/posts\/57540","targetHints":{"allow":["GET"]}}],"collection":[{"href":"https:\/\/www.hoymercedes.com.ar\/principal\/wp-json\/wp\/v2\/posts"}],"about":[{"href":"https:\/\/www.hoymercedes.com.ar\/principal\/wp-json\/wp\/v2\/types\/post"}],"author":[{"embeddable":true,"href":"https:\/\/www.hoymercedes.com.ar\/principal\/wp-json\/wp\/v2\/users\/1"}],"replies":[{"embeddable":true,"href":"https:\/\/www.hoymercedes.com.ar\/principal\/wp-json\/wp\/v2\/comments?post=57540"}],"version-history":[{"count":0,"href":"https:\/\/www.hoymercedes.com.ar\/principal\/wp-json\/wp\/v2\/posts\/57540\/revisions"}],"wp:featuredmedia":[{"embeddable":true,"href":"https:\/\/www.hoymercedes.com.ar\/principal\/wp-json\/wp\/v2\/media\/57541"}],"wp:attachment":[{"href":"https:\/\/www.hoymercedes.com.ar\/principal\/wp-json\/wp\/v2\/media?parent=57540"}],"wp:term":[{"taxonomy":"category","embeddable":true,"href":"https:\/\/www.hoymercedes.com.ar\/principal\/wp-json\/wp\/v2\/categories?post=57540"},{"taxonomy":"post_tag","embeddable":true,"href":"https:\/\/www.hoymercedes.com.ar\/principal\/wp-json\/wp\/v2\/tags?post=57540"}],"curies":[{"name":"wp","href":"https:\/\/api.w.org\/{rel}","templated":true}]}}