{"id":57553,"date":"2016-11-29T08:21:53","date_gmt":"2016-11-29T11:21:53","guid":{"rendered":"http:\/\/www.hoymercedes.com.ar\/principal\/?p=57553"},"modified":"2016-11-29T09:31:37","modified_gmt":"2016-11-29T12:31:37","slug":"realizaron-operativo-de-control-y-seguridad-recuperando-motos-robadas","status":"publish","type":"post","link":"https:\/\/www.hoymercedes.com.ar\/principal\/2016\/11\/29\/realizaron-operativo-de-control-y-seguridad-recuperando-motos-robadas\/","title":{"rendered":"Realizaron operativo de control y seguridad recuperando motos robadas"},"content":{"rendered":"<p>Por Prensa Municipal \u00a0\/ Una vez m\u00e1s los vecinos fueron testigos del accionar decidido de la Polic\u00eda Comunal en pos de controlar el espacio p\u00fablico. En esta ocasi\u00f3n un nuevo y extenso operativo de control de seguridad, vehicular y contra las picadas clandestinas se llev\u00f3 a cabo durante la madrugada del s\u00e1bado en forma sorpresiva.<\/p>\n<p>Fue el accionar totalmente eficiente al punto de secuestras 10 motos, algunas de ellas con pedido de secuestro por ser robadas.<br \/>\nTiempo atr\u00e1s conoc\u00edamos que desde \u00e9stos operativos se hab\u00eda logrado desarticular un grupo de organizaci\u00f3n de picadas clandestinas sobre la cual adem\u00e1s le efectuaron el secuestro de los ciclomotores a uno de sus principales convocantes. Ahora la novedad es que se recuperaron motocicletas robadas.<\/p>\n<p>La Polic\u00eda Comunal llev\u00f3 a cabo un fuerte operativo, desde las 20 hasta las 3 de la ma\u00f1anas donde el resultado fue positivo.<\/p>\n<p>Cuando muchos esperaban que las acciones en el este tipo sean espor\u00e1dicas la Polic\u00eda mostr\u00f3 una continuidad que sigue generando el efecto deseado: control y prevenci\u00f3n. Seguridad para los vecinos y tranquilidad para poder circular.<\/p>\n<p>\u201cComo sabemos son pr\u00e1cticas dif\u00edciles de erradicar y es por ello que debemos pensar a largo plazo, con continuidad de los operativos\u201d, mencionaron fuentes oficiales.<\/p>\n<p>Por su parte, al ser consultada, la Secretaria de Control Urbano, Josefina Kelly, coment\u00f3 que: \u201cse necesita \u00e9ste tipo de trabajos para poder erradicar una pr\u00e1ctica peligrosa\u201d en relaci\u00f3n a las picadas y la necesidad de mostrar acci\u00f3n concreta sobre el robo de ciclomotores.<br \/>\nLa medida de seguridad permiti\u00f3 se secuestraran 10 motocicletas, dos de ellas con pedido de captura siendo una recientemente robada.<\/p>\n<p>Una de las recuperadas permiti\u00f3 el esclarecimiento de un robo cuyo delito es \u201cencubrimiento\u201d siendo \u201cesclarecido\u201d un hecho que se padeci\u00f3 el pasado 24 de noviembre, es decir, hac\u00eda casi dos d\u00edas.<\/p>\n<p>El dato que sobresale es que el detenido es un menor de edad, de tan s\u00f3lo 13 a\u00f1os de edad.<\/p>\n<p>L\u00f3gicamente intervino la Polic\u00eda Comunal y qued\u00f3 radicado el caso en Juzgado N\u00b08 a cardo de la Dra Yanina Colicchio dado que se trata de un menor de edad\u00a0Fue, la detenci\u00f3n y recuperaci\u00f3n, en calle 29 y 16, siendo una moto Corven 110.<\/p>\n<p>&nbsp;<\/p>\n","protected":false},"excerpt":{"rendered":"<p>Por Prensa Municipal \u00a0\/ Una vez m\u00e1s los vecinos fueron testigos del accionar decidido de la Polic\u00eda Comunal en pos &#8230; <a title=\"Realizaron operativo de control y seguridad recuperando motos robadas\" class=\"read-more\" href=\"https:\/\/www.hoymercedes.com.ar\/principal\/2016\/11\/29\/realizaron-operativo-de-control-y-seguridad-recuperando-motos-robadas\/\" aria-label=\"Leer m\u00e1s sobre Realizaron operativo de control y seguridad recuperando motos robadas\">Leer m\u00e1s<\/a><\/p>\n","protected":false},"author":1,"featured_media":28805,"comment_status":"closed","ping_status":"open","sticky":false,"template":"","format":"standard","meta":{"_monsterinsights_skip_tracking":false,"_monsterinsights_sitenote_active":false,"_monsterinsights_sitenote_note":"","_monsterinsights_sitenote_category":0,"jetpack_post_was_ever_published":false,"_jetpack_newsletter_access":"","_jetpack_dont_email_post_to_subs":false,"_jetpack_newsletter_tier_id":0,"_jetpack_memberships_contains_paywalled_content":false,"_jetpack_memberships_contains_paid_content":false,"footnotes":"","jetpack_publicize_message":"","jetpack_publicize_feature_enabled":true,"jetpack_social_post_already_shared":true,"jetpack_social_options":{"image_generator_settings":{"template":"highway","default_image_id":0,"font":"","enabled":false},"version":2},"_wpas_customize_per_network":false},"categories":[85],"tags":[],"class_list":["post-57553","post","type-post","status-publish","format-standard","has-post-thumbnail","hentry","category-policial","generate-columns","tablet-grid-50","mobile-grid-100","grid-parent","grid-50"],"jetpack_publicize_connections":[],"jetpack_featured_media_url":"https:\/\/www.hoymercedes.com.ar\/principal\/wp-content\/uploads\/2013\/12\/policiabonaerense.jpeg","wps_subtitle":"Seguridad","jetpack_sharing_enabled":true,"_links":{"self":[{"href":"https:\/\/www.hoymercedes.com.ar\/principal\/wp-json\/wp\/v2\/posts\/57553","targetHints":{"allow":["GET"]}}],"collection":[{"href":"https:\/\/www.hoymercedes.com.ar\/principal\/wp-json\/wp\/v2\/posts"}],"about":[{"href":"https:\/\/www.hoymercedes.com.ar\/principal\/wp-json\/wp\/v2\/types\/post"}],"author":[{"embeddable":true,"href":"https:\/\/www.hoymercedes.com.ar\/principal\/wp-json\/wp\/v2\/users\/1"}],"replies":[{"embeddable":true,"href":"https:\/\/www.hoymercedes.com.ar\/principal\/wp-json\/wp\/v2\/comments?post=57553"}],"version-history":[{"count":0,"href":"https:\/\/www.hoymercedes.com.ar\/principal\/wp-json\/wp\/v2\/posts\/57553\/revisions"}],"wp:featuredmedia":[{"embeddable":true,"href":"https:\/\/www.hoymercedes.com.ar\/principal\/wp-json\/wp\/v2\/media\/28805"}],"wp:attachment":[{"href":"https:\/\/www.hoymercedes.com.ar\/principal\/wp-json\/wp\/v2\/media?parent=57553"}],"wp:term":[{"taxonomy":"category","embeddable":true,"href":"https:\/\/www.hoymercedes.com.ar\/principal\/wp-json\/wp\/v2\/categories?post=57553"},{"taxonomy":"post_tag","embeddable":true,"href":"https:\/\/www.hoymercedes.com.ar\/principal\/wp-json\/wp\/v2\/tags?post=57553"}],"curies":[{"name":"wp","href":"https:\/\/api.w.org\/{rel}","templated":true}]}}